{"id":291812,"date":"2017-07-09T10:31:56","date_gmt":"2017-07-09T14:31:56","guid":{"rendered":"http:\/\/primermomento.com\/?p=291812"},"modified":"2017-07-09T10:31:56","modified_gmt":"2017-07-09T14:31:56","slug":"lider-opositor-leopoldo-lopez-ya-esta-en-su-casa-bajo-arresto-domiciliario","status":"publish","type":"post","link":"https:\/\/primermomento.com\/?p=291812","title":{"rendered":"L\u00edder opositor Leopoldo L\u00f3pez ya est\u00e1 en su casa bajo arresto domiciliario"},"content":{"rendered":"<p>CARACAS, Venezuela.- El l\u00edder opositor venezolano, Leopoldo L\u00f3pez, sali\u00f3 de la c\u00e1rcel la madrugada del s\u00e1bado y ha pasado a condici\u00f3n de arresto domiciliario \u00abpor problemas de salud\u00bb, seg\u00fan confirm\u00f3 el Tribunal Supremo de Justicia (TSJ).<\/p>\n<figure id=\"attachment_291813\" aria-describedby=\"caption-attachment-291813\" style=\"width: 300px\" class=\"wp-caption alignleft\"><img loading=\"lazy\" decoding=\"async\" class=\"size-medium wp-image-291813\" src=\"http:\/\/primermomento.com\/wp-content\/uploads\/2017\/07\/Leopoldo-Lopez-300x169.jpg\" alt=\"\" width=\"300\" height=\"169\" srcset=\"https:\/\/primermomento.com\/wp-content\/uploads\/2017\/07\/Leopoldo-Lopez-300x169.jpg 300w, https:\/\/primermomento.com\/wp-content\/uploads\/2017\/07\/Leopoldo-Lopez-768x432.jpg 768w, https:\/\/primermomento.com\/wp-content\/uploads\/2017\/07\/Leopoldo-Lopez-478x270.jpg 478w, https:\/\/primermomento.com\/wp-content\/uploads\/2017\/07\/Leopoldo-Lopez-500x281.jpg 500w, https:\/\/primermomento.com\/wp-content\/uploads\/2017\/07\/Leopoldo-Lopez-280x157.jpg 280w, https:\/\/primermomento.com\/wp-content\/uploads\/2017\/07\/Leopoldo-Lopez-638x359.jpg 638w, https:\/\/primermomento.com\/wp-content\/uploads\/2017\/07\/Leopoldo-Lopez-118x66.jpg 118w, https:\/\/primermomento.com\/wp-content\/uploads\/2017\/07\/Leopoldo-Lopez-479x269.jpg 479w, https:\/\/primermomento.com\/wp-content\/uploads\/2017\/07\/Leopoldo-Lopez.jpg 1023w\" sizes=\"auto, (max-width: 300px) 100vw, 300px\" \/><figcaption id=\"caption-attachment-291813\" class=\"wp-caption-text\">Leopoldo L\u00f3pez saluda a sus seguidores que lo viraron frente a su casa, donde permanece ahora bajo arresto domiciliario.<\/figcaption><\/figure>\n<p>La primera foto de L\u00f3pez en su casa de Caracas fue publicada en las redes sociales aunque no estaba claro qui\u00e9n la hab\u00eda tomado. En ella aparece abrazando a sus hijos Manuela Rafaela y Leopoldo Santiago.<\/p>\n<p>Su padre, Leopoldo L\u00f3pez Gil, dijo a un medio radial en Espa\u00f1a, donde ahora reside, que a su hijo \u00able colocaron un brazalete electr\u00f3nico\u00bb.<\/p>\n<p>\u00abHe podido hablar con \u00e9l v\u00eda telef\u00f3nica por m\u00e1s de 40 minutos\u201d, expres\u00f3 L\u00f3pez Gil.<\/p>\n<p>El TSJ se limit\u00f3 a decir en su cuenta de Twitter que \u00abcon ponencia del Magistrado Maikel Moreno, Sala Penal del TSJ otorga casa por c\u00e1rcel a Leopoldo L\u00f3pez por problemas de salud\u00bb.<\/p>\n<p>La escueta nota de prensa del TSJ deja entrever que la decisi\u00f3n responde tambi\u00e9n a \u00abserios se\u00f1alamientos de irregularidades sobre la distribuci\u00f3n del expediente a un Tribunal de Ejecuci\u00f3n\u00bb.<\/p>\n<p>En todo caso, las medidas sustitutivas para L\u00f3pez fueron tomadas como buenas noticias por la oposici\u00f3n. \u201cLeopoldo con medida sustitutiva de arresto domiciliario. Debe ser un avance hacia la libertad plena\u201d, celebr\u00f3 el diputado Henry Ramos Allup en su cuenta de Twitter.<\/p>\n<p>\u00abLa salida de la c\u00e1rcel de Leopoldo fortalece su liderazgo&#8230; Sin precio por parte de Leo\u00bb, escribi\u00f3 Javier Cremades, abogado espa\u00f1ol de L\u00f3pez.<\/p>\n<p>El fundador del partido Voluntad Popular ten\u00eda tres a\u00f1os de estar confinado a la prisi\u00f3n militar de Ramo Verde, acusado de incitar a la violencia durante una ola de protestas similar a la actual, en 2014.<\/p>\n<p>Hace dos semanas, su esposa Lilian Tintori, divulg\u00f3 un cort\u00f3 video captado cerca de la c\u00e1rcel de Ramo Verde en el que L\u00f3pez parece gritarle \u00ab\u00a1Me est\u00e1n torturando! \u00a1Denuncien!\u00bb. Su grito de desesperaci\u00f3n hab\u00eda dejado desde entonces en zozobra a familiares y amigos.<\/p>\n<p>El padre de L\u00f3pez dijo que el l\u00edder opositor hab\u00eda estado aislado en d\u00edas recientes a una celda en solitario, sin luz y sin alimentos, y que su transferencia es debida a la \u00abconsiderable presi\u00f3n internacional\u00bb sobre el r\u00e9gimen de Maduro.<\/p>\n<p>La nueva medida \u2014que en Venezuela se conoce como \u00abcasa por c\u00e1rcel\u00bb\u2014 coincide con tres meses de intensas protestas contra el r\u00e9gimen de Nicol\u00e1s Maduro en las que han muerto por lo menos 89 personas.<\/p>\n<p>Gobiernos de todo el mundo, la ONU y defensores de los derechos humanos han criticado la detenci\u00f3n de L\u00f3pez, que consideran como pol\u00edticamente motivada. Un fiscal venezolano del caso que luego busc\u00f3 asilo en Estados Unidos, dijo que se le orden\u00f3 arrestar a L\u00f3pez a pesar de la falta de evidencia.<\/p>\n<p>En febrero, la esposa de L\u00f3pez, Lilian Tintori, fue recibida en la Casa Blanca por el presidente Donald Trump, quien luego tuite\u00f3 una foto del encuentro en la Oficina Oval y pidi\u00f3 la \u00abinmediata\u00bb liberaci\u00f3n del l\u00edder opositor.<\/p>\n<p>En las afueras de la casa de L\u00f3pez en Caracas, decenas de personas celebraban el s\u00e1bado la liberaci\u00f3n de L\u00f3pez mientras los periodistas trataban de obtener m\u00e1s informaci\u00f3n sobre los rumores de que el cambio de r\u00e9gimen para L\u00f3pez es parte de un acuerdo m\u00e1s grande entre el gobierno y la oposici\u00f3n.<\/p>\n<p>La diputada por el partido Voluntad Popular, Gaby Arellano de L\u00f3pez, dijo optimista que la liberaci\u00f3n del l\u00edder representa \u00abel fin de la dictadura\u00bb.<\/p>\n<p>El abogado Cremades coincide en que se trata de \u00abun gesto de debilidad del r\u00e9gimen de Maduro y de la fortaleza de la oposici\u00f3n&#8230; Es un paso hacia adelante y son noticias muy positivas\u00bb.<\/p>\n<p>Pero r\u00e1pidamente advirti\u00f3: \u00abLa casa por c\u00e1rcel de Leopoldo L\u00f3pez no implica modificaci\u00f3n de su condena. La perversa justicia bolivariana a\u00fan tiene sus garras sobre \u00e9l\u00bb.<\/p>\n<p style=\"text-align: right;\"><span style=\"color: #ff0000;\"><em>VOANEWS<\/em><\/span><\/p>\n","protected":false},"excerpt":{"rendered":"<p>CARACAS, Venezuela.- El l\u00edder opositor venezolano, Leopoldo L\u00f3pez, sali\u00f3 de la c\u00e1rcel la madrugada del s\u00e1bado y ha pasado a condici\u00f3n de arresto domiciliario \u00abpor problemas de salud\u00bb, seg\u00fan confirm\u00f3 el Tribunal Supremo de Justicia (TSJ). La primera foto de L\u00f3pez en su casa de Caracas fue publicada en las redes sociales aunque no estaba [&hellip;]<\/p>\n","protected":false},"author":1,"featured_media":0,"comment_status":"open","ping_status":"open","sticky":false,"template":"","format":"standard","meta":{"_bbp_topic_count":0,"_bbp_reply_count":0,"_bbp_total_topic_count":0,"_bbp_total_reply_count":0,"_bbp_voice_count":0,"_bbp_anonymous_reply_count":0,"_bbp_topic_count_hidden":0,"_bbp_reply_count_hidden":0,"_bbp_forum_subforum_count":0,"footnotes":""},"categories":[60,31],"tags":[],"class_list":{"0":"post-291812","1":"post","2":"type-post","3":"status-publish","4":"format-standard","6":"category-titulares-del-dia","7":"category-estados-unidos"},"_links":{"self":[{"href":"https:\/\/primermomento.com\/index.php?rest_route=\/wp\/v2\/posts\/291812","targetHints":{"allow":["GET"]}}],"collection":[{"href":"https:\/\/primermomento.com\/index.php?rest_route=\/wp\/v2\/posts"}],"about":[{"href":"https:\/\/primermomento.com\/index.php?rest_route=\/wp\/v2\/types\/post"}],"author":[{"embeddable":true,"href":"https:\/\/primermomento.com\/index.php?rest_route=\/wp\/v2\/users\/1"}],"replies":[{"embeddable":true,"href":"https:\/\/primermomento.com\/index.php?rest_route=%2Fwp%2Fv2%2Fcomments&post=291812"}],"version-history":[{"count":0,"href":"https:\/\/primermomento.com\/index.php?rest_route=\/wp\/v2\/posts\/291812\/revisions"}],"wp:attachment":[{"href":"https:\/\/primermomento.com\/index.php?rest_route=%2Fwp%2Fv2%2Fmedia&parent=291812"}],"wp:term":[{"taxonomy":"category","embeddable":true,"href":"https:\/\/primermomento.com\/index.php?rest_route=%2Fwp%2Fv2%2Fcategories&post=291812"},{"taxonomy":"post_tag","embeddable":true,"href":"https:\/\/primermomento.com\/index.php?rest_route=%2Fwp%2Fv2%2Ftags&post=291812"}],"curies":[{"name":"wp","href":"https:\/\/api.w.org\/{rel}","templated":true}]}}