{"id":291827,"date":"2017-07-09T15:06:54","date_gmt":"2017-07-09T19:06:54","guid":{"rendered":"http:\/\/primermomento.com\/?p=291827"},"modified":"2017-07-09T18:10:24","modified_gmt":"2017-07-09T22:10:24","slug":"prm-asegura-informo-a-medina-de-ilegales-actividades-del-ministro-peralta","status":"publish","type":"post","link":"https:\/\/primermomento.com\/?p=291827","title":{"rendered":"PRM asegura inform\u00f3 a Medina de \u00abilegales\u00bb actividades del ministro Peralta"},"content":{"rendered":"<p>SANTO DOMINGO, Rep\u00fablica Dominicana.- El presidente del Frente Agropecuario del Partido Revolucionario Moderno (PRM) inform\u00f3 hoy que notific\u00f3 mediante carta al presidente Danilo Medina de las \u00abilegales, extra\u00f1as e indebidas\u00bb actividades comerciales del ministro Administrativo de la Presidencia, Jos\u00e9 Ram\u00f3n Peralta, en \u00abcontubernio\u00bb con el ministro de Agricultura, \u00c1ngel Est\u00e9vez.<\/p>\n<p><img loading=\"lazy\" decoding=\"async\" class=\"size-medium wp-image-291828 alignleft\" src=\"http:\/\/primermomento.com\/wp-content\/uploads\/2017\/07\/prm-rueda-de-prensa-300x200.jpg\" alt=\"\" width=\"300\" height=\"200\" srcset=\"https:\/\/primermomento.com\/wp-content\/uploads\/2017\/07\/prm-rueda-de-prensa-300x200.jpg 300w, https:\/\/primermomento.com\/wp-content\/uploads\/2017\/07\/prm-rueda-de-prensa-73x50.jpg 73w, https:\/\/primermomento.com\/wp-content\/uploads\/2017\/07\/prm-rueda-de-prensa-500x333.jpg 500w, https:\/\/primermomento.com\/wp-content\/uploads\/2017\/07\/prm-rueda-de-prensa-280x186.jpg 280w, https:\/\/primermomento.com\/wp-content\/uploads\/2017\/07\/prm-rueda-de-prensa-60x40.jpg 60w, https:\/\/primermomento.com\/wp-content\/uploads\/2017\/07\/prm-rueda-de-prensa-118x79.jpg 118w, https:\/\/primermomento.com\/wp-content\/uploads\/2017\/07\/prm-rueda-de-prensa-479x319.jpg 479w, https:\/\/primermomento.com\/wp-content\/uploads\/2017\/07\/prm-rueda-de-prensa.jpg 580w\" sizes=\"auto, (max-width: 300px) 100vw, 300px\" \/>En rueda de prensa celebrada este domingo en la Casa Nacional del PRM, Fa\u00f1a asegur\u00f3, que siendo ambos altos funcionarios del Gobierno, fundaron la empresa Abonos Dominicanos (Abodom) en 2013, con un capital social de 10 millones de pesos y que, en solo tres a\u00f1os, ya tienen capital ascendente a m\u00e1s de 107 millones de pesos.<\/p>\n<p>De acuerdo al dirigente opositor, esto viola el art\u00edculo 135 de la Constituci\u00f3n de la Rep\u00fablica que dice: \u00abLos ministros y viceministros no pueden ejercer ninguna actividad profesional o mercantil que pudiere generar conflictos de intereses\u00bb.<\/p>\n<p>Especific\u00f3 que dichos funcionarios se dedican a comercializar fertilizantes, creando un peligroso conflicto de intereses, con empresas tradicionales como Ferquido, fundada en 1945, con 72 a\u00f1os en el mercado; y Fersan, fundada en 1967, con 50 a\u00f1os.<\/p>\n<p>Fa\u00f1a entreg\u00f3 a los medios copia de la comunicaci\u00f3n 2017-024 dirigida al presidente de la Rep\u00fablica, remitiendo un documento oficial de la C\u00e1mara de Comercio y Producci\u00f3n de Santo Domingo, donde se detallan todas las acciones comerciales de Abonos Dominicanos.<\/p>\n<p>Se\u00f1al\u00f3, que dicho documento ser\u00e1 una de las evidencias que utilizar\u00e1 para revertir la acusaci\u00f3n por difamaci\u00f3n e injuria que le hiciera el ministro Peralta.<\/p>\n<p>Afirm\u00f3 que cuenta con 17 evidencias, para demostrar que quien dice la verdad no difama, ni tampoco injuria.<\/p>\n<p>Dijo, que como el presidente Medina anunci\u00f3 al pueblo dominicano que actuar\u00eda por el rumor p\u00fablico, espera que ordene una investigaci\u00f3n de \u00abesta incuestionable evidencia\u00bb y de otras que presentar\u00e1 en su debido momento.<\/p>\n<p>El dirigente pol\u00edtico explic\u00f3, que casos como estos no pueden ignorarse, porque empa\u00f1an la imagen del Gobierno y se estar\u00eda violentando el anhelo del pueblo dominicano, cuando en las marchas multitudinarias pide a viva voz: \u00abDetener la corrupci\u00f3n y la impunidad\u00bb.<\/p>\n<p>En la rueda de prensa estuvieron presentes, adem\u00e1s, Ram\u00f3n Emilio Concepci\u00f3n y Oscar Mart\u00ednez, abogados de Fa\u00f1a en la demanda que le impuso el ministro de la Presidencia, Jos\u00e9 Ram\u00f3n Peralta.<\/p>\n<p style=\"text-align: right;\"><span style=\"color: #ff0000;\"><em>EFE<\/em><\/span><\/p>\n","protected":false},"excerpt":{"rendered":"<p>SANTO DOMINGO, Rep\u00fablica Dominicana.- El presidente del Frente Agropecuario del Partido Revolucionario Moderno (PRM) inform\u00f3 hoy que notific\u00f3 mediante carta al presidente Danilo Medina de las \u00abilegales, extra\u00f1as e indebidas\u00bb actividades comerciales del ministro Administrativo de la Presidencia, Jos\u00e9 Ram\u00f3n Peralta, en \u00abcontubernio\u00bb con el ministro de Agricultura, \u00c1ngel Est\u00e9vez. En rueda de prensa celebrada [&hellip;]<\/p>\n","protected":false},"author":1,"featured_media":0,"comment_status":"open","ping_status":"open","sticky":false,"template":"","format":"standard","meta":{"_bbp_topic_count":0,"_bbp_reply_count":0,"_bbp_total_topic_count":0,"_bbp_total_reply_count":0,"_bbp_voice_count":0,"_bbp_anonymous_reply_count":0,"_bbp_topic_count_hidden":0,"_bbp_reply_count_hidden":0,"_bbp_forum_subforum_count":0,"footnotes":""},"categories":[60,31],"tags":[],"class_list":{"0":"post-291827","1":"post","2":"type-post","3":"status-publish","4":"format-standard","6":"category-titulares-del-dia","7":"category-estados-unidos"},"_links":{"self":[{"href":"https:\/\/primermomento.com\/index.php?rest_route=\/wp\/v2\/posts\/291827","targetHints":{"allow":["GET"]}}],"collection":[{"href":"https:\/\/primermomento.com\/index.php?rest_route=\/wp\/v2\/posts"}],"about":[{"href":"https:\/\/primermomento.com\/index.php?rest_route=\/wp\/v2\/types\/post"}],"author":[{"embeddable":true,"href":"https:\/\/primermomento.com\/index.php?rest_route=\/wp\/v2\/users\/1"}],"replies":[{"embeddable":true,"href":"https:\/\/primermomento.com\/index.php?rest_route=%2Fwp%2Fv2%2Fcomments&post=291827"}],"version-history":[{"count":0,"href":"https:\/\/primermomento.com\/index.php?rest_route=\/wp\/v2\/posts\/291827\/revisions"}],"wp:attachment":[{"href":"https:\/\/primermomento.com\/index.php?rest_route=%2Fwp%2Fv2%2Fmedia&parent=291827"}],"wp:term":[{"taxonomy":"category","embeddable":true,"href":"https:\/\/primermomento.com\/index.php?rest_route=%2Fwp%2Fv2%2Fcategories&post=291827"},{"taxonomy":"post_tag","embeddable":true,"href":"https:\/\/primermomento.com\/index.php?rest_route=%2Fwp%2Fv2%2Ftags&post=291827"}],"curies":[{"name":"wp","href":"https:\/\/api.w.org\/{rel}","templated":true}]}}