{"id":291830,"date":"2017-07-09T16:10:41","date_gmt":"2017-07-09T20:10:41","guid":{"rendered":"http:\/\/primermomento.com\/?p=291830"},"modified":"2017-07-09T18:14:14","modified_gmt":"2017-07-09T22:14:14","slug":"marcha-verde-asegura-caso-odebrecht-es-teatro-judicial-del-gobierno","status":"publish","type":"post","link":"https:\/\/primermomento.com\/?p=291830","title":{"rendered":"Marcha Verde asegura caso Odebrecht es \u00abteatro judicial\u00bb del Gobierno"},"content":{"rendered":"<p>SANTO DOMINGO, Rep\u00fablica Dominicana.- El movimiento Marcha Verde advirti\u00f3 hoy que la variaci\u00f3n de las medidas de coerci\u00f3n a la mayor\u00eda de los implicados por el caso Odebrecht forma parte del teatro judicial que el procurador general de la Rep\u00fablica, Jean Alain Rodr\u00edguez, est\u00e1 montando para favorecer los intereses pol\u00edticos del Partido de la Liberaci\u00f3n Dominicana (PLD) y el presidente Danilo Medina.<\/p>\n<p><img loading=\"lazy\" decoding=\"async\" class=\"size-medium wp-image-291831 alignleft\" src=\"http:\/\/primermomento.com\/wp-content\/uploads\/2017\/07\/marcha-verde-y-gobierno-300x200.jpg\" alt=\"\" width=\"300\" height=\"200\" srcset=\"https:\/\/primermomento.com\/wp-content\/uploads\/2017\/07\/marcha-verde-y-gobierno-300x200.jpg 300w, https:\/\/primermomento.com\/wp-content\/uploads\/2017\/07\/marcha-verde-y-gobierno-73x50.jpg 73w, https:\/\/primermomento.com\/wp-content\/uploads\/2017\/07\/marcha-verde-y-gobierno-500x333.jpg 500w, https:\/\/primermomento.com\/wp-content\/uploads\/2017\/07\/marcha-verde-y-gobierno-280x186.jpg 280w, https:\/\/primermomento.com\/wp-content\/uploads\/2017\/07\/marcha-verde-y-gobierno-60x40.jpg 60w, https:\/\/primermomento.com\/wp-content\/uploads\/2017\/07\/marcha-verde-y-gobierno-118x79.jpg 118w, https:\/\/primermomento.com\/wp-content\/uploads\/2017\/07\/marcha-verde-y-gobierno-479x319.jpg 479w, https:\/\/primermomento.com\/wp-content\/uploads\/2017\/07\/marcha-verde-y-gobierno.jpg 580w\" sizes=\"auto, (max-width: 300px) 100vw, 300px\" \/>Durante una movilizaci\u00f3n por varios barrios de la zona norte del Distrito Nacional, activistas del colectivo aseguraron que el proceso de apelaci\u00f3n de las medidas de coerci\u00f3n puso en evidencia la irresponsabilidad con la que el Ministerio P\u00fablico ha actuado en el proceso, al presentar expedientes carentes de los elementos probatorios m\u00ednimos.<\/p>\n<p>El voto disidente de la magistrada Mirian Germ\u00e1n Brito, seg\u00fan el movimiento, demuestra que el Ministerio P\u00fablico se concentr\u00f3 en grabar de manera ilegal a los primeros imputados, hacer un circo para los medios de comunicaci\u00f3n y evadir acciones de investigaci\u00f3n que fueran m\u00e1s all\u00e1 de copiar y pegar parte de las primeras delaciones premiadas de los ejecutivos de Odebrecht en Brasil.<\/p>\n<p>\u00abEl Ministerio P\u00fablico, manejado seg\u00fan los intereses del Palacio Nacional y del Comit\u00e9 Pol\u00edtico del PLD, est\u00e1 relajando con el justo reclamo del pueblo dominicano. Pero la ciudadan\u00eda que se est\u00e1 movilizando no se cansar\u00e1 ni se detendr\u00e1 hasta sacar al pa\u00eds del lodazal de corrupci\u00f3n e impunidad en el que lo han metido\u00bb, indic\u00f3 el colectivo durante el recorrido realizado a modo de calentamiento de cara a la marcha nacional del pr\u00f3ximo domingo 16 de julio.<\/p>\n<p>Marcha Verde consider\u00f3 que las observaciones de Germ\u00e1n Brito advierten sobre el \u00abmamotreto\u00bb jur\u00eddico que est\u00e1n preparando el Ministerio P\u00fablico y el Gobierno para evadir la aplicaci\u00f3n de justicia a la delincuencia pol\u00edtica y empresarial relacionada con los sobornos, las sobrevaluaciones y el financiamiento ilegal de campa\u00f1as por parte de Odebrecht.<\/p>\n<p>El movimiento ciudadano reiter\u00f3 su reclamo de que los jueces Alejandro Moscoso Segarra, Juan Hirohito Reyes y Frank Soto no participen del conocimiento de fondo de los expedientes, por entender que los tres magistrados responden a los intereses del PLD y el presidente Danilo Medina.<\/p>\n<p>Al considerar la movilizaci\u00f3n ciudadana como la \u00fanica v\u00eda para garantizar que se haga justicia, el conjunto de organizaciones sociales y comunitarias que conforman la Marcha Verde en los barrios Villas Agr\u00edcolas, Capotillo, Sim\u00f3n Bol\u00edvar, 24 de Abril, Gualey, La Zurza y otras comunidades de la parte norte del Distrito Nacional, declararon a sus sectores como barrios verdes por el fin de la impunidad.<\/p>\n<p>Asimismo, se comprometieron a mantener la lucha y reforzar los trabajos organizativos y de convocatoria de cara a la marcha nacional del domingo 16 de julio en la capital.<\/p>\n<p>\u00abDesde hoy, seremos barrios verdes y ratificamos desde este escenario, nuestra hist\u00f3rica tradici\u00f3n de lucha por las mejores causas de nuestro pueblo: por la libertada, por la democracia, por las reivindicaciones sociales y econ\u00f3micas, y por los derechos que nos han negado y que con sobrada raz\u00f3n aqu\u00ed reclamamos para dejar de ser excluidos y as\u00ed empezar a trillar el camino de la felicidad\u00bb, afirmaron las organizaciones en el manifiesto de &#8216;declaratorio&#8217; verde.<\/p>\n<p style=\"text-align: right;\"><em><span style=\"color: #ff0000;\">EFE<\/span><\/em><\/p>\n<p>&nbsp;<\/p>\n","protected":false},"excerpt":{"rendered":"<p>SANTO DOMINGO, Rep\u00fablica Dominicana.- El movimiento Marcha Verde advirti\u00f3 hoy que la variaci\u00f3n de las medidas de coerci\u00f3n a la mayor\u00eda de los implicados por el caso Odebrecht forma parte del teatro judicial que el procurador general de la Rep\u00fablica, Jean Alain Rodr\u00edguez, est\u00e1 montando para favorecer los intereses pol\u00edticos del Partido de la Liberaci\u00f3n [&hellip;]<\/p>\n","protected":false},"author":1,"featured_media":0,"comment_status":"open","ping_status":"open","sticky":false,"template":"","format":"standard","meta":{"_bbp_topic_count":0,"_bbp_reply_count":0,"_bbp_total_topic_count":0,"_bbp_total_reply_count":0,"_bbp_voice_count":0,"_bbp_anonymous_reply_count":0,"_bbp_topic_count_hidden":0,"_bbp_reply_count_hidden":0,"_bbp_forum_subforum_count":0,"footnotes":""},"categories":[60,31],"tags":[],"class_list":{"0":"post-291830","1":"post","2":"type-post","3":"status-publish","4":"format-standard","6":"category-titulares-del-dia","7":"category-estados-unidos"},"_links":{"self":[{"href":"https:\/\/primermomento.com\/index.php?rest_route=\/wp\/v2\/posts\/291830","targetHints":{"allow":["GET"]}}],"collection":[{"href":"https:\/\/primermomento.com\/index.php?rest_route=\/wp\/v2\/posts"}],"about":[{"href":"https:\/\/primermomento.com\/index.php?rest_route=\/wp\/v2\/types\/post"}],"author":[{"embeddable":true,"href":"https:\/\/primermomento.com\/index.php?rest_route=\/wp\/v2\/users\/1"}],"replies":[{"embeddable":true,"href":"https:\/\/primermomento.com\/index.php?rest_route=%2Fwp%2Fv2%2Fcomments&post=291830"}],"version-history":[{"count":0,"href":"https:\/\/primermomento.com\/index.php?rest_route=\/wp\/v2\/posts\/291830\/revisions"}],"wp:attachment":[{"href":"https:\/\/primermomento.com\/index.php?rest_route=%2Fwp%2Fv2%2Fmedia&parent=291830"}],"wp:term":[{"taxonomy":"category","embeddable":true,"href":"https:\/\/primermomento.com\/index.php?rest_route=%2Fwp%2Fv2%2Fcategories&post=291830"},{"taxonomy":"post_tag","embeddable":true,"href":"https:\/\/primermomento.com\/index.php?rest_route=%2Fwp%2Fv2%2Ftags&post=291830"}],"curies":[{"name":"wp","href":"https:\/\/api.w.org\/{rel}","templated":true}]}}