{"id":291848,"date":"2017-07-11T16:08:37","date_gmt":"2017-07-11T20:08:37","guid":{"rendered":"http:\/\/primermomento.com\/?p=291848"},"modified":"2017-07-11T16:08:37","modified_gmt":"2017-07-11T20:08:37","slug":"alertan-sobre-ola-de-feminicidios-en-el-pais","status":"publish","type":"post","link":"https:\/\/primermomento.com\/?p=291848","title":{"rendered":"Alertan sobre ola de feminicidios en el pa\u00eds"},"content":{"rendered":"<div class=\"fullNewsIntrotext\">SANTO DOMINGO, Rep\u00fablica Dominicana.- Lucrecia Santana, dirigente del opositor Partido Revolucionario Moderno (PRM) de Rep\u00fablica Dominicana, alert\u00f3 hoy sobre la ola de feminicidios que azota el pa\u00eds.<\/div>\n<div><\/div>\n<div class=\"fullNewsFulltext\"><img loading=\"lazy\" decoding=\"async\" class=\"size-medium wp-image-291849 alignright\" src=\"http:\/\/primermomento.com\/wp-content\/uploads\/2017\/07\/femenicidios2-300x200.jpeg\" alt=\"\" width=\"300\" height=\"200\" srcset=\"https:\/\/primermomento.com\/wp-content\/uploads\/2017\/07\/femenicidios2-300x200.jpeg 300w, https:\/\/primermomento.com\/wp-content\/uploads\/2017\/07\/femenicidios2-73x50.jpeg 73w, https:\/\/primermomento.com\/wp-content\/uploads\/2017\/07\/femenicidios2-500x334.jpeg 500w, https:\/\/primermomento.com\/wp-content\/uploads\/2017\/07\/femenicidios2-280x187.jpeg 280w, https:\/\/primermomento.com\/wp-content\/uploads\/2017\/07\/femenicidios2-60x40.jpeg 60w, https:\/\/primermomento.com\/wp-content\/uploads\/2017\/07\/femenicidios2-638x426.jpeg 638w, https:\/\/primermomento.com\/wp-content\/uploads\/2017\/07\/femenicidios2-118x79.jpeg 118w, https:\/\/primermomento.com\/wp-content\/uploads\/2017\/07\/femenicidios2-479x320.jpeg 479w, https:\/\/primermomento.com\/wp-content\/uploads\/2017\/07\/femenicidios2.jpeg 680w\" sizes=\"auto, (max-width: 300px) 100vw, 300px\" \/>La dirigente manifest\u00f3 que en el pa\u00eds al menos 43 f\u00e9minas han muerto a manos de sus ex parejas en lo que va de a\u00f1o, lo que deber\u00eda llamar la atenci\u00f3n a las autoridades.<\/p>\n<p>Critic\u00f3 que desde el Estado no se ejecuten pol\u00edticas efectivas tendentes a contrarrestar este flagelo que atenta con la integridad de las mujeres y de las familias dominicanas.<\/p>\n<p>Record\u00f3 que cifras conservadoras de la Procuradur\u00eda General de la Rep\u00fablica arrojan, como entre los a\u00f1os 2005 y 2016 hubo mil 166 casos de feminicidios en el territorio nacional.<\/p>\n<p>A\u00f1adi\u00f3 que el pasado a\u00f1o 2016 se registraron 78 feminicidios en este pa\u00eds.<\/p>\n<p>Santana catalog\u00f3 estas cifras de alarmantes y demand\u00f3 del Ministerio de la Mujer, el dise\u00f1o de un plan que integre a todos los sectores de la sociedad para acabar con los feminicidios.<\/p>\n<p>Opin\u00f3 que en ese plan deben estar involucrados los ministerios, las instituciones de representaci\u00f3n y orientaci\u00f3n del Estado, los partidos pol\u00edticos, todo el que tenga incidencia.<\/p><\/div>\n<div><\/div>\n<div style=\"text-align: right;\"><span style=\"color: #ff0000;\"><em>PL<\/em><\/span><\/div>\n","protected":false},"excerpt":{"rendered":"<p>SANTO DOMINGO, Rep\u00fablica Dominicana.- Lucrecia Santana, dirigente del opositor Partido Revolucionario Moderno (PRM) de Rep\u00fablica Dominicana, alert\u00f3 hoy sobre la ola de feminicidios que azota el pa\u00eds. La dirigente manifest\u00f3 que en el pa\u00eds al menos 43 f\u00e9minas han muerto a manos de sus ex parejas en lo que va de a\u00f1o, lo que deber\u00eda [&hellip;]<\/p>\n","protected":false},"author":1,"featured_media":0,"comment_status":"open","ping_status":"open","sticky":false,"template":"","format":"standard","meta":{"_bbp_topic_count":0,"_bbp_reply_count":0,"_bbp_total_topic_count":0,"_bbp_total_reply_count":0,"_bbp_voice_count":0,"_bbp_anonymous_reply_count":0,"_bbp_topic_count_hidden":0,"_bbp_reply_count_hidden":0,"_bbp_forum_subforum_count":0,"footnotes":""},"categories":[30,60],"tags":[],"class_list":{"0":"post-291848","1":"post","2":"type-post","3":"status-publish","4":"format-standard","6":"category-actualidad","7":"category-titulares-del-dia"},"_links":{"self":[{"href":"https:\/\/primermomento.com\/index.php?rest_route=\/wp\/v2\/posts\/291848","targetHints":{"allow":["GET"]}}],"collection":[{"href":"https:\/\/primermomento.com\/index.php?rest_route=\/wp\/v2\/posts"}],"about":[{"href":"https:\/\/primermomento.com\/index.php?rest_route=\/wp\/v2\/types\/post"}],"author":[{"embeddable":true,"href":"https:\/\/primermomento.com\/index.php?rest_route=\/wp\/v2\/users\/1"}],"replies":[{"embeddable":true,"href":"https:\/\/primermomento.com\/index.php?rest_route=%2Fwp%2Fv2%2Fcomments&post=291848"}],"version-history":[{"count":0,"href":"https:\/\/primermomento.com\/index.php?rest_route=\/wp\/v2\/posts\/291848\/revisions"}],"wp:attachment":[{"href":"https:\/\/primermomento.com\/index.php?rest_route=%2Fwp%2Fv2%2Fmedia&parent=291848"}],"wp:term":[{"taxonomy":"category","embeddable":true,"href":"https:\/\/primermomento.com\/index.php?rest_route=%2Fwp%2Fv2%2Fcategories&post=291848"},{"taxonomy":"post_tag","embeddable":true,"href":"https:\/\/primermomento.com\/index.php?rest_route=%2Fwp%2Fv2%2Ftags&post=291848"}],"curies":[{"name":"wp","href":"https:\/\/api.w.org\/{rel}","templated":true}]}}