{"id":291853,"date":"2017-07-11T16:15:00","date_gmt":"2017-07-11T20:15:00","guid":{"rendered":"http:\/\/primermomento.com\/?p=291853"},"modified":"2017-07-11T16:15:00","modified_gmt":"2017-07-11T20:15:00","slug":"siete-provincias-del-pais-en-alerta-por-posibles-inundaciones","status":"publish","type":"post","link":"https:\/\/primermomento.com\/?p=291853","title":{"rendered":"Siete provincias del pa\u00eds en alerta por posibles inundaciones"},"content":{"rendered":"<div class=\"fullNewsIntrotext\">SANTO DOMINGO, Rep\u00fablica Dominicana.- Siete provincias dominicanas amanecieron hoy en alerta por posibles inundaciones debido a las lluvias ocasionadas por una vaguada y una onda tropical.<\/div>\n<div><\/div>\n<div class=\"fullNewsFulltext\"><img loading=\"lazy\" decoding=\"async\" class=\"size-medium wp-image-291854 alignleft\" src=\"http:\/\/primermomento.com\/wp-content\/uploads\/2017\/07\/defensa-civil-dominicana-300x200.jpg\" alt=\"\" width=\"300\" height=\"200\" srcset=\"https:\/\/primermomento.com\/wp-content\/uploads\/2017\/07\/defensa-civil-dominicana-300x200.jpg 300w, https:\/\/primermomento.com\/wp-content\/uploads\/2017\/07\/defensa-civil-dominicana-73x50.jpg 73w, https:\/\/primermomento.com\/wp-content\/uploads\/2017\/07\/defensa-civil-dominicana-500x333.jpg 500w, https:\/\/primermomento.com\/wp-content\/uploads\/2017\/07\/defensa-civil-dominicana-280x186.jpg 280w, https:\/\/primermomento.com\/wp-content\/uploads\/2017\/07\/defensa-civil-dominicana-60x40.jpg 60w, https:\/\/primermomento.com\/wp-content\/uploads\/2017\/07\/defensa-civil-dominicana-638x425.jpg 638w, https:\/\/primermomento.com\/wp-content\/uploads\/2017\/07\/defensa-civil-dominicana-118x79.jpg 118w, https:\/\/primermomento.com\/wp-content\/uploads\/2017\/07\/defensa-civil-dominicana-479x319.jpg 479w, https:\/\/primermomento.com\/wp-content\/uploads\/2017\/07\/defensa-civil-dominicana.jpg 748w\" sizes=\"auto, (max-width: 300px) 100vw, 300px\" \/>La Direcci\u00f3n del Centro de Operaciones de Emergencias (COE) dispuso una alerta verde (informativa) para las provincias de S\u00e1nchez Ram\u00edrez, Mar\u00eda Trinidad S\u00e1nchez, Saman\u00e1, Duarte, La Vega y El Seibo.<\/p>\n<p>Previamente, la Oficina Nacional de Meteorolog\u00eda (Onamet) pronostic\u00f3 para esos territorios posibles inundaciones debido a las lluvias que se prev\u00e9 se registren en el pa\u00eds como consecuencia de una onda tropical y una vaguada ubicada en el noreste.<\/p>\n<p>Anoche llovi\u00f3 en las provincias de Hato Mayor, Monte Plata, San Jos\u00e9 de Ocoa, S\u00e1nchez Ram\u00edrez, Saman\u00e1, Mar\u00eda Trinidad S\u00e1nchez, Espaillat, Duarte, La Vega, Monse\u00f1or Nouel, San Juan, El\u00edas Pi\u00f1a, Dajab\u00f3n y Santiago Rodr\u00edguez.<\/p>\n<p>Para este martes, la Onamet pronostica que la onda tropical se ubicar\u00e1 en la parte oriental de Cuba, alej\u00e1ndose del pa\u00eds, pero Rep\u00fablica Dominicana estar\u00e1 bajo los efectos de la vaguada que mantendr\u00e1 condiciones propicias para que contin\u00faen las precipitaciones.<\/p>\n<p>Habr\u00e1 lluvias acompa\u00f1adas de tronadas hacia las regiones Norte, Noreste, Sureste, Cordillera Central y zona fronteriza, seg\u00fan el parte meteorol\u00f3gico.<\/p>\n<p>En abril, mayo y junio el pa\u00eds sufri\u00f3 inundaciones por fuertes lluvias ocasionadas por dos vaguadas que causaron severos da\u00f1os materiales en el Norte y el Este y obligaron a evacuar a miles de personas de lugares de riesgo.<\/p><\/div>\n<div><\/div>\n<div style=\"text-align: right;\"><em><span style=\"color: #ff0000;\">PL<\/span><\/em><\/div>\n","protected":false},"excerpt":{"rendered":"<p>SANTO DOMINGO, Rep\u00fablica Dominicana.- Siete provincias dominicanas amanecieron hoy en alerta por posibles inundaciones debido a las lluvias ocasionadas por una vaguada y una onda tropical. La Direcci\u00f3n del Centro de Operaciones de Emergencias (COE) dispuso una alerta verde (informativa) para las provincias de S\u00e1nchez Ram\u00edrez, Mar\u00eda Trinidad S\u00e1nchez, Saman\u00e1, Duarte, La Vega y El [&hellip;]<\/p>\n","protected":false},"author":1,"featured_media":0,"comment_status":"open","ping_status":"open","sticky":false,"template":"","format":"standard","meta":{"_bbp_topic_count":0,"_bbp_reply_count":0,"_bbp_total_topic_count":0,"_bbp_total_reply_count":0,"_bbp_voice_count":0,"_bbp_anonymous_reply_count":0,"_bbp_topic_count_hidden":0,"_bbp_reply_count_hidden":0,"_bbp_forum_subforum_count":0,"footnotes":""},"categories":[30,60],"tags":[],"class_list":{"0":"post-291853","1":"post","2":"type-post","3":"status-publish","4":"format-standard","6":"category-actualidad","7":"category-titulares-del-dia"},"_links":{"self":[{"href":"https:\/\/primermomento.com\/index.php?rest_route=\/wp\/v2\/posts\/291853","targetHints":{"allow":["GET"]}}],"collection":[{"href":"https:\/\/primermomento.com\/index.php?rest_route=\/wp\/v2\/posts"}],"about":[{"href":"https:\/\/primermomento.com\/index.php?rest_route=\/wp\/v2\/types\/post"}],"author":[{"embeddable":true,"href":"https:\/\/primermomento.com\/index.php?rest_route=\/wp\/v2\/users\/1"}],"replies":[{"embeddable":true,"href":"https:\/\/primermomento.com\/index.php?rest_route=%2Fwp%2Fv2%2Fcomments&post=291853"}],"version-history":[{"count":0,"href":"https:\/\/primermomento.com\/index.php?rest_route=\/wp\/v2\/posts\/291853\/revisions"}],"wp:attachment":[{"href":"https:\/\/primermomento.com\/index.php?rest_route=%2Fwp%2Fv2%2Fmedia&parent=291853"}],"wp:term":[{"taxonomy":"category","embeddable":true,"href":"https:\/\/primermomento.com\/index.php?rest_route=%2Fwp%2Fv2%2Fcategories&post=291853"},{"taxonomy":"post_tag","embeddable":true,"href":"https:\/\/primermomento.com\/index.php?rest_route=%2Fwp%2Fv2%2Ftags&post=291853"}],"curies":[{"name":"wp","href":"https:\/\/api.w.org\/{rel}","templated":true}]}}