{"id":291865,"date":"2017-07-11T14:26:33","date_gmt":"2017-07-11T18:26:33","guid":{"rendered":"http:\/\/primermomento.com\/?p=291865"},"modified":"2017-07-11T16:28:38","modified_gmt":"2017-07-11T20:28:38","slug":"senado-de-eeuu-aplaza-receso-para-abordar-agenda-inconclusa","status":"publish","type":"post","link":"https:\/\/primermomento.com\/?p=291865","title":{"rendered":"Senado de EEUU aplaza receso para abordar agenda inconclusa"},"content":{"rendered":"<div class=\"fullNewsIntrotext\">WASHINGTON, Distrito de Columbia.- El republicano Mitch McConnell anunci\u00f3 hoy que el Senado estadounidense retrasar\u00e1 el inicio de su receso de verano para abordar temas legislativos importantes como el proyecto de ley sanitaria destinado a derogar y reemplazar el Obamacare.<\/div>\n<div><\/div>\n<div class=\"fullNewsFulltext\">\n<figure id=\"attachment_284828\" aria-describedby=\"caption-attachment-284828\" style=\"width: 300px\" class=\"wp-caption alignleft\"><img loading=\"lazy\" decoding=\"async\" class=\"size-medium wp-image-284828\" src=\"http:\/\/primermomento.com\/wp-content\/uploads\/2016\/12\/senador-McConnell-300x169.jpg\" alt=\"\" width=\"300\" height=\"169\" srcset=\"https:\/\/primermomento.com\/wp-content\/uploads\/2016\/12\/senador-McConnell-300x169.jpg 300w, https:\/\/primermomento.com\/wp-content\/uploads\/2016\/12\/senador-McConnell-768x432.jpg 768w, https:\/\/primermomento.com\/wp-content\/uploads\/2016\/12\/senador-McConnell-478x270.jpg 478w, https:\/\/primermomento.com\/wp-content\/uploads\/2016\/12\/senador-McConnell-500x281.jpg 500w, https:\/\/primermomento.com\/wp-content\/uploads\/2016\/12\/senador-McConnell-280x157.jpg 280w, https:\/\/primermomento.com\/wp-content\/uploads\/2016\/12\/senador-McConnell-638x359.jpg 638w, https:\/\/primermomento.com\/wp-content\/uploads\/2016\/12\/senador-McConnell-118x66.jpg 118w, https:\/\/primermomento.com\/wp-content\/uploads\/2016\/12\/senador-McConnell-479x269.jpg 479w, https:\/\/primermomento.com\/wp-content\/uploads\/2016\/12\/senador-McConnell.jpg 987w\" sizes=\"auto, (max-width: 300px) 100vw, 300px\" \/><figcaption id=\"caption-attachment-284828\" class=\"wp-caption-text\">Senador Mitch McConnell, l\u00edder de la mayor\u00eda republicana en el Senado estadounidense.<\/figcaption><\/figure>\n<p>Con el fin de proporcionar m\u00e1s tiempo para completar la acci\u00f3n sobre temas legislativos importantes y nominados a procesos que se han estancado por la falta de cooperaci\u00f3n, el inicio del receso se pospondr\u00e1 hasta la tercera semana de agosto, difundi\u00f3 el l\u00edder de la mayor\u00eda de la C\u00e1mara alta en un comunicado.<\/p>\n<p>Esa parada en las actividades estaba prevista anteriormente desde finales de julio hasta el 5 de septiembre, pero los republicanos han estado bajo gran presi\u00f3n en las \u00faltimas semanas <a style=\"font-size:0;\" href=\"http:\/\/remoandaluz.es\/servicio-medico\/comprar-cialis\">http:\/\/remoandaluz.es\/servicio-medico\/comprar-cialis<\/a> ante la imposibilidad de aprobar su propuesta de ley sanitaria y varias voces llegaron a pedir que se cancelara totalmente el receso.<\/p>\n<p>Adem\u00e1s del tema de la atenci\u00f3n m\u00e9dica y los nombramientos, los legisladores tambi\u00e9n se dedicar\u00e1n a aprobar una ley de autorizaci\u00f3n de defensa &#8216;y otros asuntos significativos&#8217;, se\u00f1al\u00f3 McConnell.<\/p>\n<p>Seg\u00fan el diario The Washington Post, el trabajo en el esbozo de la normativa sanitaria permanec\u00eda incierto este martes, aunque la dirigencia del partido rojo a\u00fan planea publicar la versi\u00f3n revisada para el final de la semana y votarla en alg\u00fan momento de la pr\u00f3xima.<\/p>\n<p>De ese modo, el anuncio de hoy parece dise\u00f1ado para tener tiempo de tratar otras cuestiones como la reforma fiscal, que junto al tema de la derogaci\u00f3n del Obamacare constituye una de las grandes promesas de campa\u00f1a del presidente Donald Trump.<\/p><\/div>\n<div><\/div>\n<div style=\"text-align: right;\"><span style=\"color: #ff0000;\"><em>PL<\/em><\/span><\/div>\n","protected":false},"excerpt":{"rendered":"<p>WASHINGTON, Distrito de Columbia.- El republicano Mitch McConnell anunci\u00f3 hoy que el Senado estadounidense retrasar\u00e1 el inicio de su receso de verano para abordar temas legislativos importantes como el proyecto de ley sanitaria destinado a derogar y reemplazar el Obamacare. Con el fin de proporcionar m\u00e1s tiempo para completar la acci\u00f3n sobre temas legislativos importantes [&hellip;]<\/p>\n","protected":false},"author":1,"featured_media":0,"comment_status":"open","ping_status":"open","sticky":false,"template":"","format":"standard","meta":{"_bbp_topic_count":0,"_bbp_reply_count":0,"_bbp_total_topic_count":0,"_bbp_total_reply_count":0,"_bbp_voice_count":0,"_bbp_anonymous_reply_count":0,"_bbp_topic_count_hidden":0,"_bbp_reply_count_hidden":0,"_bbp_forum_subforum_count":0,"footnotes":""},"categories":[60,31],"tags":[],"class_list":{"0":"post-291865","1":"post","2":"type-post","3":"status-publish","4":"format-standard","6":"category-titulares-del-dia","7":"category-estados-unidos"},"_links":{"self":[{"href":"https:\/\/primermomento.com\/index.php?rest_route=\/wp\/v2\/posts\/291865","targetHints":{"allow":["GET"]}}],"collection":[{"href":"https:\/\/primermomento.com\/index.php?rest_route=\/wp\/v2\/posts"}],"about":[{"href":"https:\/\/primermomento.com\/index.php?rest_route=\/wp\/v2\/types\/post"}],"author":[{"embeddable":true,"href":"https:\/\/primermomento.com\/index.php?rest_route=\/wp\/v2\/users\/1"}],"replies":[{"embeddable":true,"href":"https:\/\/primermomento.com\/index.php?rest_route=%2Fwp%2Fv2%2Fcomments&post=291865"}],"version-history":[{"count":0,"href":"https:\/\/primermomento.com\/index.php?rest_route=\/wp\/v2\/posts\/291865\/revisions"}],"wp:attachment":[{"href":"https:\/\/primermomento.com\/index.php?rest_route=%2Fwp%2Fv2%2Fmedia&parent=291865"}],"wp:term":[{"taxonomy":"category","embeddable":true,"href":"https:\/\/primermomento.com\/index.php?rest_route=%2Fwp%2Fv2%2Fcategories&post=291865"},{"taxonomy":"post_tag","embeddable":true,"href":"https:\/\/primermomento.com\/index.php?rest_route=%2Fwp%2Fv2%2Ftags&post=291865"}],"curies":[{"name":"wp","href":"https:\/\/api.w.org\/{rel}","templated":true}]}}