{"id":291892,"date":"2017-07-11T18:01:59","date_gmt":"2017-07-11T22:01:59","guid":{"rendered":"http:\/\/primermomento.com\/?p=291892"},"modified":"2017-07-11T18:01:59","modified_gmt":"2017-07-11T22:01:59","slug":"bani-regidores-revelan-excedente-de-mas-de-4-millones-de-pesos","status":"publish","type":"post","link":"https:\/\/primermomento.com\/?p=291892","title":{"rendered":"BAN\u00cd | Regidores revelan excedente de m\u00e1s de 4 millones de pesos"},"content":{"rendered":"<p>BAN\u00cd, Rep\u00fablica Dominicana.- Algunos regidores han puesto a circular un documento que da cuenta de que en el actual presupuesto municipal hay un excedente de 4.8 millones de pesos que est\u00e1 siendo manejado a discreci\u00f3n por el alcalde Chacho Landestoy.<\/p>\n<figure id=\"attachment_283558\" aria-describedby=\"caption-attachment-283558\" style=\"width: 300px\" class=\"wp-caption alignleft\"><img loading=\"lazy\" decoding=\"async\" class=\"size-medium wp-image-283558\" src=\"http:\/\/primermomento.com\/wp-content\/uploads\/2016\/11\/Concejo-Municipal-300x225.jpg\" alt=\"\" width=\"300\" height=\"225\" srcset=\"https:\/\/primermomento.com\/wp-content\/uploads\/2016\/11\/Concejo-Municipal-300x225.jpg 300w, https:\/\/primermomento.com\/wp-content\/uploads\/2016\/11\/Concejo-Municipal-120x90.jpg 120w, https:\/\/primermomento.com\/wp-content\/uploads\/2016\/11\/Concejo-Municipal-500x375.jpg 500w, https:\/\/primermomento.com\/wp-content\/uploads\/2016\/11\/Concejo-Municipal-280x210.jpg 280w, https:\/\/primermomento.com\/wp-content\/uploads\/2016\/11\/Concejo-Municipal-638x479.jpg 638w, https:\/\/primermomento.com\/wp-content\/uploads\/2016\/11\/Concejo-Municipal-118x89.jpg 118w, https:\/\/primermomento.com\/wp-content\/uploads\/2016\/11\/Concejo-Municipal-479x359.jpg 479w, https:\/\/primermomento.com\/wp-content\/uploads\/2016\/11\/Concejo-Municipal.jpg 712w\" sizes=\"auto, (max-width: 300px) 100vw, 300px\" \/><figcaption id=\"caption-attachment-283558\" class=\"wp-caption-text\">Escenario de una de las sesiones del Concejo de Regidores de la Alcald\u00eda de Ban\u00ed. Foto archivo | PrimerMomento.<\/figcaption><\/figure>\n<p>El escrito, que est\u00e1 dirigido a \u00abamigos de la alianza\u00bb, destaca que en el plan de gastos 2017 de la municipalidad de Ban\u00ed se han destinado 185.4 millones de pesos.<\/p>\n<p>Seg\u00fan esa proclama, la ley municipal en su art\u00edculo 21 asigna un 25% para gasto de personal equivalente a 46.3 millones de pesos.<\/p>\n<p>De acuerdo a datoss suministrados por el encargada administrativa del Ayuntamiento de Ban\u00ed -agrega el documento- se gasta 22.46%, un total de 41.5 millones de pesos.<\/p>\n<p>Para profundizar el argumento de que los ediles merecen que se les pague dietas y vi\u00e1ticos, en el documento aparece un c\u00e1lculo de lo que ser\u00eda el gasto adicional por ese concepto.<\/p>\n<p>Trece regidores multiplicados por veinte mil totalizar\u00edan 260 mil pesos durante 7 meses. Explica que aprobando la dieta, aun quedar\u00eda un sobrante de 3.0 millones de pesos para que el alcalde haga lo que quiera, explica el documento.<\/p>\n<p style=\"text-align: right;\"><span style=\"color: #ff0000;\">Primer<\/span>Momento<\/p>\n<p>&nbsp;<\/p>\n","protected":false},"excerpt":{"rendered":"<p>BAN\u00cd, Rep\u00fablica Dominicana.- Algunos regidores han puesto a circular un documento que da cuenta de que en el actual presupuesto municipal hay un excedente de 4.8 millones de pesos que est\u00e1 siendo manejado a discreci\u00f3n por el alcalde Chacho Landestoy. El escrito, que est\u00e1 dirigido a \u00abamigos de la alianza\u00bb, destaca que en el plan [&hellip;]<\/p>\n","protected":false},"author":1,"featured_media":0,"comment_status":"open","ping_status":"open","sticky":false,"template":"","format":"standard","meta":{"_bbp_topic_count":0,"_bbp_reply_count":0,"_bbp_total_topic_count":0,"_bbp_total_reply_count":0,"_bbp_voice_count":0,"_bbp_anonymous_reply_count":0,"_bbp_topic_count_hidden":0,"_bbp_reply_count_hidden":0,"_bbp_forum_subforum_count":0,"footnotes":""},"categories":[60,32],"tags":[],"class_list":{"0":"post-291892","1":"post","2":"type-post","3":"status-publish","4":"format-standard","6":"category-titulares-del-dia","7":"category-lo-ultimo"},"_links":{"self":[{"href":"https:\/\/primermomento.com\/index.php?rest_route=\/wp\/v2\/posts\/291892","targetHints":{"allow":["GET"]}}],"collection":[{"href":"https:\/\/primermomento.com\/index.php?rest_route=\/wp\/v2\/posts"}],"about":[{"href":"https:\/\/primermomento.com\/index.php?rest_route=\/wp\/v2\/types\/post"}],"author":[{"embeddable":true,"href":"https:\/\/primermomento.com\/index.php?rest_route=\/wp\/v2\/users\/1"}],"replies":[{"embeddable":true,"href":"https:\/\/primermomento.com\/index.php?rest_route=%2Fwp%2Fv2%2Fcomments&post=291892"}],"version-history":[{"count":0,"href":"https:\/\/primermomento.com\/index.php?rest_route=\/wp\/v2\/posts\/291892\/revisions"}],"wp:attachment":[{"href":"https:\/\/primermomento.com\/index.php?rest_route=%2Fwp%2Fv2%2Fmedia&parent=291892"}],"wp:term":[{"taxonomy":"category","embeddable":true,"href":"https:\/\/primermomento.com\/index.php?rest_route=%2Fwp%2Fv2%2Fcategories&post=291892"},{"taxonomy":"post_tag","embeddable":true,"href":"https:\/\/primermomento.com\/index.php?rest_route=%2Fwp%2Fv2%2Ftags&post=291892"}],"curies":[{"name":"wp","href":"https:\/\/api.w.org\/{rel}","templated":true}]}}