{"id":291897,"date":"2017-07-11T18:33:15","date_gmt":"2017-07-11T22:33:15","guid":{"rendered":"http:\/\/primermomento.com\/?p=291897"},"modified":"2017-07-11T18:33:46","modified_gmt":"2017-07-11T22:33:46","slug":"bani-investigan-secuestro-y-asesinato-de-un-hombre","status":"publish","type":"post","link":"https:\/\/primermomento.com\/?p=291897","title":{"rendered":"BAN\u00cd | Investigan secuestro y asesinato de un hombre"},"content":{"rendered":"<p>BAN\u00cd, Rep\u00fablica Dominicana.- Los presuntos homicidas de un hombre en Villa Sombrero, huyeron hacia el municipio de Sabana Larga, en la vecina provincia de San Jos\u00e9 de Ocoa.<\/p>\n<figure id=\"attachment_291898\" aria-describedby=\"caption-attachment-291898\" style=\"width: 300px\" class=\"wp-caption alignleft\"><img loading=\"lazy\" decoding=\"async\" class=\"size-medium wp-image-291898\" src=\"http:\/\/primermomento.com\/wp-content\/uploads\/2017\/07\/Edinson-Ad\u00eds-Mej\u00eda-Mej\u00eda-300x252.jpg\" alt=\"\" width=\"300\" height=\"252\" srcset=\"https:\/\/primermomento.com\/wp-content\/uploads\/2017\/07\/Edinson-Ad\u00eds-Mej\u00eda-Mej\u00eda-300x252.jpg 300w, https:\/\/primermomento.com\/wp-content\/uploads\/2017\/07\/Edinson-Ad\u00eds-Mej\u00eda-Mej\u00eda-262x220.jpg 262w, https:\/\/primermomento.com\/wp-content\/uploads\/2017\/07\/Edinson-Ad\u00eds-Mej\u00eda-Mej\u00eda-118x99.jpg 118w, https:\/\/primermomento.com\/wp-content\/uploads\/2017\/07\/Edinson-Ad\u00eds-Mej\u00eda-Mej\u00eda.jpg 413w\" sizes=\"auto, (max-width: 300px) 100vw, 300px\" \/><figcaption id=\"caption-attachment-291898\" class=\"wp-caption-text\">Edinson Ad\u00eds Mej\u00eda Mej\u00eda. Foto cr\u00e9dito | Fuente externa.<\/figcaption><\/figure>\n<p>En un puesto de control, los asesinos por encargo ultimaron a dos polic\u00edas cuando los agentes detuvieron a la jeepeta en la que viajaban los individuos que se presume pertenecen a un grupo delictivo.<\/p>\n<p>A Edinson Ad\u00eds Mej\u00eda Mej\u00eda, Titin, lo raptaron cuatro sujetos fertemente armados cuando intentaban que Mej\u00eda Mej\u00eda cediera a las peticiones de los atacantes.<\/p>\n<p>El cuerpo del occiso, quien dej\u00f3 a sus hijos en la orfandad, fue sometido a una autopsia en el Instituto Nacional de Ciencia Forenses -Inacif- en Azua y entregado posteriormente a sus familiares.<\/p>\n<p>Fuentes policiales indicaron a medios locales que un sospechos fue arrestado en Bonao, provincia Monse\u00f1or Noel y el resto de los atacantes est\u00e1n ubicados en un \u00e1rea comprendida entre Ocoa y Bonao.<\/p>\n<p>Edinson Ad\u00eds Mej\u00eda Mej\u00eda tiene antecedentes penales por haberle quitado la vida a un comerciante identificado como Reynaldo Romero Pe\u00f1a, al\u00edas Bocaeperro, hecho por el que cumpli\u00f3 una condena. El homicida viaj\u00f3 a Estados Unidos donde permaneci\u00f3 por varios a\u00f1os. Regres\u00f3 a Villa Sombrero.<\/p>\n<p>Se cree pudo haber sido por venganza personal aunque no se descarta que el crimen organizado lo haya asesinado por razones econ\u00f3micas, informaron fuentes policiales locales.<\/p>\n<p style=\"text-align: right;\"><span style=\"color: #ff0000;\">Primer<\/span>Momento<\/p>\n<p>&nbsp;<\/p>\n","protected":false},"excerpt":{"rendered":"<p>BAN\u00cd, Rep\u00fablica Dominicana.- Los presuntos homicidas de un hombre en Villa Sombrero, huyeron hacia el municipio de Sabana Larga, en la vecina provincia de San Jos\u00e9 de Ocoa. En un puesto de control, los asesinos por encargo ultimaron a dos polic\u00edas cuando los agentes detuvieron a la jeepeta en la que viajaban los individuos que [&hellip;]<\/p>\n","protected":false},"author":1,"featured_media":0,"comment_status":"open","ping_status":"open","sticky":false,"template":"","format":"standard","meta":{"_bbp_topic_count":0,"_bbp_reply_count":0,"_bbp_total_topic_count":0,"_bbp_total_reply_count":0,"_bbp_voice_count":0,"_bbp_anonymous_reply_count":0,"_bbp_topic_count_hidden":0,"_bbp_reply_count_hidden":0,"_bbp_forum_subforum_count":0,"footnotes":""},"categories":[30,60],"tags":[],"class_list":{"0":"post-291897","1":"post","2":"type-post","3":"status-publish","4":"format-standard","6":"category-actualidad","7":"category-titulares-del-dia"},"_links":{"self":[{"href":"https:\/\/primermomento.com\/index.php?rest_route=\/wp\/v2\/posts\/291897","targetHints":{"allow":["GET"]}}],"collection":[{"href":"https:\/\/primermomento.com\/index.php?rest_route=\/wp\/v2\/posts"}],"about":[{"href":"https:\/\/primermomento.com\/index.php?rest_route=\/wp\/v2\/types\/post"}],"author":[{"embeddable":true,"href":"https:\/\/primermomento.com\/index.php?rest_route=\/wp\/v2\/users\/1"}],"replies":[{"embeddable":true,"href":"https:\/\/primermomento.com\/index.php?rest_route=%2Fwp%2Fv2%2Fcomments&post=291897"}],"version-history":[{"count":0,"href":"https:\/\/primermomento.com\/index.php?rest_route=\/wp\/v2\/posts\/291897\/revisions"}],"wp:attachment":[{"href":"https:\/\/primermomento.com\/index.php?rest_route=%2Fwp%2Fv2%2Fmedia&parent=291897"}],"wp:term":[{"taxonomy":"category","embeddable":true,"href":"https:\/\/primermomento.com\/index.php?rest_route=%2Fwp%2Fv2%2Fcategories&post=291897"},{"taxonomy":"post_tag","embeddable":true,"href":"https:\/\/primermomento.com\/index.php?rest_route=%2Fwp%2Fv2%2Ftags&post=291897"}],"curies":[{"name":"wp","href":"https:\/\/api.w.org\/{rel}","templated":true}]}}