{"id":291901,"date":"2017-07-11T19:31:38","date_gmt":"2017-07-11T23:31:38","guid":{"rendered":"http:\/\/primermomento.com\/?p=291901"},"modified":"2017-07-11T19:31:38","modified_gmt":"2017-07-11T23:31:38","slug":"bani-herido-y-arrestado-uno-de-los-presuntos-asesinos-de-dos-policias","status":"publish","type":"post","link":"https:\/\/primermomento.com\/?p=291901","title":{"rendered":"BAN\u00cd | Herido y arrestado uno de los presuntos asesinos de dos polic\u00edas"},"content":{"rendered":"<p>BAN\u00cd, Rep\u00fablica Dominicana.- La Polic\u00eda apres\u00f3 herido, despu\u00e9s de un intenso tiroteo, a uno de los presuntos implicados en el secuestro, homicidio de un hombre en Villa Sombrero, y posterior asesinato de dos agentes policiales en el municipio Sabana Larga, provincia San Jos\u00e9 de Ocoa.<\/p>\n<figure id=\"attachment_291902\" aria-describedby=\"caption-attachment-291902\" style=\"width: 300px\" class=\"wp-caption alignleft\"><img loading=\"lazy\" decoding=\"async\" class=\"size-medium wp-image-291902\" src=\"http:\/\/primermomento.com\/wp-content\/uploads\/2017\/07\/herido-implicado-secuestro1-300x217.jpg\" alt=\"\" width=\"300\" height=\"217\" srcset=\"https:\/\/primermomento.com\/wp-content\/uploads\/2017\/07\/herido-implicado-secuestro1-300x217.jpg 300w, https:\/\/primermomento.com\/wp-content\/uploads\/2017\/07\/herido-implicado-secuestro1-500x361.jpg 500w, https:\/\/primermomento.com\/wp-content\/uploads\/2017\/07\/herido-implicado-secuestro1-280x202.jpg 280w, https:\/\/primermomento.com\/wp-content\/uploads\/2017\/07\/herido-implicado-secuestro1-638x461.jpg 638w, https:\/\/primermomento.com\/wp-content\/uploads\/2017\/07\/herido-implicado-secuestro1-118x85.jpg 118w, https:\/\/primermomento.com\/wp-content\/uploads\/2017\/07\/herido-implicado-secuestro1-479x346.jpg 479w, https:\/\/primermomento.com\/wp-content\/uploads\/2017\/07\/herido-implicado-secuestro1.jpg 719w\" sizes=\"auto, (max-width: 300px) 100vw, 300px\" \/><figcaption id=\"caption-attachment-291902\" class=\"wp-caption-text\">Nelson Medina Mateo. Foto cr\u00e9dito | Noticias Ban\u00ed.<\/figcaption><\/figure>\n<p>Los hechos se iniciaron con el secuestro de Edison Adis Mejia, al\u00edas Titin, en su residencia del Distrito Municipal Villa Sombrero.<\/p>\n<p>Ls autoridades policiales persegu\u00edan a los secuestradores cuando estos escaparon hacia la provincia de San Jos\u00e9 de Ocoa.<\/p>\n<p>Los delincuentes, aparentemente, torturaron al secuestrado, lo asesinaron y luego lanzaron el cuerpo en unos matorrales, cerca de la comunidad Las Caobas, provincia San Jos\u00e9 de Ocoa.<\/p>\n<p>La Polic\u00eda de San Jos\u00e9 de Ocoa despleg\u00f3 puestos de control en las principales v\u00edas.<\/p>\n<p>Al cruzar el municipio de Sabana Larga, los delincuentes abordo en una yipeta Toyota 4Runner, de color blanca, recibieron la orden de detenerse, pero hicieron caso omiso y acribillaron al teniente Jhonny Arias y al cabo Felix De Oleo.<\/p>\n<p>En su huida, los secuestradores y asesinos tuvieron un accidente vial, abandonaron el veh\u00edculo y se internaron en las monta\u00f1as.<\/p>\n<p>Esto dio inicio a una persecuci\u00f3n policial que condujo al arresto del sospechoso Nelson Medina Mateo, herido en una rodilla tras un enfrentamiento con los agentes cerca de la comunidad de Piedra Blanca, Bonao.<\/p>\n<p>Antes, la Polic\u00eda hab\u00eda capturado a dos de los supuestos secuestradores y asesinos.<\/p>\n<p>Presumiblemente, otros dos de los delincuentes fueron arrestados en la comunidad de Haina, provincia San Crist\u00f3bal, inform\u00f3 la Noticias Ban\u00ed.<\/p>\n<p style=\"text-align: right;\"><span style=\"color: #ff0000;\">Primer<\/span>Momento<\/p>\n<p>&nbsp;<\/p>\n","protected":false},"excerpt":{"rendered":"<p>BAN\u00cd, Rep\u00fablica Dominicana.- La Polic\u00eda apres\u00f3 herido, despu\u00e9s de un intenso tiroteo, a uno de los presuntos implicados en el secuestro, homicidio de un hombre en Villa Sombrero, y posterior asesinato de dos agentes policiales en el municipio Sabana Larga, provincia San Jos\u00e9 de Ocoa. Los hechos se iniciaron con el secuestro de Edison Adis [&hellip;]<\/p>\n","protected":false},"author":1,"featured_media":0,"comment_status":"open","ping_status":"open","sticky":false,"template":"","format":"standard","meta":{"_bbp_topic_count":0,"_bbp_reply_count":0,"_bbp_total_topic_count":0,"_bbp_total_reply_count":0,"_bbp_voice_count":0,"_bbp_anonymous_reply_count":0,"_bbp_topic_count_hidden":0,"_bbp_reply_count_hidden":0,"_bbp_forum_subforum_count":0,"footnotes":""},"categories":[60,32],"tags":[],"class_list":{"0":"post-291901","1":"post","2":"type-post","3":"status-publish","4":"format-standard","6":"category-titulares-del-dia","7":"category-lo-ultimo"},"_links":{"self":[{"href":"https:\/\/primermomento.com\/index.php?rest_route=\/wp\/v2\/posts\/291901","targetHints":{"allow":["GET"]}}],"collection":[{"href":"https:\/\/primermomento.com\/index.php?rest_route=\/wp\/v2\/posts"}],"about":[{"href":"https:\/\/primermomento.com\/index.php?rest_route=\/wp\/v2\/types\/post"}],"author":[{"embeddable":true,"href":"https:\/\/primermomento.com\/index.php?rest_route=\/wp\/v2\/users\/1"}],"replies":[{"embeddable":true,"href":"https:\/\/primermomento.com\/index.php?rest_route=%2Fwp%2Fv2%2Fcomments&post=291901"}],"version-history":[{"count":0,"href":"https:\/\/primermomento.com\/index.php?rest_route=\/wp\/v2\/posts\/291901\/revisions"}],"wp:attachment":[{"href":"https:\/\/primermomento.com\/index.php?rest_route=%2Fwp%2Fv2%2Fmedia&parent=291901"}],"wp:term":[{"taxonomy":"category","embeddable":true,"href":"https:\/\/primermomento.com\/index.php?rest_route=%2Fwp%2Fv2%2Fcategories&post=291901"},{"taxonomy":"post_tag","embeddable":true,"href":"https:\/\/primermomento.com\/index.php?rest_route=%2Fwp%2Fv2%2Ftags&post=291901"}],"curies":[{"name":"wp","href":"https:\/\/api.w.org\/{rel}","templated":true}]}}