{"id":291948,"date":"2017-07-12T08:35:29","date_gmt":"2017-07-12T12:35:29","guid":{"rendered":"http:\/\/primermomento.com\/?p=291948"},"modified":"2017-07-12T20:36:48","modified_gmt":"2017-07-13T00:36:48","slug":"la-templanza-de-miriam-german-una-leccion-un-aliciente","status":"publish","type":"post","link":"https:\/\/primermomento.com\/?p=291948","title":{"rendered":"La templanza de Miriam Germ\u00e1n: una lecci\u00f3n, un aliciente"},"content":{"rendered":"<p>Una de las virtudes de la entra\u00f1able Miriam Germ\u00e1n es su constancia, su coherencia y valent\u00eda; a las que se les suman la sencillez y su defensa y practica del principio, para decirlo con Kant, de no \u201cevadir su deber de la acci\u00f3n necesaria respecto a la ley\u201d. Es por eso que su voto disidente frente a la decisi\u00f3n del al tribunal que conoci\u00f3 el recurso de apelaci\u00f3n de los imputados de sobornos por la empresa Odebrecht no ha sido el \u00fanico voto disidente por ella emitido frente a decisiones de sus colegas que, a diferencia suya, en algunos casos han votado conforme al inter\u00e9s del poder de turno. Con su actitud, la magistrada Germ\u00e1n, nos indica que frente al poder un juez no s\u00f3lo debe ser independiente sino, de ser necesario, tener la entereza de combatirlo.<\/p>\n<p><img loading=\"lazy\" decoding=\"async\" class=\"size-medium wp-image-280305 alignleft\" src=\"http:\/\/primermomento.com\/wp-content\/uploads\/2016\/08\/Cesar-Perez-300x200.jpg\" alt=\"\" width=\"300\" height=\"200\" \/>Con la demostraci\u00f3n del car\u00e1cter mostrenco del expediente acusatorio de la Procuradur\u00eda de la Republica y la pobre interpretaci\u00f3n que de ella hizo el juez que conden\u00f3 a los referidos imputados, la magistrada Germ\u00e1n no s\u00f3lo ha dado c\u00e1tedra del buen derecho y de la justicia sino del significado de la \u00e9tica, de la independencia en la pr\u00e1ctica profesional, no solo v\u00e1lida para sus colegas, sino para aquellos profesionales e intelectuales que han sucumbido ante la presi\u00f3n del poder, de muchos que han tirado por la borda sus trayectorias de lucha por pa\u00eds mejor. Y es que la vida personal y profesional de Miriam Germ\u00e1n discurre en el \u201c\u00e1mbito de la \u201cmodestia, la verg\u00fcenza, la temperancia y la decencia\u201d, virtudes estas que definen la templanza, para decirlo con Bobbio.<\/p>\n<p>Ella act\u00faa en base a su conciencia, lejos de la frontera del miedo y desafiante reafirma su defensa de los pobres, los perseguidos por sus ideas pol\u00edticas, y coherente con el principio de la ley y la justicia defendiendo igualmente a aquellos que considera inocentes, sin importar condici\u00f3n social o pol\u00edtica. Lo dice como advertencia al maledicente de siempre y para expresar impl\u00edcitamente su convencimiento de que no sobre todos los imputados existen pruebas suficientes para someterlos a juicio y mucho menos apresarlos con la aparatosidad con que lo hizo el Ministerio P\u00fablico. Tambi\u00e9n, como testimonio de donde viene y de sus leg\u00edtimas e irrenunciables convicciones en sentido general.<\/p>\n<p>Con rigor, demostrando templanza, nos llama a la prudencia al momento de emitir juicios sobre presuntos culpables de hechos delictivos que, como en este caso de los sobornos de Odebrecht, concitan una generalizada, espont\u00e1nea y natural tendencia a la exigencia de justicia, llevando a muchos a ligereza de acusar a personas que podr\u00edan ser susceptibles de alguna sanci\u00f3n por alg\u00fan hecho, pero que no siempre lo son del que se les acusa. Con eso nos da una rigurosa y valiente lecci\u00f3n, planteando la discusi\u00f3n sobre la culpabilidad o no de algunos imputados sumariamente inculpados de parte de sectores del poder, y contrario a este, sin reflexionar sobre si eran o no sostenibles las acusaciones que se les formulan.<\/p>\n<p>La historia est\u00e1 llena de momentos de condenas reales y morales a personajes de todas esferas de la sociedad, en las cuales el debido proceso no se ha respetado y en los que parad\u00f3jicamente coinciden el poder que acusa la generalidad de la gente que se opone a ese poder. Son los momentos en que la pasi\u00f3n por la justicia impide ver si objetivamente el acusado es o no culpable del hecho que se le atribuye. Con ello no quiero decir que todos los imputados en el caso en cuesti\u00f3n no lo sean, sino que algunos podr\u00edan no serlo y lo que es peor, que llev\u00e1ndonos del leg\u00edtimo reclamo de la justicia inconscientemente apoyemos la injusticia. Sin, en este caso, ver que el mamotreto que prepar\u00f3 el Ministerio P\u00fablico se hizo de manera politiquera y con la firme decisi\u00f3n de distraer y no enfrentar el fondo de la cuesti\u00f3n: las sobreevaluaciones de Punta Catalina, en la cual est\u00e1 envuelto el Presidente y su entorno.<\/p>\n<p>Con su rigor, Miriam da una lecci\u00f3n de derecho y un aliciente, pues nos permite constatar que a pesar del lodazal en que discurre la justicia dominicana en ella hay gente pulcra con la cual hay que contar en un proceso de cambio pol\u00edtico en pa\u00eds.<\/p>\n<p style=\"text-align: right;\"><span style=\"color: #ff0000;\">C\u00e9sar P\u00e9rez<\/span><br \/>\n<span style=\"color: #ff0000;\"><em>Soci\u00f3logo y profesor universitario<\/em><\/span><\/p>\n<p>&nbsp;<\/p>\n","protected":false},"excerpt":{"rendered":"<p>Una de las virtudes de la entra\u00f1able Miriam Germ\u00e1n es su constancia, su coherencia y valent\u00eda; a las que se les suman la sencillez y su defensa y practica del principio, para decirlo con Kant, de no \u201cevadir su deber de la acci\u00f3n necesaria respecto a la ley\u201d. Es por eso que su voto disidente [&hellip;]<\/p>\n","protected":false},"author":1,"featured_media":0,"comment_status":"open","ping_status":"open","sticky":false,"template":"","format":"standard","meta":{"_bbp_topic_count":0,"_bbp_reply_count":0,"_bbp_total_topic_count":0,"_bbp_total_reply_count":0,"_bbp_voice_count":0,"_bbp_anonymous_reply_count":0,"_bbp_topic_count_hidden":0,"_bbp_reply_count_hidden":0,"_bbp_forum_subforum_count":0,"footnotes":""},"categories":[33],"tags":[],"class_list":{"0":"post-291948","1":"post","2":"type-post","3":"status-publish","4":"format-standard","6":"category-opinion"},"_links":{"self":[{"href":"https:\/\/primermomento.com\/index.php?rest_route=\/wp\/v2\/posts\/291948","targetHints":{"allow":["GET"]}}],"collection":[{"href":"https:\/\/primermomento.com\/index.php?rest_route=\/wp\/v2\/posts"}],"about":[{"href":"https:\/\/primermomento.com\/index.php?rest_route=\/wp\/v2\/types\/post"}],"author":[{"embeddable":true,"href":"https:\/\/primermomento.com\/index.php?rest_route=\/wp\/v2\/users\/1"}],"replies":[{"embeddable":true,"href":"https:\/\/primermomento.com\/index.php?rest_route=%2Fwp%2Fv2%2Fcomments&post=291948"}],"version-history":[{"count":0,"href":"https:\/\/primermomento.com\/index.php?rest_route=\/wp\/v2\/posts\/291948\/revisions"}],"wp:attachment":[{"href":"https:\/\/primermomento.com\/index.php?rest_route=%2Fwp%2Fv2%2Fmedia&parent=291948"}],"wp:term":[{"taxonomy":"category","embeddable":true,"href":"https:\/\/primermomento.com\/index.php?rest_route=%2Fwp%2Fv2%2Fcategories&post=291948"},{"taxonomy":"post_tag","embeddable":true,"href":"https:\/\/primermomento.com\/index.php?rest_route=%2Fwp%2Fv2%2Ftags&post=291948"}],"curies":[{"name":"wp","href":"https:\/\/api.w.org\/{rel}","templated":true}]}}