{"id":291966,"date":"2017-07-13T08:28:13","date_gmt":"2017-07-13T12:28:13","guid":{"rendered":"http:\/\/primermomento.com\/?p=291966"},"modified":"2017-07-13T14:31:33","modified_gmt":"2017-07-13T18:31:33","slug":"fallece-exdirectivo-de-federacion-internacional-de-futbol","status":"publish","type":"post","link":"https:\/\/primermomento.com\/?p=291966","title":{"rendered":"Fallece exdirectivo de Federaci\u00f3n Internacional de F\u00fatbol"},"content":{"rendered":"<div class=\"fullNewsIntrotext\">NUEVA YORK, Nueva York.- El exdirectivo de la Federaci\u00f3n Internacional de F\u00fatbol (FIFA) Chuck Blazer falleci\u00f3 aqu\u00ed a los 72 a\u00f1os, confirmaron hoy medios de prensa.<\/div>\n<div><\/div>\n<div class=\"fullNewsFulltext\">\n<figure id=\"attachment_291967\" aria-describedby=\"caption-attachment-291967\" style=\"width: 300px\" class=\"wp-caption alignright\"><img loading=\"lazy\" decoding=\"async\" class=\"size-medium wp-image-291967\" src=\"http:\/\/primermomento.com\/wp-content\/uploads\/2017\/07\/Chuck-Blazer-300x197.jpg\" alt=\"\" width=\"300\" height=\"197\" srcset=\"https:\/\/primermomento.com\/wp-content\/uploads\/2017\/07\/Chuck-Blazer-300x197.jpg 300w, https:\/\/primermomento.com\/wp-content\/uploads\/2017\/07\/Chuck-Blazer-768x504.jpg 768w, https:\/\/primermomento.com\/wp-content\/uploads\/2017\/07\/Chuck-Blazer-500x328.jpg 500w, https:\/\/primermomento.com\/wp-content\/uploads\/2017\/07\/Chuck-Blazer-280x184.jpg 280w, https:\/\/primermomento.com\/wp-content\/uploads\/2017\/07\/Chuck-Blazer-60x40.jpg 60w, https:\/\/primermomento.com\/wp-content\/uploads\/2017\/07\/Chuck-Blazer-638x418.jpg 638w, https:\/\/primermomento.com\/wp-content\/uploads\/2017\/07\/Chuck-Blazer-118x77.jpg 118w, https:\/\/primermomento.com\/wp-content\/uploads\/2017\/07\/Chuck-Blazer-479x314.jpg 479w, https:\/\/primermomento.com\/wp-content\/uploads\/2017\/07\/Chuck-Blazer-153x100.jpg 153w, https:\/\/primermomento.com\/wp-content\/uploads\/2017\/07\/Chuck-Blazer.jpg 860w\" sizes=\"auto, (max-width: 300px) 100vw, 300px\" \/><figcaption id=\"caption-attachment-291967\" class=\"wp-caption-text\">Chuck Blazer.<\/figcaption><\/figure>\n<p>Sus abogados ratificaron su muerte al diario The New York Times y a la cadena televisiva ESPN a trav\u00e9s del presidente de la Federaci\u00f3n Estadounidense de F\u00fatbol, Sunil Gulati.<\/p>\n<p>Acusado de corrupto y luego confidente del Bur\u00f3 Federal de Investigaciones (FBI, siglas en ingl\u00e9s), Blazer result\u00f3 figura clave en el esc\u00e1ndalo que sacudi\u00f3 a la FIFA en 2015.<\/p>\n<p>El exsecretario general de la Confederaci\u00f3n de Norte, Centroam\u00e9rica y Caribe (Concacaf) entre 1990 y 2011 se hizo c\u00e9lebre por cobrar el 10 por ciento de cada contrato de trasmisi\u00f3n de grandes eventos futbol\u00edsticos.<\/p>\n<p>Se desempe\u00f1\u00f3 tambi\u00e9n como vicepresidente de su Federaci\u00f3n nacional y miembro del Comit\u00e9 Ejecutivo de la FIFA, entre 1996 y 2013, hasta que la Comisi\u00f3n de \u00c9tica lo expuls\u00f3 de por vida, tras ser acusado de graves cargos de corrupci\u00f3n.<\/p>\n<p>Blazer, que sufr\u00eda desde hace tiempo c\u00e1ncer de colon y otros problemas de salud, acept\u00f3 colaborar con el Bur\u00f3 Federal de Investigaciones (FBI, Estados Unidos) tras ser acusado judicialmente de sobornos, evasi\u00f3n impositiva, crimen organizado y lavado de dinero.<\/p>\n<p>La investigaci\u00f3n judicial desnud\u00f3 excesivos gastos en lujosos restaurantes y suites de todo el mundo, propiedades en Miami y Bahamas, y gastos en desv\u00edos de m\u00e1s de 20 millones de d\u00f3lares a cuentas en Islas Caim\u00e1n y Bahamas.<\/p><\/div>\n<div><\/div>\n<div style=\"text-align: right;\"><span style=\"color: #ff0000;\"><em>PL<\/em><\/span><\/div>\n","protected":false},"excerpt":{"rendered":"<p>NUEVA YORK, Nueva York.- El exdirectivo de la Federaci\u00f3n Internacional de F\u00fatbol (FIFA) Chuck Blazer falleci\u00f3 aqu\u00ed a los 72 a\u00f1os, confirmaron hoy medios de prensa. Sus abogados ratificaron su muerte al diario The New York Times y a la cadena televisiva ESPN a trav\u00e9s del presidente de la Federaci\u00f3n Estadounidense de F\u00fatbol, Sunil Gulati. [&hellip;]<\/p>\n","protected":false},"author":1,"featured_media":0,"comment_status":"open","ping_status":"open","sticky":false,"template":"","format":"standard","meta":{"_bbp_topic_count":0,"_bbp_reply_count":0,"_bbp_total_topic_count":0,"_bbp_total_reply_count":0,"_bbp_voice_count":0,"_bbp_anonymous_reply_count":0,"_bbp_topic_count_hidden":0,"_bbp_reply_count_hidden":0,"_bbp_forum_subforum_count":0,"footnotes":""},"categories":[42,60],"tags":[],"class_list":{"0":"post-291966","1":"post","2":"type-post","3":"status-publish","4":"format-standard","6":"category-deportes","7":"category-titulares-del-dia"},"_links":{"self":[{"href":"https:\/\/primermomento.com\/index.php?rest_route=\/wp\/v2\/posts\/291966","targetHints":{"allow":["GET"]}}],"collection":[{"href":"https:\/\/primermomento.com\/index.php?rest_route=\/wp\/v2\/posts"}],"about":[{"href":"https:\/\/primermomento.com\/index.php?rest_route=\/wp\/v2\/types\/post"}],"author":[{"embeddable":true,"href":"https:\/\/primermomento.com\/index.php?rest_route=\/wp\/v2\/users\/1"}],"replies":[{"embeddable":true,"href":"https:\/\/primermomento.com\/index.php?rest_route=%2Fwp%2Fv2%2Fcomments&post=291966"}],"version-history":[{"count":0,"href":"https:\/\/primermomento.com\/index.php?rest_route=\/wp\/v2\/posts\/291966\/revisions"}],"wp:attachment":[{"href":"https:\/\/primermomento.com\/index.php?rest_route=%2Fwp%2Fv2%2Fmedia&parent=291966"}],"wp:term":[{"taxonomy":"category","embeddable":true,"href":"https:\/\/primermomento.com\/index.php?rest_route=%2Fwp%2Fv2%2Fcategories&post=291966"},{"taxonomy":"post_tag","embeddable":true,"href":"https:\/\/primermomento.com\/index.php?rest_route=%2Fwp%2Fv2%2Ftags&post=291966"}],"curies":[{"name":"wp","href":"https:\/\/api.w.org\/{rel}","templated":true}]}}