{"id":291977,"date":"2017-07-13T19:25:37","date_gmt":"2017-07-13T23:25:37","guid":{"rendered":"http:\/\/primermomento.com\/?p=291977"},"modified":"2017-07-13T19:45:08","modified_gmt":"2017-07-13T23:45:08","slug":"bani-policia-regional-satisfacha-con-operativos-antidelictivos","status":"publish","type":"post","link":"https:\/\/primermomento.com\/?p=291977","title":{"rendered":"BAN\u00cd | Polic\u00eda Regional satisfecha con operativos antidelictivos"},"content":{"rendered":"<p>BAN\u00cd, Rep\u00fablica Dominicana.- La Direcci\u00f3n Regional Sur Central de la Polic\u00eda, mostr\u00f3 su satisfacci\u00f3n por los resultados de los operativos puestos en marcha recientemente.<\/p>\n<figure id=\"attachment_280231\" aria-describedby=\"caption-attachment-280231\" style=\"width: 300px\" class=\"wp-caption alignleft\"><img loading=\"lazy\" decoding=\"async\" class=\"size-medium wp-image-280231\" src=\"http:\/\/primermomento.com\/wp-content\/uploads\/2016\/08\/IMG_5166-Carlos-Villar-Luna-300x225.jpg\" alt=\"\" width=\"300\" height=\"225\" srcset=\"https:\/\/primermomento.com\/wp-content\/uploads\/2016\/08\/IMG_5166-Carlos-Villar-Luna-300x225.jpg 300w, https:\/\/primermomento.com\/wp-content\/uploads\/2016\/08\/IMG_5166-Carlos-Villar-Luna-768x576.jpg 768w, https:\/\/primermomento.com\/wp-content\/uploads\/2016\/08\/IMG_5166-Carlos-Villar-Luna-1024x768.jpg 1024w, https:\/\/primermomento.com\/wp-content\/uploads\/2016\/08\/IMG_5166-Carlos-Villar-Luna-120x90.jpg 120w, https:\/\/primermomento.com\/wp-content\/uploads\/2016\/08\/IMG_5166-Carlos-Villar-Luna-500x375.jpg 500w, https:\/\/primermomento.com\/wp-content\/uploads\/2016\/08\/IMG_5166-Carlos-Villar-Luna-280x210.jpg 280w, https:\/\/primermomento.com\/wp-content\/uploads\/2016\/08\/IMG_5166-Carlos-Villar-Luna-638x479.jpg 638w, https:\/\/primermomento.com\/wp-content\/uploads\/2016\/08\/IMG_5166-Carlos-Villar-Luna-118x89.jpg 118w, https:\/\/primermomento.com\/wp-content\/uploads\/2016\/08\/IMG_5166-Carlos-Villar-Luna-479x359.jpg 479w\" sizes=\"auto, (max-width: 300px) 100vw, 300px\" \/><figcaption id=\"caption-attachment-280231\" class=\"wp-caption-text\">Teniente coronel Carlos Villar Luna, portavoz policial. Foto | PrimerMomento.<\/figcaption><\/figure>\n<p>El teniente coronel Carlos Villar Luna, portavoz de la instituci\u00f3n inform\u00f3 durante los meses mayo y junio ocuparon 39 porciones de coca\u00edna, y 658 de marihuana.<\/p>\n<p>Agreg\u00f3 se incautaron de 11 armas de fuego, dos armas blanca, siete chilenas y una pistola de juguete.<\/p>\n<p>Durante las redadas, los agentes han incautado motocicletas robadas, recuperadas 32 y retenidas mil 300 por violaci\u00f3n a la ley de tr\u00e1nsito.<\/p>\n<p>Villar Luna a\u00f1adi\u00f3 han recuperado 81 celulares y han arrestado a 130 sospechosos.<\/p>\n<p>La jefatura policial regional evalu\u00f3 estos reportes como positivos en la lucha contra los actos delictivos en la provincia Peravia.<\/p>\n<p style=\"text-align: right;\"><span style=\"color: #ff0000;\">Primer<\/span>Momento<\/p>\n<p>&nbsp;<\/p>\n","protected":false},"excerpt":{"rendered":"<p>BAN\u00cd, Rep\u00fablica Dominicana.- La Direcci\u00f3n Regional Sur Central de la Polic\u00eda, mostr\u00f3 su satisfacci\u00f3n por los resultados de los operativos puestos en marcha recientemente. El teniente coronel Carlos Villar Luna, portavoz de la instituci\u00f3n inform\u00f3 durante los meses mayo y junio ocuparon 39 porciones de coca\u00edna, y 658 de marihuana. Agreg\u00f3 se incautaron de 11 [&hellip;]<\/p>\n","protected":false},"author":1,"featured_media":0,"comment_status":"open","ping_status":"open","sticky":false,"template":"","format":"standard","meta":{"_bbp_topic_count":0,"_bbp_reply_count":0,"_bbp_total_topic_count":0,"_bbp_total_reply_count":0,"_bbp_voice_count":0,"_bbp_anonymous_reply_count":0,"_bbp_topic_count_hidden":0,"_bbp_reply_count_hidden":0,"_bbp_forum_subforum_count":0,"footnotes":""},"categories":[60,32],"tags":[],"class_list":{"0":"post-291977","1":"post","2":"type-post","3":"status-publish","4":"format-standard","6":"category-titulares-del-dia","7":"category-lo-ultimo"},"_links":{"self":[{"href":"https:\/\/primermomento.com\/index.php?rest_route=\/wp\/v2\/posts\/291977","targetHints":{"allow":["GET"]}}],"collection":[{"href":"https:\/\/primermomento.com\/index.php?rest_route=\/wp\/v2\/posts"}],"about":[{"href":"https:\/\/primermomento.com\/index.php?rest_route=\/wp\/v2\/types\/post"}],"author":[{"embeddable":true,"href":"https:\/\/primermomento.com\/index.php?rest_route=\/wp\/v2\/users\/1"}],"replies":[{"embeddable":true,"href":"https:\/\/primermomento.com\/index.php?rest_route=%2Fwp%2Fv2%2Fcomments&post=291977"}],"version-history":[{"count":0,"href":"https:\/\/primermomento.com\/index.php?rest_route=\/wp\/v2\/posts\/291977\/revisions"}],"wp:attachment":[{"href":"https:\/\/primermomento.com\/index.php?rest_route=%2Fwp%2Fv2%2Fmedia&parent=291977"}],"wp:term":[{"taxonomy":"category","embeddable":true,"href":"https:\/\/primermomento.com\/index.php?rest_route=%2Fwp%2Fv2%2Fcategories&post=291977"},{"taxonomy":"post_tag","embeddable":true,"href":"https:\/\/primermomento.com\/index.php?rest_route=%2Fwp%2Fv2%2Ftags&post=291977"}],"curies":[{"name":"wp","href":"https:\/\/api.w.org\/{rel}","templated":true}]}}