{"id":291980,"date":"2017-07-13T19:42:06","date_gmt":"2017-07-13T23:42:06","guid":{"rendered":"http:\/\/primermomento.com\/?p=291980"},"modified":"2017-07-13T20:11:11","modified_gmt":"2017-07-14T00:11:11","slug":"bani-abogado-planea-llevar-caso-de-regidores-al-tsa","status":"publish","type":"post","link":"https:\/\/primermomento.com\/?p=291980","title":{"rendered":"BAN\u00cd | Abogado planea llevar caso de regidores al TSA"},"content":{"rendered":"<p>BAN\u00cd, Rep\u00fablica Dominicana.- Un abogado anunci\u00f3 proceder\u00e1 a impugnar la resoluci\u00f3n del Concejo de Regidores que dispone el pago de compensaci\u00f3n por dietas y vi\u00e1ticos a los ediles de la Municipalidad, cuyo monto totalizar\u00eda 20 mil pesos m\u00e1s al sueldo mensual de cada miembro de la Sala Capitular.<\/p>\n<figure id=\"attachment_291981\" aria-describedby=\"caption-attachment-291981\" style=\"width: 300px\" class=\"wp-caption alignleft\"><img loading=\"lazy\" decoding=\"async\" class=\"size-medium wp-image-291981\" src=\"http:\/\/primermomento.com\/wp-content\/uploads\/2017\/07\/Jorge-de-los-Santos3-300x225.jpg\" alt=\"\" width=\"300\" height=\"225\" srcset=\"https:\/\/primermomento.com\/wp-content\/uploads\/2017\/07\/Jorge-de-los-Santos3-300x225.jpg 300w, https:\/\/primermomento.com\/wp-content\/uploads\/2017\/07\/Jorge-de-los-Santos3-120x90.jpg 120w, https:\/\/primermomento.com\/wp-content\/uploads\/2017\/07\/Jorge-de-los-Santos3-500x375.jpg 500w, https:\/\/primermomento.com\/wp-content\/uploads\/2017\/07\/Jorge-de-los-Santos3-280x210.jpg 280w, https:\/\/primermomento.com\/wp-content\/uploads\/2017\/07\/Jorge-de-los-Santos3-638x479.jpg 638w, https:\/\/primermomento.com\/wp-content\/uploads\/2017\/07\/Jorge-de-los-Santos3-118x89.jpg 118w, https:\/\/primermomento.com\/wp-content\/uploads\/2017\/07\/Jorge-de-los-Santos3-479x359.jpg 479w, https:\/\/primermomento.com\/wp-content\/uploads\/2017\/07\/Jorge-de-los-Santos3.jpg 640w\" sizes=\"auto, (max-width: 300px) 100vw, 300px\" \/><figcaption id=\"caption-attachment-291981\" class=\"wp-caption-text\">Jorge de los Santos, reconocido abogado banilejo podr\u00eda solicitar a la C\u00e1mara Civil y Comercial de la provincia Peravia, la anulaci\u00f3n de la resoluci\u00f3n del Concejo de Regidores de Ban\u00ed. Foto archivo | Primer Momento.<\/figcaption><\/figure>\n<p>-A estos concejales hay que ponerles frenos para que no contin\u00faen haci\u00e9ndole da\u00f1o a la Municipalidad -afirm\u00f3 el abogado Jorge de los Santos.<\/p>\n<p>De los Santos sostuvo, adem\u00e1s, se han cometido abusos contra empresarios, comerciantes y hombres y mujeres de negocios en el municipio Ban\u00ed, y dijo que ese comportamiento viene de los concejales.<\/p>\n<p>\u00abLa Constituci\u00f3n proh\u00edbe que se legisle para su beneficio personal\u00bb, argument\u00f3 al prometer que llevar\u00e1 el caso al citado tribunal, por considerar ilegal la disposici\u00f3n que significa en la pr\u00e1ctica un aumento de salario para cada concejal.<\/p>\n<p>La demanda de nulidad a la resoluci\u00f3n del Concejo Municipal de Ban\u00ed podr\u00eda ser llevada ante la C\u00e1mara Civil y Comercial de la provincia Peravia -que asume la funci\u00f3n de Tribunal Superior Administrativo (TSA)- para que decida sobre la legalidad de la medida adoptada por los regidores de esta localidad.<\/p>\n<p style=\"text-align: right;\"><span style=\"color: #ff0000;\">Primer<\/span>Momento<\/p>\n","protected":false},"excerpt":{"rendered":"<p>BAN\u00cd, Rep\u00fablica Dominicana.- Un abogado anunci\u00f3 proceder\u00e1 a impugnar la resoluci\u00f3n del Concejo de Regidores que dispone el pago de compensaci\u00f3n por dietas y vi\u00e1ticos a los ediles de la Municipalidad, cuyo monto totalizar\u00eda 20 mil pesos m\u00e1s al sueldo mensual de cada miembro de la Sala Capitular. -A estos concejales hay que ponerles frenos [&hellip;]<\/p>\n","protected":false},"author":1,"featured_media":0,"comment_status":"open","ping_status":"open","sticky":false,"template":"","format":"standard","meta":{"_bbp_topic_count":0,"_bbp_reply_count":0,"_bbp_total_topic_count":0,"_bbp_total_reply_count":0,"_bbp_voice_count":0,"_bbp_anonymous_reply_count":0,"_bbp_topic_count_hidden":0,"_bbp_reply_count_hidden":0,"_bbp_forum_subforum_count":0,"footnotes":""},"categories":[30,60],"tags":[],"class_list":{"0":"post-291980","1":"post","2":"type-post","3":"status-publish","4":"format-standard","6":"category-actualidad","7":"category-titulares-del-dia"},"_links":{"self":[{"href":"https:\/\/primermomento.com\/index.php?rest_route=\/wp\/v2\/posts\/291980","targetHints":{"allow":["GET"]}}],"collection":[{"href":"https:\/\/primermomento.com\/index.php?rest_route=\/wp\/v2\/posts"}],"about":[{"href":"https:\/\/primermomento.com\/index.php?rest_route=\/wp\/v2\/types\/post"}],"author":[{"embeddable":true,"href":"https:\/\/primermomento.com\/index.php?rest_route=\/wp\/v2\/users\/1"}],"replies":[{"embeddable":true,"href":"https:\/\/primermomento.com\/index.php?rest_route=%2Fwp%2Fv2%2Fcomments&post=291980"}],"version-history":[{"count":0,"href":"https:\/\/primermomento.com\/index.php?rest_route=\/wp\/v2\/posts\/291980\/revisions"}],"wp:attachment":[{"href":"https:\/\/primermomento.com\/index.php?rest_route=%2Fwp%2Fv2%2Fmedia&parent=291980"}],"wp:term":[{"taxonomy":"category","embeddable":true,"href":"https:\/\/primermomento.com\/index.php?rest_route=%2Fwp%2Fv2%2Fcategories&post=291980"},{"taxonomy":"post_tag","embeddable":true,"href":"https:\/\/primermomento.com\/index.php?rest_route=%2Fwp%2Fv2%2Ftags&post=291980"}],"curies":[{"name":"wp","href":"https:\/\/api.w.org\/{rel}","templated":true}]}}