{"id":291996,"date":"2017-07-14T07:50:12","date_gmt":"2017-07-14T11:50:12","guid":{"rendered":"http:\/\/primermomento.com\/?p=291996"},"modified":"2017-07-14T15:34:04","modified_gmt":"2017-07-14T19:34:04","slug":"bani-viaje-del-alcalde-a-boston-no-fue-conocido-y-aprobado","status":"publish","type":"post","link":"https:\/\/primermomento.com\/?p=291996","title":{"rendered":"BAN\u00cd | Viaje del alcalde a Boston no fue conocido y aprobado"},"content":{"rendered":"<p>BAN\u00cd, Rep\u00fablica Dominicana.- La solicitud de permiso que hiciera el alcalde Chacho Landestoy para encabezar una comitiva del Ayuntamiento, que visitar\u00e1 la ciudad de Boston, no fue conocida ni aprobada en la pasada sesi\u00f3n del 12 de julio del Consejo de Regidores de esta Municipalidad, pero ni el presidente del Cabildo, H\u00e9ctor Moscat ni el secretario de la Sala Capitular, Wilson Guerrero, dieron explicaciones por qu\u00e9 no se debati\u00f3 este punto que, supuestamente, debi\u00f3 haber estado en agenda.<\/p>\n<figure id=\"attachment_291997\" aria-describedby=\"caption-attachment-291997\" style=\"width: 300px\" class=\"wp-caption alignright\"><img loading=\"lazy\" decoding=\"async\" class=\"size-medium wp-image-291997\" src=\"http:\/\/primermomento.com\/wp-content\/uploads\/2017\/07\/chacho-y-regidores-300x232.jpg\" alt=\"\" width=\"300\" height=\"232\" srcset=\"https:\/\/primermomento.com\/wp-content\/uploads\/2017\/07\/chacho-y-regidores-300x232.jpg 300w, https:\/\/primermomento.com\/wp-content\/uploads\/2017\/07\/chacho-y-regidores-80x63.jpg 80w, https:\/\/primermomento.com\/wp-content\/uploads\/2017\/07\/chacho-y-regidores-500x387.jpg 500w, https:\/\/primermomento.com\/wp-content\/uploads\/2017\/07\/chacho-y-regidores-280x217.jpg 280w, https:\/\/primermomento.com\/wp-content\/uploads\/2017\/07\/chacho-y-regidores-638x494.jpg 638w, https:\/\/primermomento.com\/wp-content\/uploads\/2017\/07\/chacho-y-regidores-118x91.jpg 118w, https:\/\/primermomento.com\/wp-content\/uploads\/2017\/07\/chacho-y-regidores-479x371.jpg 479w, https:\/\/primermomento.com\/wp-content\/uploads\/2017\/07\/chacho-y-regidores.jpg 653w\" sizes=\"auto, (max-width: 300px) 100vw, 300px\" \/><figcaption id=\"caption-attachment-291997\" class=\"wp-caption-text\">En la parte superior de la composici\u00f3n fotogr\u00e1fica, el alcalde Chacho Landestoy, y abajo aparecen los regidores Juan Germ\u00e1n y Yomaira Pe\u00f1a. Foto cr\u00e9dito | ElPoderBanilejo.<\/figcaption><\/figure>\n<p>El venidero 23 de julio se efectuar\u00e1 el decimo Convite Internacional Banilejo, un evento al que asisten miles de personas de la provincia Peravia, Rep\u00fablica Dominicana, Latinoam\u00e9rica, el Caribe y EEUU.<\/p>\n<p>En el oficio que le hizo llegar el alcalde a la Sala Capitular, el ejecutivo municipal inform\u00f3 que lo acompa\u00f1ar\u00e1n los regidores Yomaira Pe\u00f1a y Juan Germ\u00e1n, as\u00ed como tambi\u00e9n la comunicadora Paloma Lora.<\/p>\n<p>En el citado memor\u00e1ndum no se dijo cu\u00e1l es el costo del viaje y qui\u00e9n o qui\u00e9nes pagar\u00e1n por el mismo.<\/p>\n<p>De acuerdo a la ley 176-07, inciso B, una de las funciones de los regidores es conocer y aprobar las delegaciones que representan sus respectivos municipios.<\/p>\n<p>Fuentes informativas indicaron que el alcalde prefiri\u00f3 escoger a dos regidores para ese periplo sin explicar por qu\u00e9 tom\u00f3 la decisi\u00f3n por encima del Concejo Municipal.<\/p>\n<p>En relaci\u00f3n a ese viaje, la edil Mabel Castillo le pregunt\u00f3 a la gerente financiera, Yeni Bobre, cu\u00e1nto va a costar, pero la funcionaria no dio explicaciones, por lo que se entiende ha sido planificado como un gasto discrecional, incluso, ignorando el control y fiscalizaci\u00f3n que deber\u00eda tener el Concejo de Regidores como contrapeso del ejecutivo municipal.<\/p>\n<p style=\"text-align: right;\"><span style=\"color: #ff0000;\">Primer<\/span>Momento<\/p>\n<p>&nbsp;<\/p>\n","protected":false},"excerpt":{"rendered":"<p>BAN\u00cd, Rep\u00fablica Dominicana.- La solicitud de permiso que hiciera el alcalde Chacho Landestoy para encabezar una comitiva del Ayuntamiento, que visitar\u00e1 la ciudad de Boston, no fue conocida ni aprobada en la pasada sesi\u00f3n del 12 de julio del Consejo de Regidores de esta Municipalidad, pero ni el presidente del Cabildo, H\u00e9ctor Moscat ni el [&hellip;]<\/p>\n","protected":false},"author":1,"featured_media":0,"comment_status":"open","ping_status":"open","sticky":false,"template":"","format":"standard","meta":{"_bbp_topic_count":0,"_bbp_reply_count":0,"_bbp_total_topic_count":0,"_bbp_total_reply_count":0,"_bbp_voice_count":0,"_bbp_anonymous_reply_count":0,"_bbp_topic_count_hidden":0,"_bbp_reply_count_hidden":0,"_bbp_forum_subforum_count":0,"footnotes":""},"categories":[60,32],"tags":[],"class_list":{"0":"post-291996","1":"post","2":"type-post","3":"status-publish","4":"format-standard","6":"category-titulares-del-dia","7":"category-lo-ultimo"},"_links":{"self":[{"href":"https:\/\/primermomento.com\/index.php?rest_route=\/wp\/v2\/posts\/291996","targetHints":{"allow":["GET"]}}],"collection":[{"href":"https:\/\/primermomento.com\/index.php?rest_route=\/wp\/v2\/posts"}],"about":[{"href":"https:\/\/primermomento.com\/index.php?rest_route=\/wp\/v2\/types\/post"}],"author":[{"embeddable":true,"href":"https:\/\/primermomento.com\/index.php?rest_route=\/wp\/v2\/users\/1"}],"replies":[{"embeddable":true,"href":"https:\/\/primermomento.com\/index.php?rest_route=%2Fwp%2Fv2%2Fcomments&post=291996"}],"version-history":[{"count":0,"href":"https:\/\/primermomento.com\/index.php?rest_route=\/wp\/v2\/posts\/291996\/revisions"}],"wp:attachment":[{"href":"https:\/\/primermomento.com\/index.php?rest_route=%2Fwp%2Fv2%2Fmedia&parent=291996"}],"wp:term":[{"taxonomy":"category","embeddable":true,"href":"https:\/\/primermomento.com\/index.php?rest_route=%2Fwp%2Fv2%2Fcategories&post=291996"},{"taxonomy":"post_tag","embeddable":true,"href":"https:\/\/primermomento.com\/index.php?rest_route=%2Fwp%2Fv2%2Ftags&post=291996"}],"curies":[{"name":"wp","href":"https:\/\/api.w.org\/{rel}","templated":true}]}}