{"id":292005,"date":"2017-07-14T06:20:45","date_gmt":"2017-07-14T10:20:45","guid":{"rendered":"http:\/\/primermomento.com\/?p=292005"},"modified":"2017-07-14T08:26:02","modified_gmt":"2017-07-14T12:26:02","slug":"jueces-electorales-defienden-actuaciones-en-audiencia-consejo-de-la-magistratura","status":"publish","type":"post","link":"https:\/\/primermomento.com\/?p=292005","title":{"rendered":"Jueces electorales defienden actuaciones en audiencia Consejo de la Magistratura"},"content":{"rendered":"<p>SANTO DOMINGO, Rep\u00fablica Dominicana.- El Consejo Nacional de la Magistratura (CNM) inici\u00f3 ayer jueves las entrevistas a los postulantes al Tribunal Superior Electoral (TSE) y a las cuatro vacantes de la Suprema Corte de Justicia (SCJ) donde destacaron las intervenciones de tres de los jueces del primero de esos organismos.<\/p>\n<figure id=\"attachment_292006\" aria-describedby=\"caption-attachment-292006\" style=\"width: 300px\" class=\"wp-caption alignleft\"><img loading=\"lazy\" decoding=\"async\" class=\"size-medium wp-image-292006\" src=\"http:\/\/primermomento.com\/wp-content\/uploads\/2017\/07\/Jos\u00e9-Ignacio-Paliza-y-John-Guiliani-300x160.jpg\" alt=\"\" width=\"300\" height=\"160\" \/><figcaption id=\"caption-attachment-292006\" class=\"wp-caption-text\">Jos\u00e9 Ignacio Paliza y John Guiliani.<\/figcaption><\/figure>\n<p>El consejo, que encabeza el presidente Danilo Medina, inici\u00f3 su trabajo algunos minutos despu\u00e9s de las cuatro de la tarde y se extendi\u00f3 por siete horas.<\/p>\n<p>Las intervenciones m\u00e1s intensas correspondieron a los jueces y aspirantes Mabel Feliz, John Guiliani Valenzuela y Marino Mendoza, quienes defendieron sus actuaciones en el tribunal, coincidiendo en que ninguna de las sentencias que emitieron y fueron impugnadas ante el Tribunal Constitucional, fueron revocadas.<\/p>\n<p>Asimismo, los tres dijeron aprovechar la oportunidad para defenderse de las acusaciones que sectores pol\u00edticos y de la sociedad civil le han hecho durante varios a\u00f1os.<\/p>\n<p>Feliz, incluso, se tom\u00f3 mucho m\u00e1s tiempo que le ofreci\u00f3 el CNM a cada candidato para argumentar a su favor, antes de las preguntas que le formularon los miembros del organismo.<\/p>\n<p>En un par de oportunidades, el presidente Medina le record\u00f3 que su tiempo hab\u00eda concluido, pero a\u00fan as\u00ed la jueza insisti\u00f3 y logr\u00f3 concluir sus argumentaciones.<\/p>\n<p>Luego, las preguntas directas de la diputada Josefa Castillo y del senador Jos\u00e9 Paliza, ambos del PRM, iban dirigidas a cuestionar su accionar como miembro del TSE, y a las acusaciones que los partidos de oposici\u00f3n le hacen al organismo emitir sus decisiones en favor del oficialismo.<\/p>\n<p>Al final de su larga intervenci\u00f3n, el presidente del Senado, Reinaldo Pared P\u00e9rez, pareci\u00f3 \u00abtirarle la toalla\u00bb con la pregunta de que si ella pertenec\u00eda a alg\u00fan partido pol\u00edtico, contestando la jueza que no.<\/p>\n<p>Llegado el turno de Guiliani, las preguntas de los legisladores del PRM hacia este incluyeron aspectos jur\u00eddicos, pol\u00edticos y familiares, quien reiter\u00f3 que las objeciones presentadas en contra de los miembros de ese organismo eran \u00abfaranduleras\u00bb y \u00abpolitiqueras\u00bb.<\/p>\n<p>Dijo que el TSE ha dado sus decisiones coherentemente motivadas y fundamentadas en los mismos art\u00edculos de los partidos pol\u00edticos.<\/p>\n<p>Al ser cuestionado sobre la pensi\u00f3n que cobraba en la Junta Central Electoral (JCE), siendo miembro del TSE, dijo que haciendo un ejercicio \u00e9tico renunci\u00f3 a la misma.<\/p>\n<p>\u00abLuego de ser nombrado en el TSE, en la misma fecha que el presidente de la JCE, Julio C\u00e9sar Casta\u00f1os Guzm\u00e1n, suspendi\u00f3 su pensi\u00f3n, lo hice yo. Otros jueces a\u00fan se mantienen cobr\u00e1ndolas porque el reglamento de la JCE no lo proh\u00edbe, no soy yo, es el reglamento\u00bb, sostuvo.<\/p>\n<p>Mendoza, de su lado, dijo que acud\u00eda ante el Consejo Nacional de la Magistratura a defender \u00absu honor\u00bb.<\/p>\n<p>Las audiencias contin\u00faan este viernes a partir de las 9:00 de la ma\u00f1ana.<\/p>\n<p style=\"text-align: right;\"><em><span style=\"color: #ff0000;\">EFE<\/span><\/em><\/p>\n","protected":false},"excerpt":{"rendered":"<p>SANTO DOMINGO, Rep\u00fablica Dominicana.- El Consejo Nacional de la Magistratura (CNM) inici\u00f3 ayer jueves las entrevistas a los postulantes al Tribunal Superior Electoral (TSE) y a las cuatro vacantes de la Suprema Corte de Justicia (SCJ) donde destacaron las intervenciones de tres de los jueces del primero de esos organismos. El consejo, que encabeza el [&hellip;]<\/p>\n","protected":false},"author":1,"featured_media":0,"comment_status":"open","ping_status":"open","sticky":false,"template":"","format":"standard","meta":{"_bbp_topic_count":0,"_bbp_reply_count":0,"_bbp_total_topic_count":0,"_bbp_total_reply_count":0,"_bbp_voice_count":0,"_bbp_anonymous_reply_count":0,"_bbp_topic_count_hidden":0,"_bbp_reply_count_hidden":0,"_bbp_forum_subforum_count":0,"footnotes":""},"categories":[60,31],"tags":[],"class_list":{"0":"post-292005","1":"post","2":"type-post","3":"status-publish","4":"format-standard","6":"category-titulares-del-dia","7":"category-estados-unidos"},"_links":{"self":[{"href":"https:\/\/primermomento.com\/index.php?rest_route=\/wp\/v2\/posts\/292005","targetHints":{"allow":["GET"]}}],"collection":[{"href":"https:\/\/primermomento.com\/index.php?rest_route=\/wp\/v2\/posts"}],"about":[{"href":"https:\/\/primermomento.com\/index.php?rest_route=\/wp\/v2\/types\/post"}],"author":[{"embeddable":true,"href":"https:\/\/primermomento.com\/index.php?rest_route=\/wp\/v2\/users\/1"}],"replies":[{"embeddable":true,"href":"https:\/\/primermomento.com\/index.php?rest_route=%2Fwp%2Fv2%2Fcomments&post=292005"}],"version-history":[{"count":0,"href":"https:\/\/primermomento.com\/index.php?rest_route=\/wp\/v2\/posts\/292005\/revisions"}],"wp:attachment":[{"href":"https:\/\/primermomento.com\/index.php?rest_route=%2Fwp%2Fv2%2Fmedia&parent=292005"}],"wp:term":[{"taxonomy":"category","embeddable":true,"href":"https:\/\/primermomento.com\/index.php?rest_route=%2Fwp%2Fv2%2Fcategories&post=292005"},{"taxonomy":"post_tag","embeddable":true,"href":"https:\/\/primermomento.com\/index.php?rest_route=%2Fwp%2Fv2%2Ftags&post=292005"}],"curies":[{"name":"wp","href":"https:\/\/api.w.org\/{rel}","templated":true}]}}