{"id":292021,"date":"2017-07-15T07:42:43","date_gmt":"2017-07-15T11:42:43","guid":{"rendered":"http:\/\/primermomento.com\/?p=292021"},"modified":"2017-07-15T14:52:37","modified_gmt":"2017-07-15T18:52:37","slug":"bani-sugieren-a-concejo-de-regidores-crear-oficina-de-prensa","status":"publish","type":"post","link":"https:\/\/primermomento.com\/?p=292021","title":{"rendered":"BAN\u00cd | Sugiere a Concejo de Regidores crear Oficina de Prensa"},"content":{"rendered":"<p>BAN\u00cd, Rep\u00fablica Dominicana.- Ante los conflictos de poderes que se originan entre los ediles y la Oficina del alcalde, y porque las informaciones oficiales del Concejo no se difunden, oportunamente, hacia la poblaci\u00f3n, el analista pol\u00edtico Juan Mart\u00ednez cree que los regidores deber\u00edan aprobar el nombramiento de un periodista o comunicador capacitado que asuma las responsabilidades de presentar los hechos y reportes tal y como ocurren cuando se conocen y se debaten diferentes temas que afectan al municipio de Ban\u00ed.<\/p>\n<figure id=\"attachment_292025\" aria-describedby=\"caption-attachment-292025\" style=\"width: 300px\" class=\"wp-caption alignleft\"><img loading=\"lazy\" decoding=\"async\" class=\"size-medium wp-image-292025\" src=\"http:\/\/primermomento.com\/wp-content\/uploads\/2017\/07\/Juan-Martinez3-300x225.jpg\" alt=\"\" width=\"300\" height=\"225\" srcset=\"https:\/\/primermomento.com\/wp-content\/uploads\/2017\/07\/Juan-Martinez3-300x225.jpg 300w, https:\/\/primermomento.com\/wp-content\/uploads\/2017\/07\/Juan-Martinez3-120x90.jpg 120w, https:\/\/primermomento.com\/wp-content\/uploads\/2017\/07\/Juan-Martinez3-500x375.jpg 500w, https:\/\/primermomento.com\/wp-content\/uploads\/2017\/07\/Juan-Martinez3-280x210.jpg 280w, https:\/\/primermomento.com\/wp-content\/uploads\/2017\/07\/Juan-Martinez3-638x479.jpg 638w, https:\/\/primermomento.com\/wp-content\/uploads\/2017\/07\/Juan-Martinez3-118x89.jpg 118w, https:\/\/primermomento.com\/wp-content\/uploads\/2017\/07\/Juan-Martinez3-479x359.jpg 479w, https:\/\/primermomento.com\/wp-content\/uploads\/2017\/07\/Juan-Martinez3.jpg 640w\" sizes=\"auto, (max-width: 300px) 100vw, 300px\" \/><figcaption id=\"caption-attachment-292025\" class=\"wp-caption-text\">Juan Mart\u00ednez. Foto archivo | Primer Momento.<\/figcaption><\/figure>\n<p>Para el tambi\u00e9n comentarista del espacio audiovisual Matutino Tele 10 del canal 10 de Intercable Banilejo, ese profesional de la comunicaci\u00f3n social deber\u00eda ser un ente imparcial, que no se incline ni para uno ni para otro bando; que sea capaz de producir reportes y boletines informativos veraces y objetivos, lo que fortalece la instituci\u00f3n.<\/p>\n<p>En uno de los programas de Matutino Tele 10 esta semana, el abogado Juan Mart\u00ednez explic\u00f3 a la teleaudiencia que es importante que el Concejo Municipal contemple esa posibilidad debido al choque de poderes que se ha dado entre la oficina del alcalde y los regidores.<\/p>\n<p>En su comentario, Mart\u00ednez puso como ejemplo la desagradable confrontaci\u00f3n entre dos regidores y la encargada de Relaciones P\u00fablicas del alcalde. Los ediles hab\u00edan reclamado por qu\u00e9 no les han entregado copias de video de la pen\u00faltima sesi\u00f3n. La funcionaria responsable respondi\u00f3 que no lo ha hecho porque su oficina ha tenido mucho trabajo.<\/p>\n<p>La regidora Carolina D\u00edaz exhort\u00f3 a H\u00e9ctor Moscat a imponer su autoridad como presidente del Concejo para que ese tipo de situaciones no ocurran. \u00abSomos funcionarios electos\u00bb, repiti\u00f3 una y otra vez la edil en la sesi\u00f3n de este mi\u00e9rcoles 12 de julio.<\/p>\n<p>El pol\u00edtico y abogado Juan Mart\u00ednez piensa que Judith Darian Peguero es la relacionadora p\u00fablica del alcalde y no del Ayuntamiento como instituci\u00f3n. \u00abPor eso, se ha dado este conflicto; el Concejo de Regidores deber\u00eda tener su propia oficina de Prensa\u00bb.<\/p>\n<p>Hace varios meses, el periodista Luis De Los Santos le recomend\u00f3 al presidente del Concejo Municipal que entregara copias del contenido de todo lo que se vaya a conocer, debatir y aprobar en las sesiones del Cabildo para que los representantes de la prensa pudieran hacer un mejor trabajo, pero se desconoce si esa observaci\u00f3n fue acogida y si est\u00e1n preparando alg\u00fan tipo de protocolo para la implementaci\u00f3n de una posible pol\u00edtica de relaci\u00f3n con los medios de comunicaci\u00f3n social.<\/p>\n<p style=\"text-align: right;\"><span style=\"color: #ff0000;\">Primer<\/span>Momento<\/p>\n<p>&nbsp;<\/p>\n<p>&nbsp;<\/p>\n","protected":false},"excerpt":{"rendered":"<p>BAN\u00cd, Rep\u00fablica Dominicana.- Ante los conflictos de poderes que se originan entre los ediles y la Oficina del alcalde, y porque las informaciones oficiales del Concejo no se difunden, oportunamente, hacia la poblaci\u00f3n, el analista pol\u00edtico Juan Mart\u00ednez cree que los regidores deber\u00edan aprobar el nombramiento de un periodista o comunicador capacitado que asuma las [&hellip;]<\/p>\n","protected":false},"author":1,"featured_media":0,"comment_status":"open","ping_status":"open","sticky":false,"template":"","format":"standard","meta":{"_bbp_topic_count":0,"_bbp_reply_count":0,"_bbp_total_topic_count":0,"_bbp_total_reply_count":0,"_bbp_voice_count":0,"_bbp_anonymous_reply_count":0,"_bbp_topic_count_hidden":0,"_bbp_reply_count_hidden":0,"_bbp_forum_subforum_count":0,"footnotes":""},"categories":[30,60],"tags":[],"class_list":{"0":"post-292021","1":"post","2":"type-post","3":"status-publish","4":"format-standard","6":"category-actualidad","7":"category-titulares-del-dia"},"_links":{"self":[{"href":"https:\/\/primermomento.com\/index.php?rest_route=\/wp\/v2\/posts\/292021","targetHints":{"allow":["GET"]}}],"collection":[{"href":"https:\/\/primermomento.com\/index.php?rest_route=\/wp\/v2\/posts"}],"about":[{"href":"https:\/\/primermomento.com\/index.php?rest_route=\/wp\/v2\/types\/post"}],"author":[{"embeddable":true,"href":"https:\/\/primermomento.com\/index.php?rest_route=\/wp\/v2\/users\/1"}],"replies":[{"embeddable":true,"href":"https:\/\/primermomento.com\/index.php?rest_route=%2Fwp%2Fv2%2Fcomments&post=292021"}],"version-history":[{"count":0,"href":"https:\/\/primermomento.com\/index.php?rest_route=\/wp\/v2\/posts\/292021\/revisions"}],"wp:attachment":[{"href":"https:\/\/primermomento.com\/index.php?rest_route=%2Fwp%2Fv2%2Fmedia&parent=292021"}],"wp:term":[{"taxonomy":"category","embeddable":true,"href":"https:\/\/primermomento.com\/index.php?rest_route=%2Fwp%2Fv2%2Fcategories&post=292021"},{"taxonomy":"post_tag","embeddable":true,"href":"https:\/\/primermomento.com\/index.php?rest_route=%2Fwp%2Fv2%2Ftags&post=292021"}],"curies":[{"name":"wp","href":"https:\/\/api.w.org\/{rel}","templated":true}]}}