{"id":292043,"date":"2017-07-16T14:37:41","date_gmt":"2017-07-16T18:37:41","guid":{"rendered":"http:\/\/primermomento.com\/?p=292043"},"modified":"2017-07-16T20:39:01","modified_gmt":"2017-07-17T00:39:01","slug":"marcha-verde-llama-a-dominicanos-a-la-unidad-nacional","status":"publish","type":"post","link":"https:\/\/primermomento.com\/?p=292043","title":{"rendered":"Marcha Verde llama a dominicanos a la unidad nacional"},"content":{"rendered":"<div class=\"fullNewsIntrotext\">SANTO DOMINGO, Rep\u00fablica Dominicana.- En medio de consignas y canciones, la Marcha Verde llam\u00f3 hoy al pueblo dominicano a la unidad nacional para juntos continuar la lucha contra la corrupci\u00f3n e impunidad.<\/div>\n<div><\/div>\n<div class=\"fullNewsFulltext\"><img loading=\"lazy\" decoding=\"async\" class=\"size-medium wp-image-292039 alignleft\" src=\"http:\/\/primermomento.com\/wp-content\/uploads\/2017\/07\/marcha-verde-nacional-300x200.jpg\" alt=\"\" width=\"300\" height=\"200\" srcset=\"https:\/\/primermomento.com\/wp-content\/uploads\/2017\/07\/marcha-verde-nacional-300x200.jpg 300w, https:\/\/primermomento.com\/wp-content\/uploads\/2017\/07\/marcha-verde-nacional-73x50.jpg 73w, https:\/\/primermomento.com\/wp-content\/uploads\/2017\/07\/marcha-verde-nacional-500x333.jpg 500w, https:\/\/primermomento.com\/wp-content\/uploads\/2017\/07\/marcha-verde-nacional-280x186.jpg 280w, https:\/\/primermomento.com\/wp-content\/uploads\/2017\/07\/marcha-verde-nacional-60x40.jpg 60w, https:\/\/primermomento.com\/wp-content\/uploads\/2017\/07\/marcha-verde-nacional-118x79.jpg 118w, https:\/\/primermomento.com\/wp-content\/uploads\/2017\/07\/marcha-verde-nacional-479x319.jpg 479w, https:\/\/primermomento.com\/wp-content\/uploads\/2017\/07\/marcha-verde-nacional.jpg 580w\" sizes=\"auto, (max-width: 300px) 100vw, 300px\" \/>Cientos de miles de personas participaron en la caminata realizada en esta capital, que parti\u00f3 de la confluencia de las avenidas M\u00e1ximo G\u00f3mez y Johnn F. Kennedy, colm\u00f3 la Avenida Bol\u00edvar y desemboc\u00f3 por la Jim\u00e9nez Moya hasta el Centro de los H\u00e9roes.<\/p>\n<p>All\u00ed se concentraron los marchistas y le correspondi\u00f3 a la profesora Mar\u00eda Teresa Cabrera leer la Proclama donde se expres\u00f3 que esta acci\u00f3n cierra una etapa de manifestaciones ejemplares, masivas, diversas y contundentes en el Norte, el Sur, el Este, el Oeste y la di\u00e1spora dominicana.<\/p>\n<p>A partir de ahora la Marcha Verde se prepara para realizar su Segundo Encuentro Nacional de activistas verdes, con el objetivo de definir las nuevas acciones por el fin de la impunidad, explic\u00f3 el texto.<\/p>\n<p>El documento indica que el movimiento responsabiliza al presidente Danilo Medina de maniobrar para obstruir la justicia en el caso de Odebrecht y se\u00f1al\u00f3 que existen claros indicios de compromiso de su gobierno en la licitaci\u00f3n irregular y la sobrevaluaci\u00f3n de Punta Catalina.<\/p>\n<p>Asimismo, exige que sean investigados tambi\u00e9n los funcionarios y legisladores Rub\u00e9n Bichara, Reinaldo Pared P\u00e9rez, Gonzalo Castillo, Cristina Lizardo, Vicente Bengoa, Luc\u00eda Medina, Sim\u00f3n Lizardo, Abel Mart\u00ednez y otros responsables de aprobar o gestionar contratos con la empresa transnacional brasile\u00f1a.<\/p>\n<p>Manifiesta que es inaceptable cualquier resultado judicial sin una indagatoria de las actuaciones de los expresidentes Leonel Fern\u00e1ndez (1996-2000, 2004-2008 y 2008-2012), responsable del 52 por ciento de los contratos, y de Hip\u00f3lito Mej\u00eda (2000-2004), en cuyo gobierno se firm\u00f3 otro 11 por ciento y quien p\u00fablicamente ya se puso a la disposici\u00f3n del procurador general, Jean Alain Rodr\u00edguez.<\/p>\n<p>Convocamos a las mujeres y hombres de trabajo, a los comerciantes, empresarios, religiosos, estudiantes, pensionados y a todo el pueblo dominicano a una gran unidad nacional para intensificar la lucha verde contra la corrupci\u00f3n y la impunidad en cada paraje, municipio y provincia, destaca la proclama.<\/p>\n<p>Llama a actuar &#8216;como un aguacero ciudadano indetenible, que barra el lodo de las instituciones y el sistema pol\u00edtico corrompido y deje a nuestro pa\u00eds ba\u00f1ado de justicia, bienestar, democracia y esperanza&#8217;.<\/p>\n<p>Adem\u00e1s de la impresionante marcha por esta capital el movimiento tambi\u00e9n realiz\u00f3 demostraciones en New York, Boston, Miami, Canad\u00e1, Espa\u00f1a, Suiza, Alemania, Holanda, Italia y Francia, reportaron sus organizadores, lo que le dio una mayor visibilidad internacional a la lucha contra la corrupci\u00f3n e impunidad que gestan los dominicanos.<\/p>\n<p>Desde enero pasado, esta es la sexta movilizaci\u00f3n multitudinaria realizada en el pa\u00eds por el colectivo &#8216;Marcha Verde&#8217;, surgido despu\u00e9s que Odebrecht admitiera haber pagado 92 millones de d\u00f3lares en sobornos a funcionarios y legisladores dominicanos para que le asignaran obras estatales.<\/p>\n<p>La de hoy ha sido la mayor de estas demostraciones pues asistieron personas de la capital y del interior, as\u00ed como residentes en el exterior y tambi\u00e9n tuvo espejos en otros pa\u00edses.<\/p>\n<p>Como siempre, la marcha transcurri\u00f3 de manera pac\u00edfica, pero a lo largo de ella se evidenci\u00f3 una valiente y severa cr\u00edtica a la gesti\u00f3n de los \u00faltimos tres presidentes que ha tenido el pa\u00eds.<\/p><\/div>\n<div><\/div>\n<div style=\"text-align: right;\"><span style=\"color: #ff0000;\"><em>PL<\/em><\/span><\/div>\n","protected":false},"excerpt":{"rendered":"<p>SANTO DOMINGO, Rep\u00fablica Dominicana.- En medio de consignas y canciones, la Marcha Verde llam\u00f3 hoy al pueblo dominicano a la unidad nacional para juntos continuar la lucha contra la corrupci\u00f3n e impunidad. Cientos de miles de personas participaron en la caminata realizada en esta capital, que parti\u00f3 de la confluencia de las avenidas M\u00e1ximo G\u00f3mez [&hellip;]<\/p>\n","protected":false},"author":1,"featured_media":0,"comment_status":"open","ping_status":"open","sticky":false,"template":"","format":"standard","meta":{"_bbp_topic_count":0,"_bbp_reply_count":0,"_bbp_total_topic_count":0,"_bbp_total_reply_count":0,"_bbp_voice_count":0,"_bbp_anonymous_reply_count":0,"_bbp_topic_count_hidden":0,"_bbp_reply_count_hidden":0,"_bbp_forum_subforum_count":0,"footnotes":""},"categories":[60,32],"tags":[],"class_list":{"0":"post-292043","1":"post","2":"type-post","3":"status-publish","4":"format-standard","6":"category-titulares-del-dia","7":"category-lo-ultimo"},"_links":{"self":[{"href":"https:\/\/primermomento.com\/index.php?rest_route=\/wp\/v2\/posts\/292043","targetHints":{"allow":["GET"]}}],"collection":[{"href":"https:\/\/primermomento.com\/index.php?rest_route=\/wp\/v2\/posts"}],"about":[{"href":"https:\/\/primermomento.com\/index.php?rest_route=\/wp\/v2\/types\/post"}],"author":[{"embeddable":true,"href":"https:\/\/primermomento.com\/index.php?rest_route=\/wp\/v2\/users\/1"}],"replies":[{"embeddable":true,"href":"https:\/\/primermomento.com\/index.php?rest_route=%2Fwp%2Fv2%2Fcomments&post=292043"}],"version-history":[{"count":0,"href":"https:\/\/primermomento.com\/index.php?rest_route=\/wp\/v2\/posts\/292043\/revisions"}],"wp:attachment":[{"href":"https:\/\/primermomento.com\/index.php?rest_route=%2Fwp%2Fv2%2Fmedia&parent=292043"}],"wp:term":[{"taxonomy":"category","embeddable":true,"href":"https:\/\/primermomento.com\/index.php?rest_route=%2Fwp%2Fv2%2Fcategories&post=292043"},{"taxonomy":"post_tag","embeddable":true,"href":"https:\/\/primermomento.com\/index.php?rest_route=%2Fwp%2Fv2%2Ftags&post=292043"}],"curies":[{"name":"wp","href":"https:\/\/api.w.org\/{rel}","templated":true}]}}