{"id":292081,"date":"2017-07-17T06:00:19","date_gmt":"2017-07-17T10:00:19","guid":{"rendered":"http:\/\/primermomento.com\/?p=292081"},"modified":"2017-07-17T21:02:45","modified_gmt":"2017-07-18T01:02:45","slug":"enterate-ny-18","status":"publish","type":"post","link":"https:\/\/primermomento.com\/?p=292081","title":{"rendered":"Ent\u00e9rate NY"},"content":{"rendered":"<p><em>\u201cPeriodismo informativo y cr\u00edtico al servicio de la comunidad<\/em><\/p>\n<p>\u25baAhora va por la senadur\u00eda de Santiago: Despu\u00e9s que el diputado de ultramar Rub\u00e9n Luna asistiera junto al canciller Miguel Vargas Maldonado al acto de lanzamiento del programa \u201cConsulado en su hogar\u201d la semana pasada, una fuente de irrefutable cr\u00e9dito nos confirm\u00f3 que el legislador est\u00e1 invirtiendo todos sus recursos, humanos y econ\u00f3micos, en la plaza de Santiago, ya que aspira a convertirse en el senador de all\u00ed por el PRD. Por eso es que no invierte nada en el partido ni en la militancia en NY, NJ, CT, PA, MA y RI, porque todo es para el Cibao, sostuvieron algunos \u201ccompa\u00f1eritos\u201d en el Alto Manhattan. \u201cVueltas al globo y buena suerte\u00bb.<\/p>\n<p><img loading=\"lazy\" decoding=\"async\" class=\"size-full wp-image-286779 alignleft\" src=\"http:\/\/primermomento.com\/wp-content\/uploads\/2017\/02\/Ramon-Mercedes.jpg\" alt=\"\" width=\"299\" height=\"243\" srcset=\"https:\/\/primermomento.com\/wp-content\/uploads\/2017\/02\/Ramon-Mercedes.jpg 299w, https:\/\/primermomento.com\/wp-content\/uploads\/2017\/02\/Ramon-Mercedes-271x220.jpg 271w, https:\/\/primermomento.com\/wp-content\/uploads\/2017\/02\/Ramon-Mercedes-118x96.jpg 118w\" sizes=\"auto, (max-width: 299px) 100vw, 299px\" \/>\u25ba\u00bfDividida Marcha Verde en NY?: Los escasos seguidores de Opci\u00f3n Dem\u00f3cratica en NY (Minou Mirabal) quisieron imponerse en la marcha, (fulano no, sutanejo tampoco), pero los otros organizadores no le aceptaron sus posiciones, a pesar de que impusieron a Auretnisse Santos a leer el manifiesto. Cada quien llev\u00f3 su grupo y desfilaron de manera separada. Jairo Guerra, del PRM, iba a leer un discurso, pero Abinader llam\u00f3 el s\u00e1bado en la noche y orden\u00f3 participar pero no buscar protagonismo. Radhames P\u00e9rez (AlPa\u00eds) discurri\u00f3 con sus gentes sin ton ni son. Para evitar protagonismo, los organizadores acordaron que mujeres no pertenecientes a ningun partido, desfilaran de primero. La foto gigantezca de Hip\u00f3lito en la marcha desat\u00f3 los demonios entre sus seguidores, y que este lunes en el local del partido se las arreglar\u00e1n con la secretaria general, Margarita Pichardo, por aceptar eso, seg\u00fan proclam\u00f3 la perremeista Mary Luz Ferm\u00edn. Al concluir el acto, decenas de los organizadores se dirigieron al restaurant \u201cDyckman Express\u201d y all\u00ed quisieron darle continuidad a la actividad \u201cvociferando a un\u00edsono\u201d, con altoparlantes, pero el empleado Telera exclam\u00f3 a todo pulm\u00f3n, muy desentemente, \u201cla marcha termin\u00f3, aqu\u00ed no, porque en el negocio hay clientes que no est\u00e1n en nada de esto\u201d, sugerencia acogida sin mayores inconvenientes. La marcha fue un \u00e9xito y acudieron m\u00e1s de 5 mil personas, diiiicen muchos.<\/p>\n<p>\u25baEl Sol de la Ma\u00f1ana en el consulado: Este programa, con Mart\u00ednez Pozo, Euri Cabral, Jos\u00e9 La Luz y Consuelo Despradel, entre otros, transmiti\u00f3 en vivo desde el consulado de NY el pasado mi\u00e9rcoles. Le hicieron preguntas al c\u00f3nsul Carlos Castillo desde todos los \u00e1ngulos (tucanos, los haitianos, su relaci\u00f3n con Leonel, sobre el PLD-NY y la comunidad), respondiendo cada una de ellas de manera clara, precisa y convincente. Demostr\u00f3 capacidad, conocimiento del estado y de la comunidad en EEUU, fueron las expresiones de muchos dominicanos que se encontraban en la sede buscando sus documentos. Otros expresaron que hay una diferencia enorme entre el actual incumbente y el anterior. Antes, el \u201cConsejo de Apoyo a la Comunidad Dominicana\u201d (CACD) funcion\u00f3 exclusivamente en el despacho, todo fue ABM (Allante, Bulto y Movimiento), acompa\u00f1ado de mucha prensa; ahora el trabajo comunitario es una realidad, \u00abAgenda Dominicana y Consulado en su Hogar\u201d, expresaron. \u201cVox populi, vox Dei = La voz del pueblo, es la voz de Dios\u00bb, diiicen peledeistas en la urbe.<\/p>\n<p>\u25baUna acci\u00f3n desquiciada: Criollos en NY condenaron la infame y esquizofr\u00e9nica acci\u00f3n del joven dominicano Julien Rodr\u00edguez, quien resid\u00eda en la calle 188 con la avenida Grand Concourse, en El Bronx, a pocos metros de donde velaban los restos de la asesinada agente policial de origen dominicano Miosotis Familia, al poner m\u00fasica a todo volumen en una enorme bocina inrrumpiendo la solemnidad del acto f\u00fanebre. 20 polic\u00edas acudieron a su apartamento para que la bajara, y les respondi\u00f3 que se sent\u00eda satisfecho con su acci\u00f3n, porque odiaba los polic\u00edas por un doble asesinato en el que uniformados mataron un hermano suyo y su mejor amigo. No se supo de dichas muertes, report\u00f3 The New York Post. Rodr\u00edguez fue expulsado del edificio por el casero. Muchos quisqueyanos aplaudieron su expulsi\u00f3n.<\/p>\n<p>\u25ba\u00bf23 policias muertos en lo que va 2017 en RD?: Varios ex agentes policiales dominicanos en NY nos escriben. Veamos: Queremos que usted d\u00e9 a conocer nuestra petici\u00f3n de que los 23 agentes policiales muertos en el cumplimiento de su deber en lo que va del presente a\u00f1o en RD, son tambi\u00e9n seres humanos. Esos comunitarios, pol\u00edticos y profesionales que por quitar un pelo elevan su voz de protesta, que hagan lo mismo con estos uniformados, que son tan dominicanos como ellos mismos. Hay policias corruptos y malos, pero no todos deben juzgarse por igual. El pa\u00eds es de todos no de un grupo ni sector. \u00a1Se oye o no se oye!<\/p>\n<p>\u25baApoyan impedimento salida RD: Seg\u00fan los an\u00e1lisis, comentarios y conversaciones entre criollos del Alto Manhattan, est\u00e1n de acuerdo que a todo aquel que le pongan una multa por tr\u00e1nsito en RD y no la pague, le impongan impedimento de salida como lo plantea la nueva directora del Instituto Nacional de Transito y Transporte Terreste (INTRANT).<\/p>\n<p>\u25baUn valor dominicano en NY: Uno de los j\u00f3venes con m\u00e1s luces para enfocar la realidad de los dominicanos en el exterior es Alberto Jim\u00e9nez. Brillante, acusioso y visionario. Posee varios proyectos que aplicados se resolver\u00edan un sin n\u00famero de problemas que afectan la comunidad en ultramar. Desde las organizaciones \u201cAcci\u00f3n Social\u201d, \u201cPrensa &amp; Comunidad\u201d, y su programa de TV \u201cCon Voz Propia\u201d (Spetrum canal 19-93), ha venido ofreciendo respaldo, ayuda y asesoramiento valiosos a la comunidad en la urbe. Si usted lo ve caminar por ah\u00ed, como lo hace con frecuencia, d\u00edgale \u201cAlberto, usted es un valor nuestro en NY\u201d.<\/p>\n<p>\u25baCultura general: Hace 40 a\u00f1os (13 de julio 1977) se produjo un apag\u00f3n general en NY por 25 horas. Se reportaron 1,000 incendios, incluyendo uno masivo en la avenida Morris con la calle 183, en El Bronx; los Mets de NY jugaban con los Cachorros de Chicago en el Shea Stadium, la polic\u00eda buscaba desesperadamente al asesino en serie \u201cHijo de Sam\u201d; 1,600 tiendas fueron saqueadas; 3,700 personas arrestadas; y las p\u00e9rdidas materiales calculadas en m\u00e1s de 300 millones de d\u00f3lares.<\/p>\n<p>\u25baServicio comunitario: The Administration for Community Living (ACL) ofrece ayuda para los ancianos en cada ciudad de EEUU. Los programas incluyen mejor\u00edas para sus vidas en la comunidad que viven. Llamar al 1-800-677-1116. Escozor = Disgusto o desaz\u00f3n debido a una pena o un resentimiento. Fotingo = Autom\u00f3vil viejo y destartalado<\/p>\n<p>\u25baCita hist\u00f3rica: El poder pol\u00edtico es simplemente el poder organizado de una clase para oprimir a otra. (Kark Marx, fil\u00f3sofo y economista alem\u00e1n).<\/p>\n<p style=\"text-align: right;\"><span style=\"color: #ff0000;\">Ram\u00f3n Mercedes<\/span><br \/>\n<span style=\"color: #ff0000;\"><em>Periodista<\/em><\/span><\/p>\n<p>&nbsp;<\/p>\n","protected":false},"excerpt":{"rendered":"<p>\u201cPeriodismo informativo y cr\u00edtico al servicio de la comunidad \u25baAhora va por la senadur\u00eda de Santiago: Despu\u00e9s que el diputado de ultramar Rub\u00e9n Luna asistiera junto al canciller Miguel Vargas Maldonado al acto de lanzamiento del programa \u201cConsulado en su hogar\u201d la semana pasada, una fuente de irrefutable cr\u00e9dito nos confirm\u00f3 que el legislador est\u00e1 [&hellip;]<\/p>\n","protected":false},"author":1,"featured_media":0,"comment_status":"open","ping_status":"open","sticky":false,"template":"","format":"standard","meta":{"_bbp_topic_count":0,"_bbp_reply_count":0,"_bbp_total_topic_count":0,"_bbp_total_reply_count":0,"_bbp_voice_count":0,"_bbp_anonymous_reply_count":0,"_bbp_topic_count_hidden":0,"_bbp_reply_count_hidden":0,"_bbp_forum_subforum_count":0,"footnotes":""},"categories":[33],"tags":[],"class_list":{"0":"post-292081","1":"post","2":"type-post","3":"status-publish","4":"format-standard","6":"category-opinion"},"_links":{"self":[{"href":"https:\/\/primermomento.com\/index.php?rest_route=\/wp\/v2\/posts\/292081","targetHints":{"allow":["GET"]}}],"collection":[{"href":"https:\/\/primermomento.com\/index.php?rest_route=\/wp\/v2\/posts"}],"about":[{"href":"https:\/\/primermomento.com\/index.php?rest_route=\/wp\/v2\/types\/post"}],"author":[{"embeddable":true,"href":"https:\/\/primermomento.com\/index.php?rest_route=\/wp\/v2\/users\/1"}],"replies":[{"embeddable":true,"href":"https:\/\/primermomento.com\/index.php?rest_route=%2Fwp%2Fv2%2Fcomments&post=292081"}],"version-history":[{"count":0,"href":"https:\/\/primermomento.com\/index.php?rest_route=\/wp\/v2\/posts\/292081\/revisions"}],"wp:attachment":[{"href":"https:\/\/primermomento.com\/index.php?rest_route=%2Fwp%2Fv2%2Fmedia&parent=292081"}],"wp:term":[{"taxonomy":"category","embeddable":true,"href":"https:\/\/primermomento.com\/index.php?rest_route=%2Fwp%2Fv2%2Fcategories&post=292081"},{"taxonomy":"post_tag","embeddable":true,"href":"https:\/\/primermomento.com\/index.php?rest_route=%2Fwp%2Fv2%2Ftags&post=292081"}],"curies":[{"name":"wp","href":"https:\/\/api.w.org\/{rel}","templated":true}]}}