{"id":292083,"date":"2017-07-17T06:03:55","date_gmt":"2017-07-17T10:03:55","guid":{"rendered":"http:\/\/primermomento.com\/?p=292083"},"modified":"2017-07-17T21:06:09","modified_gmt":"2017-07-18T01:06:09","slug":"marcha-verde-n-y-un-palo","status":"publish","type":"post","link":"https:\/\/primermomento.com\/?p=292083","title":{"rendered":"Marcha Verde N.Y \u201cUn palo\u201d"},"content":{"rendered":"<p>Casi imposible medir con palabras la grave frustraci\u00f3n que existe en los dominicanos del exterior debido a las circunstancias diab\u00f3licas de corrupci\u00f3n institucionalizada que existe en el pa\u00eds. Los responsables en menor y mayor escala son los pol\u00edticos actuales 90% que han metido en pocilga de corrupci\u00f3n al pueblo dominicano.<\/p>\n<p><img loading=\"lazy\" decoding=\"async\" class=\"size-full wp-image-287129 alignleft\" src=\"http:\/\/primermomento.com\/wp-content\/uploads\/2017\/02\/Roman-Polanco131.jpg\" alt=\"\" width=\"188\" height=\"188\" srcset=\"https:\/\/primermomento.com\/wp-content\/uploads\/2017\/02\/Roman-Polanco131.jpg 188w, https:\/\/primermomento.com\/wp-content\/uploads\/2017\/02\/Roman-Polanco131-150x150.jpg 150w, https:\/\/primermomento.com\/wp-content\/uploads\/2017\/02\/Roman-Polanco131-50x50.jpg 50w, https:\/\/primermomento.com\/wp-content\/uploads\/2017\/02\/Roman-Polanco131-118x118.jpg 118w, https:\/\/primermomento.com\/wp-content\/uploads\/2017\/02\/Roman-Polanco131-30x30.jpg 30w\" sizes=\"auto, (max-width: 188px) 100vw, 188px\" \/>Es dif\u00edcil creer que en estos tiempos los pol\u00edticos nuestros se hayan desprendido de toda moral para as\u00ed saciar a sus anchas de ego\u00edsmo contra la Republica Dominicana. Y, son los nuestros que han permitido que ese grosor maloliente corruptor permee sin discreci\u00f3n en todos los \u00e1mbitos de la sociedad dominicana. Danilo Medina, conocedor de la idiosincrasia criolla y aliado de Lula expresidente de Brasil, dise\u00f1o a su antojo, con Joao Santana, un esp\u00e9cimen \u00fanico para el pa\u00eds.<\/p>\n<p>Con gran orgullo los dominicanos de Nueva York marcharon para protestar contra el gobierno de Danilo Medina, las consignas eran variadas, pero las m\u00e1s sonoras era la petici\u00f3n de renuncia de Danilo y c\u00e1rcel para los corruptos. Fin de la impunidad se escuchaba como un suspiro de alivio a la desgracia que vive la Republica.<\/p>\n<p>M\u00e1s de 3, 500 personas participaron activamente en la marcha, de acuerdo reporte verbal policial-, en sumatoria con participantes pasivos se deduce en 8,000 personas. Esta ha sido una de las actividades m\u00e1s grandiosa realizado por el sector dominicano en Manhattan. La espontaneidad de la gente para gritar consignas contra el gobierno fue parte del decoro de la Marcha Verde.<\/p>\n<p>Durante el recorrido algunos ped\u00edan a grito la huelga general; al parecer ese ser\u00eda el punto fuerte para detonar la capacidad del pueblo dominicano a resolver sus problemas de corrupci\u00f3n por la fuerza.<\/p>\n<p>Se organiza en Nueva York, como apoyo circunstancial al pr\u00f3ximo paso que es la huelga general, la suspensi\u00f3n de remesas a Republica Dominicana por parte de un sector importante como es el comercio neoyorquino, quien colecta los dineros que son enviados al pa\u00eds. Se habla de la operaci\u00f3n tortuga en casos de urgencia, de esa forma el gobierno se ver\u00e1 en la obligaci\u00f3n de negociar su renuncia.<\/p>\n<p>Lo que se comenta en la ciudad de los rascacielos es que Marcha Verde: \u201cDio un Palo en N.Y\u201d<\/p>\n<p style=\"text-align: right;\"><span style=\"color: #ff0000;\">Rom\u00e1n Polanco<\/span><br \/>\n<span style=\"color: #ff0000;\"><em>Articulista<\/em><\/span><\/p>\n<p>&nbsp;<\/p>\n","protected":false},"excerpt":{"rendered":"<p>Casi imposible medir con palabras la grave frustraci\u00f3n que existe en los dominicanos del exterior debido a las circunstancias diab\u00f3licas de corrupci\u00f3n institucionalizada que existe en el pa\u00eds. Los responsables en menor y mayor escala son los pol\u00edticos actuales 90% que han metido en pocilga de corrupci\u00f3n al pueblo dominicano. Es dif\u00edcil creer que en [&hellip;]<\/p>\n","protected":false},"author":1,"featured_media":0,"comment_status":"open","ping_status":"open","sticky":false,"template":"","format":"standard","meta":{"_bbp_topic_count":0,"_bbp_reply_count":0,"_bbp_total_topic_count":0,"_bbp_total_reply_count":0,"_bbp_voice_count":0,"_bbp_anonymous_reply_count":0,"_bbp_topic_count_hidden":0,"_bbp_reply_count_hidden":0,"_bbp_forum_subforum_count":0,"footnotes":""},"categories":[33],"tags":[],"class_list":{"0":"post-292083","1":"post","2":"type-post","3":"status-publish","4":"format-standard","6":"category-opinion"},"_links":{"self":[{"href":"https:\/\/primermomento.com\/index.php?rest_route=\/wp\/v2\/posts\/292083","targetHints":{"allow":["GET"]}}],"collection":[{"href":"https:\/\/primermomento.com\/index.php?rest_route=\/wp\/v2\/posts"}],"about":[{"href":"https:\/\/primermomento.com\/index.php?rest_route=\/wp\/v2\/types\/post"}],"author":[{"embeddable":true,"href":"https:\/\/primermomento.com\/index.php?rest_route=\/wp\/v2\/users\/1"}],"replies":[{"embeddable":true,"href":"https:\/\/primermomento.com\/index.php?rest_route=%2Fwp%2Fv2%2Fcomments&post=292083"}],"version-history":[{"count":0,"href":"https:\/\/primermomento.com\/index.php?rest_route=\/wp\/v2\/posts\/292083\/revisions"}],"wp:attachment":[{"href":"https:\/\/primermomento.com\/index.php?rest_route=%2Fwp%2Fv2%2Fmedia&parent=292083"}],"wp:term":[{"taxonomy":"category","embeddable":true,"href":"https:\/\/primermomento.com\/index.php?rest_route=%2Fwp%2Fv2%2Fcategories&post=292083"},{"taxonomy":"post_tag","embeddable":true,"href":"https:\/\/primermomento.com\/index.php?rest_route=%2Fwp%2Fv2%2Ftags&post=292083"}],"curies":[{"name":"wp","href":"https:\/\/api.w.org\/{rel}","templated":true}]}}