{"id":292099,"date":"2017-07-18T13:59:56","date_gmt":"2017-07-18T17:59:56","guid":{"rendered":"http:\/\/primermomento.com\/?p=292099"},"modified":"2017-07-18T13:59:56","modified_gmt":"2017-07-18T17:59:56","slug":"dominicanos-ny-esperan-a-hipolito-medina-y-leonel-lo-investiguen-por-caso-odebrecht","status":"publish","type":"post","link":"https:\/\/primermomento.com\/?p=292099","title":{"rendered":"Dominicanos NY esperan a Hip\u00f3lito, Medina, y Leonel lo investiguen por caso Odebrecht"},"content":{"rendered":"<div id=\"m_7860794043914644636yui_3_16_0_ym19_1_1500340402758_6667\"><span id=\"m_7860794043914644636yui_3_16_0_ym19_1_1500340402758_6670\" lang=\"ES-US\"><span id=\"m_7860794043914644636yui_3_16_0_ym19_1_1500340402758_6671\">NUEVA YORK, Nueva York.- Tras el escarceo desatado por una foto gigante del \u201cguapo de gurabo\u201d durante la \u201cMarcha Verde\u201d efectuada el pasado domingo en el Alto Manhattan, este lunes se realiz\u00f3 un sondeo entre dominicanos y la mayor\u00eda dijo esperar que al actual presidente Danilo Medina, y los ex presidentes Hip\u00f3lito Mej\u00eda y Leonel Fern\u00e1ndez sean investigados por el caso Odebrecht en RD.<u><\/u><u><\/u><\/span><\/span><\/div>\n<div id=\"m_7860794043914644636yui_3_16_0_ym19_1_1500340402758_6673\"><span id=\"m_7860794043914644636yui_3_16_0_ym19_1_1500340402758_6674\" lang=\"ES-US\"><u><\/u>\u00a0<u><\/u><\/span><\/div>\n<div id=\"m_7860794043914644636yui_3_16_0_ym19_1_1500340402758_6676\"><span id=\"m_7860794043914644636yui_3_16_0_ym19_1_1500340402758_6677\" lang=\"ES-US\"><span id=\"m_7860794043914644636yui_3_16_0_ym19_1_1500340402758_6678\"><img loading=\"lazy\" decoding=\"async\" class=\"size-medium wp-image-292100 alignleft\" src=\"http:\/\/primermomento.com\/wp-content\/uploads\/2017\/07\/Hip\u00f3lito-Medina-y-Leonel-300x186.jpg\" alt=\"\" width=\"300\" height=\"186\" srcset=\"https:\/\/primermomento.com\/wp-content\/uploads\/2017\/07\/Hip\u00f3lito-Medina-y-Leonel-300x186.jpg 300w, https:\/\/primermomento.com\/wp-content\/uploads\/2017\/07\/Hip\u00f3lito-Medina-y-Leonel-500x311.jpg 500w, https:\/\/primermomento.com\/wp-content\/uploads\/2017\/07\/Hip\u00f3lito-Medina-y-Leonel-280x174.jpg 280w, https:\/\/primermomento.com\/wp-content\/uploads\/2017\/07\/Hip\u00f3lito-Medina-y-Leonel-118x73.jpg 118w, https:\/\/primermomento.com\/wp-content\/uploads\/2017\/07\/Hip\u00f3lito-Medina-y-Leonel-479x298.jpg 479w, https:\/\/primermomento.com\/wp-content\/uploads\/2017\/07\/Hip\u00f3lito-Medina-y-Leonel.jpg 576w\" sizes=\"auto, (max-width: 300px) 100vw, 300px\" \/>De 108 criollos escogidos al azar, 67 (62.04%) esperan que sean investigados; 29 (26.85%) indicaron que ya ese caso la justicia lo dilucid\u00f3; y 12 (11.11%) no quisieron contestar.<\/span><u><\/u><u><\/u><\/span><\/div>\n<div id=\"m_7860794043914644636yui_3_16_0_ym19_1_1500340402758_6680\"><span id=\"m_7860794043914644636yui_3_16_0_ym19_1_1500340402758_6681\" lang=\"ES-US\"><u><\/u>\u00a0<u><\/u><\/span><\/div>\n<div id=\"m_7860794043914644636yui_3_16_0_ym19_1_1500340402758_6683\"><span id=\"m_7860794043914644636yui_3_16_0_ym19_1_1500340402758_6684\" lang=\"ES-US\"><span id=\"m_7860794043914644636yui_3_16_0_ym19_1_1500340402758_6685\">Para la mayor\u00eda de los quisqueyanos la justicia continua siendo ciega, y la ley mide a todos con la misma bara, y en los gobiernos de cada uno de ellos Odebrecht hizo contratos millonarios en d\u00f3lares, por lo tanto deben ser investigados, al conocerse los sobornos multimillonarios de la empresa brasile\u00f1a en el pa\u00eds.<\/span><u><\/u><u><\/u><\/span><\/div>\n<div id=\"m_7860794043914644636yui_3_16_0_ym19_1_1500340402758_6687\"><span id=\"m_7860794043914644636yui_3_16_0_ym19_1_1500340402758_6688\" lang=\"ES-US\"><u><\/u>\u00a0<u><\/u><\/span><\/div>\n<div id=\"m_7860794043914644636yui_3_16_0_ym19_1_1500340402758_6690\"><span id=\"m_7860794043914644636yui_3_16_0_ym19_1_1500340402758_6691\" lang=\"ES-US\"><span id=\"m_7860794043914644636yui_3_16_0_ym19_1_1500340402758_6692\">Recordaron que cuando Hip\u00f3lito, Odebrecht hizo contrato por 161,761,441.00 millones de d\u00f3lares en el acueducto de la l\u00ednea noroeste, a trav\u00e9s de INAPA, en fecha 2\/5\/2002. Asimismo, en la hidroel\u00e9ctrica Pinalito por US$361,222,243.00, a trav\u00e9s de CDEEE, en fecha 30\/10\/2002, para un inversi\u00f3n total de\u00a0 522,983,684.00 d\u00f3lares, durante su mandato 2000 al 2004.<\/span><u><\/u><u><\/u><\/span><\/div>\n<div id=\"m_7860794043914644636yui_3_16_0_ym19_1_1500340402758_6694\"><span id=\"m_7860794043914644636yui_3_16_0_ym19_1_1500340402758_6695\" lang=\"ES-US\"><u><\/u>\u00a0<u><\/u><\/span><\/div>\n<div id=\"m_7860794043914644636yui_3_16_0_ym19_1_1500340402758_6697\"><span id=\"m_7860794043914644636yui_3_16_0_ym19_1_1500340402758_6698\" lang=\"ES-US\"><span id=\"m_7860794043914644636yui_3_16_0_ym19_1_1500340402758_6699\">Durante el gobierno de Fern\u00e1ndez la empresa hizo contrato con INAPA para la ampliaci\u00f3n del acueducto de la l\u00ednea noroeste por 89,925,939.00 en 26\/01\/2005; con EGEHID para la hidroel\u00e9ctrica Palomino por 592,862,580.00 en 04\/04\/2005; con INAPA para el acueducto de Saman\u00e1 por 144,707,962.00 en 08\/10\/2005.<\/span><u><\/u><u><\/u><\/span><\/div>\n<div id=\"m_7860794043914644636yui_3_16_0_ym19_1_1500340402758_6701\"><span id=\"m_7860794043914644636yui_3_16_0_ym19_1_1500340402758_6702\" lang=\"ES-US\"><u><\/u>\u00a0<u><\/u><\/span><\/div>\n<div id=\"m_7860794043914644636yui_3_16_0_ym19_1_1500340402758_6704\"><span id=\"m_7860794043914644636yui_3_16_0_ym19_1_1500340402758_6705\" lang=\"ES-US\"><span id=\"m_7860794043914644636yui_3_16_0_ym19_1_1500340402758_6706\">Asimismo, con INAPA para el acueducto en Hermanas Mirabal por 168,187,500.00 en 07\/09\/2010; y con el Ministerio de Obras Publicas (MOPC) para la carretera Casabito por 74,625,273.00 en 26\/12\/2007. Una inversi\u00f3n total durante 2004 al 2008 de 1,070,309,254.00 d\u00f3lares.<\/span><u><\/u><u><\/u><\/span><\/div>\n<div id=\"m_7860794043914644636yui_3_16_0_ym19_1_1500340402758_6708\"><span id=\"m_7860794043914644636yui_3_16_0_ym19_1_1500340402758_6709\" lang=\"ES-US\"><u><\/u>\u00a0<u><\/u><\/span><\/div>\n<div id=\"m_7860794043914644636yui_3_16_0_ym19_1_1500340402758_6711\"><span id=\"m_7860794043914644636yui_3_16_0_ym19_1_1500340402758_6712\" lang=\"ES-US\"><span id=\"m_7860794043914644636yui_3_16_0_ym19_1_1500340402758_6713\">Durante el siguente cuatrienio de Leonel, Odebrecht hizo solo siete contratos y todos fueron con Obras P\u00fablicas: Para la autopista del Coral por 474,062,590.00 en 20\/08\/2008; el corredor Duarte por 293,091,698.00 en 28\/04\/2009; para la carretera B\u00e1varo Miches-SM por 370,195,377.00 en 15\/07\/2010.<\/span><u><\/u><u><\/u><\/span><\/div>\n<div id=\"m_7860794043914644636yui_3_16_0_ym19_1_1500340402758_6715\"><span id=\"m_7860794043914644636yui_3_16_0_ym19_1_1500340402758_6716\" lang=\"ES-US\"><u><\/u>\u00a0<u><\/u><\/span><\/div>\n<div id=\"m_7860794043914644636yui_3_16_0_ym19_1_1500340402758_6718\"><span id=\"m_7860794043914644636yui_3_16_0_ym19_1_1500340402758_6719\" lang=\"ES-US\"><span id=\"m_7860794043914644636yui_3_16_0_ym19_1_1500340402758_6720\">Tambi\u00e9n para la carretera El R\u00edo-Jarabacoa por 100,545,360.00 en 10\/08\/2010; para el corredor Duarte ll por 255,000,000,00 en 16\/03\/2011;\u00a0 para la carretera Cibao Sur por 298,755,836.00 en 25\/01\/2012; y para Ecov\u00edas de Santiago por 295,570,112.00 en 15\/03\/2012. Una inversi\u00f3n total de 2,067,355,528.00 d\u00f3lares entre 2008 al 2012. En sus dos mandatos la inversi\u00f3n fue de 3,137,664,782.00 d\u00f3lares.<\/span><u><\/u><u><\/u><\/span><\/div>\n<div id=\"m_7860794043914644636yui_3_16_0_ym19_1_1500340402758_6722\"><span id=\"m_7860794043914644636yui_3_16_0_ym19_1_1500340402758_6723\" lang=\"ES-US\"><u><\/u>\u00a0<u><\/u><\/span><\/div>\n<div id=\"m_7860794043914644636yui_3_16_0_ym19_1_1500340402758_6725\"><span id=\"m_7860794043914644636yui_3_16_0_ym19_1_1500340402758_6726\" lang=\"ES-US\"><span id=\"m_7860794043914644636yui_3_16_0_ym19_1_1500340402758_6727\">En el gobierno de Danilo Medina, Odebrecht hizo contrato con MOPC para la Circunvalaci\u00f3n La Romana por 176,650,569.00 en 26\/11\/2012; luego con el mismo MOPC para el boulevard tur\u00edstico del Este por 109,943,671.00; y con CDEEE para la termoel\u00e9ctrica Punta Catalina por 2,010,744,751.00. Total inversi\u00f3n con Medina es de 2,297,338,991.00 millones de d\u00f3lares, durante el 2012 al 2014.<\/span><\/span><\/div>\n<div><\/div>\n<div style=\"text-align: right;\"><span style=\"color: #ff0000;\">Ram\u00f3n Mercedes<\/span><\/div>\n","protected":false},"excerpt":{"rendered":"<p>NUEVA YORK, Nueva York.- Tras el escarceo desatado por una foto gigante del \u201cguapo de gurabo\u201d durante la \u201cMarcha Verde\u201d efectuada el pasado domingo en el Alto Manhattan, este lunes se realiz\u00f3 un sondeo entre dominicanos y la mayor\u00eda dijo esperar que al actual presidente Danilo Medina, y los ex presidentes Hip\u00f3lito Mej\u00eda y Leonel [&hellip;]<\/p>\n","protected":false},"author":1,"featured_media":0,"comment_status":"open","ping_status":"open","sticky":false,"template":"","format":"standard","meta":{"_bbp_topic_count":0,"_bbp_reply_count":0,"_bbp_total_topic_count":0,"_bbp_total_reply_count":0,"_bbp_voice_count":0,"_bbp_anonymous_reply_count":0,"_bbp_topic_count_hidden":0,"_bbp_reply_count_hidden":0,"_bbp_forum_subforum_count":0,"footnotes":""},"categories":[60,31],"tags":[],"class_list":{"0":"post-292099","1":"post","2":"type-post","3":"status-publish","4":"format-standard","6":"category-titulares-del-dia","7":"category-estados-unidos"},"_links":{"self":[{"href":"https:\/\/primermomento.com\/index.php?rest_route=\/wp\/v2\/posts\/292099","targetHints":{"allow":["GET"]}}],"collection":[{"href":"https:\/\/primermomento.com\/index.php?rest_route=\/wp\/v2\/posts"}],"about":[{"href":"https:\/\/primermomento.com\/index.php?rest_route=\/wp\/v2\/types\/post"}],"author":[{"embeddable":true,"href":"https:\/\/primermomento.com\/index.php?rest_route=\/wp\/v2\/users\/1"}],"replies":[{"embeddable":true,"href":"https:\/\/primermomento.com\/index.php?rest_route=%2Fwp%2Fv2%2Fcomments&post=292099"}],"version-history":[{"count":0,"href":"https:\/\/primermomento.com\/index.php?rest_route=\/wp\/v2\/posts\/292099\/revisions"}],"wp:attachment":[{"href":"https:\/\/primermomento.com\/index.php?rest_route=%2Fwp%2Fv2%2Fmedia&parent=292099"}],"wp:term":[{"taxonomy":"category","embeddable":true,"href":"https:\/\/primermomento.com\/index.php?rest_route=%2Fwp%2Fv2%2Fcategories&post=292099"},{"taxonomy":"post_tag","embeddable":true,"href":"https:\/\/primermomento.com\/index.php?rest_route=%2Fwp%2Fv2%2Ftags&post=292099"}],"curies":[{"name":"wp","href":"https:\/\/api.w.org\/{rel}","templated":true}]}}