{"id":292108,"date":"2017-07-19T08:43:59","date_gmt":"2017-07-19T12:43:59","guid":{"rendered":"http:\/\/primermomento.com\/?p=292108"},"modified":"2017-07-19T19:01:33","modified_gmt":"2017-07-19T23:01:33","slug":"bani-fiscal-lamento-allanamiento-en-casa-materna-de-periodista","status":"publish","type":"post","link":"https:\/\/primermomento.com\/?p=292108","title":{"rendered":"BAN\u00cd | Fiscal lament\u00f3 allanamiento en casa materna de periodista"},"content":{"rendered":"<p>BAN\u00cd, Rep\u00fablica Dominicana.- Tras el incidente escenificado en la casa materna de un periodista banilejo, la seccional del CDP que integran las provincias Peravia, Azua y Ocoa, el gremio fue a la Fiscal\u00eda para ponerla en conocimiento de lo ocurrido en un allanamiento llevado a cabo por agentes antinarc\u00f3ticos.<\/p>\n<figure id=\"attachment_292109\" aria-describedby=\"caption-attachment-292109\" style=\"width: 300px\" class=\"wp-caption alignleft\"><img loading=\"lazy\" decoding=\"async\" class=\"size-medium wp-image-292109\" src=\"http:\/\/primermomento.com\/wp-content\/uploads\/2017\/07\/Constantino-Beltre-y-periodistas-300x225.jpg\" alt=\"\" width=\"300\" height=\"225\" srcset=\"https:\/\/primermomento.com\/wp-content\/uploads\/2017\/07\/Constantino-Beltre-y-periodistas-300x225.jpg 300w, https:\/\/primermomento.com\/wp-content\/uploads\/2017\/07\/Constantino-Beltre-y-periodistas-768x576.jpg 768w, https:\/\/primermomento.com\/wp-content\/uploads\/2017\/07\/Constantino-Beltre-y-periodistas-1024x768.jpg 1024w, https:\/\/primermomento.com\/wp-content\/uploads\/2017\/07\/Constantino-Beltre-y-periodistas-120x90.jpg 120w, https:\/\/primermomento.com\/wp-content\/uploads\/2017\/07\/Constantino-Beltre-y-periodistas-500x375.jpg 500w, https:\/\/primermomento.com\/wp-content\/uploads\/2017\/07\/Constantino-Beltre-y-periodistas-280x210.jpg 280w, https:\/\/primermomento.com\/wp-content\/uploads\/2017\/07\/Constantino-Beltre-y-periodistas-638x479.jpg 638w, https:\/\/primermomento.com\/wp-content\/uploads\/2017\/07\/Constantino-Beltre-y-periodistas-118x89.jpg 118w, https:\/\/primermomento.com\/wp-content\/uploads\/2017\/07\/Constantino-Beltre-y-periodistas-479x359.jpg 479w, https:\/\/primermomento.com\/wp-content\/uploads\/2017\/07\/Constantino-Beltre-y-periodistas.jpg 1280w\" sizes=\"auto, (max-width: 300px) 100vw, 300px\" \/><figcaption id=\"caption-attachment-292109\" class=\"wp-caption-text\">Constantino Beltr\u00e9, fiscal de Peravia, reunido con periodistas representantes del CDP. Foto cr\u00e9dito | CDP<\/figcaption><\/figure>\n<p>El secretario general del Colegio Dominicano de Periodistas, Alfredo Cabrera, encabez\u00f3, junto al presidente nacional del gremio, Olivo de Le\u00f3n una visita al procurador fiscal de la provincia Peravia, Constantino Beltr\u00e9.<\/p>\n<p>La requisa en el hogar familiar del periodista Johnny B\u00e1ez, localizado en la calle Las Carreras n\u00famero 26, entre la Santom\u00e9 y Duverg\u00e9, donde reside la se\u00f1ora Nery Mej\u00eda, prima del comunicador, fue dirigida por el fiscal adjunto Jacinto Herrera.<\/p>\n<p>No es la primera vez que polic\u00edas antidroga y la Fiscal\u00eda incursionan en viviendas de periodistas de esta localidad.<\/p>\n<p>Hace un tiempo, agentes allanaron el apartamento del periodista Fausto Soto Bernabe, dijo Cabrera.<\/p>\n<p>En relaci\u00f3n a ese incidente, el procurador fiscal lament\u00f3 la situaci\u00f3n, despu\u00e9s que el periodista B\u00e1ez expusiera la destrucci\u00f3n que hubo en su hogar materno tras la orden de cateo.<\/p>\n","protected":false},"excerpt":{"rendered":"<p>BAN\u00cd, Rep\u00fablica Dominicana.- Tras el incidente escenificado en la casa materna de un periodista banilejo, la seccional del CDP que integran las provincias Peravia, Azua y Ocoa, el gremio fue a la Fiscal\u00eda para ponerla en conocimiento de lo ocurrido en un allanamiento llevado a cabo por agentes antinarc\u00f3ticos. El secretario general del Colegio Dominicano [&hellip;]<\/p>\n","protected":false},"author":1,"featured_media":0,"comment_status":"open","ping_status":"open","sticky":false,"template":"","format":"standard","meta":{"_bbp_topic_count":0,"_bbp_reply_count":0,"_bbp_total_topic_count":0,"_bbp_total_reply_count":0,"_bbp_voice_count":0,"_bbp_anonymous_reply_count":0,"_bbp_topic_count_hidden":0,"_bbp_reply_count_hidden":0,"_bbp_forum_subforum_count":0,"footnotes":""},"categories":[60,32],"tags":[],"class_list":{"0":"post-292108","1":"post","2":"type-post","3":"status-publish","4":"format-standard","6":"category-titulares-del-dia","7":"category-lo-ultimo"},"_links":{"self":[{"href":"https:\/\/primermomento.com\/index.php?rest_route=\/wp\/v2\/posts\/292108","targetHints":{"allow":["GET"]}}],"collection":[{"href":"https:\/\/primermomento.com\/index.php?rest_route=\/wp\/v2\/posts"}],"about":[{"href":"https:\/\/primermomento.com\/index.php?rest_route=\/wp\/v2\/types\/post"}],"author":[{"embeddable":true,"href":"https:\/\/primermomento.com\/index.php?rest_route=\/wp\/v2\/users\/1"}],"replies":[{"embeddable":true,"href":"https:\/\/primermomento.com\/index.php?rest_route=%2Fwp%2Fv2%2Fcomments&post=292108"}],"version-history":[{"count":0,"href":"https:\/\/primermomento.com\/index.php?rest_route=\/wp\/v2\/posts\/292108\/revisions"}],"wp:attachment":[{"href":"https:\/\/primermomento.com\/index.php?rest_route=%2Fwp%2Fv2%2Fmedia&parent=292108"}],"wp:term":[{"taxonomy":"category","embeddable":true,"href":"https:\/\/primermomento.com\/index.php?rest_route=%2Fwp%2Fv2%2Fcategories&post=292108"},{"taxonomy":"post_tag","embeddable":true,"href":"https:\/\/primermomento.com\/index.php?rest_route=%2Fwp%2Fv2%2Ftags&post=292108"}],"curies":[{"name":"wp","href":"https:\/\/api.w.org\/{rel}","templated":true}]}}