{"id":292111,"date":"2017-07-19T06:01:52","date_gmt":"2017-07-19T10:01:52","guid":{"rendered":"http:\/\/primermomento.com\/?p=292111"},"modified":"2017-07-19T19:25:15","modified_gmt":"2017-07-19T23:25:15","slug":"gobierno-dominicano-y-aliados-responden-a-la-marcha-verde","status":"publish","type":"post","link":"https:\/\/primermomento.com\/?p=292111","title":{"rendered":"Gobierno dominicano y aliados responden a la Marcha Verde"},"content":{"rendered":"<div class=\"fullNewsIntrotext\">SANTO DOMINGO, Rep\u00fablica Dominicana.- El Gobierno dominicano y sus aliados responden hoy con acusaciones a los reclamos que hicieron el domingo \u00faltimo los participantes de la Marcha Verde contra la corrupci\u00f3n y la impunidad.<\/div>\n<div><\/div>\n<div class=\"fullNewsFulltext\">\n<figure id=\"attachment_292112\" aria-describedby=\"caption-attachment-292112\" style=\"width: 300px\" class=\"wp-caption alignleft\"><img loading=\"lazy\" decoding=\"async\" class=\"size-medium wp-image-292112\" src=\"http:\/\/primermomento.com\/wp-content\/uploads\/2017\/07\/Carlos-Amarante-300x199.jpg\" alt=\"\" width=\"300\" height=\"199\" srcset=\"https:\/\/primermomento.com\/wp-content\/uploads\/2017\/07\/Carlos-Amarante-300x199.jpg 300w, https:\/\/primermomento.com\/wp-content\/uploads\/2017\/07\/Carlos-Amarante-500x332.jpg 500w, https:\/\/primermomento.com\/wp-content\/uploads\/2017\/07\/Carlos-Amarante-280x186.jpg 280w, https:\/\/primermomento.com\/wp-content\/uploads\/2017\/07\/Carlos-Amarante-60x40.jpg 60w, https:\/\/primermomento.com\/wp-content\/uploads\/2017\/07\/Carlos-Amarante-118x78.jpg 118w, https:\/\/primermomento.com\/wp-content\/uploads\/2017\/07\/Carlos-Amarante-479x318.jpg 479w, https:\/\/primermomento.com\/wp-content\/uploads\/2017\/07\/Carlos-Amarante-153x100.jpg 153w, https:\/\/primermomento.com\/wp-content\/uploads\/2017\/07\/Carlos-Amarante.jpg 620w\" sizes=\"auto, (max-width: 300px) 100vw, 300px\" \/><figcaption id=\"caption-attachment-292112\" class=\"wp-caption-text\">Carlos Amarante.<\/figcaption><\/figure>\n<p>El ministro de Interior y Polic\u00eda y miembro del Comit\u00e9 Pol\u00edtico del oficialista Partido de la Liberaci\u00f3n Dominicana (PLD), Carlos Amarante, asever\u00f3 que la Marcha Verde lo que busca es desestabilizar el sistema pol\u00edtico dominicano.<\/p>\n<p>En declaraciones a un programa de la Secretar\u00eda de Comunicaciones pelede\u00edsta, Amarante dijo que no importa el color con el que se vistan los opositores porque en la competencia electoral del 2020 tendr\u00e1n que v\u00e9rselas con el morado (color del PLD).<\/p>\n<p>Seg\u00fan Amarante, los reclamos de esos sectores adversos al Gobierno confirman que no se reponen todav\u00eda de la victoria electoral obtenida el pasado a\u00f1o por el presidente Danilo Medina.<\/p>\n<p>En tanto Reynaldo Mart\u00ednez, coordinador ejecutivo del Bloque Progresista (BP), un grupo de partidos que desde hace varias elecciones apoya al PLD, dijo que las solicitudes de la Marcha Verde son desaforadas y tremendistas.<\/p>\n<p>Se trata de un desatino de un sector de oposici\u00f3n que se manifiesta en esa organizaci\u00f3n, basado en acusaciones imprecisas y vagas, realizadas de tal forma, que incluso contravienen el esp\u00edritu de la ley, opin\u00f3 Mart\u00ednez.<\/p>\n<p>Destac\u00f3 que el presidente Medina trabaja con denuedo por el pa\u00eds y siempre puede verse aportando soluciones a los problemas de los dominicanos, por lo que esas exigencias merecen rechazo de todos los sectores genuinamente democr\u00e1ticos.<\/p>\n<p>Al finalizar el pasado domingo la movilizaci\u00f3n de miles de dominicanos que por varias horas inundaron varias calles de esta capital el movimiento Marcha Verde ley\u00f3 un manifiesto en el que pidi\u00f3 llevar a la justicia al mandatario.<\/p>\n<p>La organizaci\u00f3n asegur\u00f3 que existen claros indicios de responsabilidad del Gobierno de Medina en la licitaci\u00f3n irregular y sobrevaluaci\u00f3n de la termoel\u00e9ctrica Punta Catalina, que construye un consorcio encabezado por Odebrecht.<\/p>\n<p>Tambi\u00e9n dijo que el Gobierno maniobra para obstruir la Justicia en el caso de la constructora brasile\u00f1a que confes\u00f3 haber distribuido 92 millones de d\u00f3lares aqu\u00ed en sobornos a funcionarios y legisladores a cambio de la asignaci\u00f3n de obras p\u00fablicas.<\/p>\n<p>Asimismo la Marcha Verde consider\u00f3 inaceptable cualquier resultado judicial sin una indagatoria de las actuaciones de los expresidentes Leonel Fern\u00e1ndez (1996-2000, 2004-2008 y 2008-2012), e Hip\u00f3lito Mej\u00eda (2000-2004).<\/p>\n<p>Seg\u00fan el colectivo, el gobierno de Fern\u00e1ndez (PLD), rubric\u00f3 el 52 por ciento de los contratos con Odebrecht; mientras que Mej\u00eda, actualmente en el opositor Partido Revolucionario Moderno (PRM), firm\u00f3 en su gesti\u00f3n 11 por ciento de los contratos.<\/p><\/div>\n<div><\/div>\n<div style=\"text-align: right;\"><span style=\"color: #ff0000;\"><em>PL<\/em><\/span><\/div>\n","protected":false},"excerpt":{"rendered":"<p>SANTO DOMINGO, Rep\u00fablica Dominicana.- El Gobierno dominicano y sus aliados responden hoy con acusaciones a los reclamos que hicieron el domingo \u00faltimo los participantes de la Marcha Verde contra la corrupci\u00f3n y la impunidad. El ministro de Interior y Polic\u00eda y miembro del Comit\u00e9 Pol\u00edtico del oficialista Partido de la Liberaci\u00f3n Dominicana (PLD), Carlos Amarante, [&hellip;]<\/p>\n","protected":false},"author":1,"featured_media":0,"comment_status":"open","ping_status":"open","sticky":false,"template":"","format":"standard","meta":{"_bbp_topic_count":0,"_bbp_reply_count":0,"_bbp_total_topic_count":0,"_bbp_total_reply_count":0,"_bbp_voice_count":0,"_bbp_anonymous_reply_count":0,"_bbp_topic_count_hidden":0,"_bbp_reply_count_hidden":0,"_bbp_forum_subforum_count":0,"footnotes":""},"categories":[60,31],"tags":[],"class_list":{"0":"post-292111","1":"post","2":"type-post","3":"status-publish","4":"format-standard","6":"category-titulares-del-dia","7":"category-estados-unidos"},"_links":{"self":[{"href":"https:\/\/primermomento.com\/index.php?rest_route=\/wp\/v2\/posts\/292111","targetHints":{"allow":["GET"]}}],"collection":[{"href":"https:\/\/primermomento.com\/index.php?rest_route=\/wp\/v2\/posts"}],"about":[{"href":"https:\/\/primermomento.com\/index.php?rest_route=\/wp\/v2\/types\/post"}],"author":[{"embeddable":true,"href":"https:\/\/primermomento.com\/index.php?rest_route=\/wp\/v2\/users\/1"}],"replies":[{"embeddable":true,"href":"https:\/\/primermomento.com\/index.php?rest_route=%2Fwp%2Fv2%2Fcomments&post=292111"}],"version-history":[{"count":0,"href":"https:\/\/primermomento.com\/index.php?rest_route=\/wp\/v2\/posts\/292111\/revisions"}],"wp:attachment":[{"href":"https:\/\/primermomento.com\/index.php?rest_route=%2Fwp%2Fv2%2Fmedia&parent=292111"}],"wp:term":[{"taxonomy":"category","embeddable":true,"href":"https:\/\/primermomento.com\/index.php?rest_route=%2Fwp%2Fv2%2Fcategories&post=292111"},{"taxonomy":"post_tag","embeddable":true,"href":"https:\/\/primermomento.com\/index.php?rest_route=%2Fwp%2Fv2%2Ftags&post=292111"}],"curies":[{"name":"wp","href":"https:\/\/api.w.org\/{rel}","templated":true}]}}