{"id":292116,"date":"2017-07-19T19:45:36","date_gmt":"2017-07-19T23:45:36","guid":{"rendered":"http:\/\/primermomento.com\/?p=292116"},"modified":"2017-07-19T19:45:36","modified_gmt":"2017-07-19T23:45:36","slug":"cnm-escogio-nuevo-presidente-del-tribunal-superior-electoral","status":"publish","type":"post","link":"https:\/\/primermomento.com\/?p=292116","title":{"rendered":"CNM escogi\u00f3 nuevo presidente del Tribunal Superior Electoral"},"content":{"rendered":"<p>SANTO DOMINGO, Rep\u00fablica Dominicana.- El Consejo Nacional de la Magistratura (CNM) escogi\u00f3 este mi\u00e9rcoles a Rom\u00e1n Andr\u00e9s J\u00e1quez Liranzo como el nuevo presidente del Tribunal Superior Electoral (TSE), al final de un proceso de deliberaci\u00f3n que se extendi\u00f3 por alrededor de siete horas.<\/p>\n<figure id=\"attachment_292117\" aria-describedby=\"caption-attachment-292117\" style=\"width: 300px\" class=\"wp-caption alignright\"><img loading=\"lazy\" decoding=\"async\" class=\"size-medium wp-image-292117\" src=\"http:\/\/primermomento.com\/wp-content\/uploads\/2017\/07\/Rom\u00e1n-Andr\u00e9s-J\u00e1quez-Liranzo-300x200.jpg\" alt=\"\" width=\"300\" height=\"200\" \/><figcaption id=\"caption-attachment-292117\" class=\"wp-caption-text\">Rom\u00e1n Andr\u00e9s J\u00e1quez Liranzo.<\/figcaption><\/figure>\n<p>Acompa\u00f1ar\u00e1n a J\u00e1quez Liranzo como titulares del TSE Santiago Salvador Sosa Castillo, Ram\u00f3n Ar\u00edstides Madera Arias, Rafaelina Peralta y Cristian Perdomo Hern\u00e1ndez.<\/p>\n<p>J\u00e1quez Liranzo, cuya participaci\u00f3n en las entrevistas realizadas por el CNM fue calificada de \u201cbrillante\u201d por algunos analistas, se desempe\u00f1a como suplente del actual presidente del TSE, Mariano Rodr\u00edguez.<\/p>\n<p>Como suplentes para los jueces del TSE fueron escogidos Rhina Alessandra D\u00edaz Tejada, correspondiente a Rafaelina Peralta; Jorge Eligio M\u00e9ndez, de Ram\u00f3n Madera; Fernan Leandru Ramos Peralta, de Santiago Sosa, y Marcos Cruz Garc\u00eda, de J\u00e1quez Liranzo.<\/p>\n<p><strong>Los escogidos para la Suprema Corte<\/strong><\/p>\n<p>Para llenar las vacantes en la Suprema Corte de Justicia (SCJ), el CNM seleccion\u00f3 a Manuel Alexis Read Ortiz, Pilar Jim\u00e9nez Ortiz y Blas Rafael Fern\u00e1ndez G\u00f3mez, todos de carrera; as\u00ed como Mois\u00e9s Alfredo Ferrer Landr\u00f3n.<\/p>\n<p>Adem\u00e1s, se inform\u00f3 la escogencia del magistrado Ram\u00f3n Herrera Carbuccia como primer sustituto del presidente de la Suprema Corte de Justicia, posici\u00f3n que estaba vacante.<\/p>\n<p><strong>Rom\u00e1n J\u00e1quez<\/strong><\/p>\n<p>Rom\u00e1n J\u00e1quez, se ha desempe\u00f1ado como suplente del presidente del TSE, fue miembro titular de la Junta del Distrito Nacional en las elecciones del 2008, es director de la escuela de derecho de la Universidad Cat\u00f3lica Santo Domingo, y decano de la Facultad de Ciencias Jur\u00eddicas de la misma academia.<\/p>\n<p><strong>Santiago Sosa<\/strong><\/p>\n<p>Santiago Sosa, se desempe\u00f1a como presidente de la Junta Electoral del Distrito Nacional y fue coordinador del movimiento c\u00edvico Participaci\u00f3n Ciudadana.<\/p>\n<p><strong>Ram\u00f3n Ar\u00edstides Madera Arias<\/strong><\/p>\n<p>Ram\u00f3n Ar\u00edstides Madera Arias, ha sido procurador general adjunto por varios a\u00f1os y fue propuesto por distintas organizaciones, incluyendo el Colegio de Abogados.<\/p>\n<p><strong>Rafaelina Peralta<\/strong><\/p>\n<p>Rafaelina Peralta, fue miembro titular de la Junta Central Electoral (JCE) en el per\u00edodo 2002-2006, tambi\u00e9n ha sido oficial del Estado Civil, directora de la Oficina Central y consultora jur\u00eddica del organismo.<\/p>\n<p><strong>Cristian Perdomo Hern\u00e1ndez<\/strong><\/p>\n<p>Cristian Perdomo Hern\u00e1ndez, licenciada en derecho, secretaria de la Junta Electoral de Santo Domingo Este y pas\u00f3 por los departamentos de Registro, Cedulaci\u00f3n e Inspector\u00eda de la Junta Central Electoral.<\/p>\n<p style=\"text-align: right;\"><span style=\"color: #ff0000;\">Fuente: 7d\u00edas.com.do<\/span><\/p>\n","protected":false},"excerpt":{"rendered":"<p>SANTO DOMINGO, Rep\u00fablica Dominicana.- El Consejo Nacional de la Magistratura (CNM) escogi\u00f3 este mi\u00e9rcoles a Rom\u00e1n Andr\u00e9s J\u00e1quez Liranzo como el nuevo presidente del Tribunal Superior Electoral (TSE), al final de un proceso de deliberaci\u00f3n que se extendi\u00f3 por alrededor de siete horas. Acompa\u00f1ar\u00e1n a J\u00e1quez Liranzo como titulares del TSE Santiago Salvador Sosa Castillo, [&hellip;]<\/p>\n","protected":false},"author":1,"featured_media":0,"comment_status":"open","ping_status":"open","sticky":false,"template":"","format":"standard","meta":{"_bbp_topic_count":0,"_bbp_reply_count":0,"_bbp_total_topic_count":0,"_bbp_total_reply_count":0,"_bbp_voice_count":0,"_bbp_anonymous_reply_count":0,"_bbp_topic_count_hidden":0,"_bbp_reply_count_hidden":0,"_bbp_forum_subforum_count":0,"footnotes":""},"categories":[60,32],"tags":[],"class_list":{"0":"post-292116","1":"post","2":"type-post","3":"status-publish","4":"format-standard","6":"category-titulares-del-dia","7":"category-lo-ultimo"},"_links":{"self":[{"href":"https:\/\/primermomento.com\/index.php?rest_route=\/wp\/v2\/posts\/292116","targetHints":{"allow":["GET"]}}],"collection":[{"href":"https:\/\/primermomento.com\/index.php?rest_route=\/wp\/v2\/posts"}],"about":[{"href":"https:\/\/primermomento.com\/index.php?rest_route=\/wp\/v2\/types\/post"}],"author":[{"embeddable":true,"href":"https:\/\/primermomento.com\/index.php?rest_route=\/wp\/v2\/users\/1"}],"replies":[{"embeddable":true,"href":"https:\/\/primermomento.com\/index.php?rest_route=%2Fwp%2Fv2%2Fcomments&post=292116"}],"version-history":[{"count":0,"href":"https:\/\/primermomento.com\/index.php?rest_route=\/wp\/v2\/posts\/292116\/revisions"}],"wp:attachment":[{"href":"https:\/\/primermomento.com\/index.php?rest_route=%2Fwp%2Fv2%2Fmedia&parent=292116"}],"wp:term":[{"taxonomy":"category","embeddable":true,"href":"https:\/\/primermomento.com\/index.php?rest_route=%2Fwp%2Fv2%2Fcategories&post=292116"},{"taxonomy":"post_tag","embeddable":true,"href":"https:\/\/primermomento.com\/index.php?rest_route=%2Fwp%2Fv2%2Ftags&post=292116"}],"curies":[{"name":"wp","href":"https:\/\/api.w.org\/{rel}","templated":true}]}}