{"id":292131,"date":"2017-07-19T06:59:29","date_gmt":"2017-07-19T10:59:29","guid":{"rendered":"http:\/\/primermomento.com\/?p=292131"},"modified":"2017-07-19T20:04:00","modified_gmt":"2017-07-20T00:04:00","slug":"del-sur-las-verdes-avenidas","status":"publish","type":"post","link":"https:\/\/primermomento.com\/?p=292131","title":{"rendered":"Del sur | Las verdes avenidas"},"content":{"rendered":"<p><em>\u201cNadie puede desconocer la fuerza interna del pueblo, ni sus valores.\u00a0<\/em><br \/>\n<em>Todo el que lo desconozca fracasar\u00e1\u201d<\/em><br \/>\nMinerva Mirabal<\/p>\n<p>Como casi todas las semanas desde que se desat\u00f3 la crisis, surgen temas para el debate imposibles de ignorar, o de posponer.<\/p>\n<p><img loading=\"lazy\" decoding=\"async\" class=\"size-medium wp-image-280855 alignleft\" src=\"http:\/\/primermomento.com\/wp-content\/uploads\/2016\/09\/Guillermo-Cifuentes3-300x194.jpg\" alt=\"\" width=\"300\" height=\"194\" \/>\u00bfQui\u00e9n pudo evitar dar una miradita a los interrogatorios? No me diga que no le dieron ganas de volver a la universidad cuando frente al televisor vimos emerger desde las profundidades de la filosof\u00eda la pregunta espont\u00e1nea \u201c\u00bfCree usted que existe el hombre no \u00e9tico?\u201d. Y tampoco me niegue que en los anales jur\u00eddicos quedar\u00e1 la respuesta de uno de los candidatos al honorable consejero inquisidor \u201cLos de su partido tambi\u00e9n se quedaban con el dinero\u201d. Se me olvid\u00f3 lo que ocurri\u00f3 con el juez que neg\u00f3 la homologaci\u00f3n, pero los consejeros que lo hab\u00edan cuestionado \u201cen privado\u201d confirmaron lo que son sin necesidad de prodigarse mucho. Cre\u00ed que luego de tantos sucesos estar\u00eda recuperada la credibilidad en la justicia, pero parece que el fil\u00f3sofo coreano alem\u00e1n Byung-Chul Han tiene toda la raz\u00f3n cuando critica la idea de la transparencia como soluci\u00f3n a tantos males y la responsabiliza de intentar construir espectadores y no ciudadanos. La transmisi\u00f3n por televisi\u00f3n no es un aporte para nada que no sea aumentar la tristeza, nostalgiar por los buenos y cambiar de canal.<\/p>\n<p>Una encuesta flash que public\u00f3 la revista \u201cToo much\u201d indic\u00f3 que el 3 % vio las transmisiones televisivas y no es posible asociar este hecho con su asistencia a la \u201cMarcha verde\u201d aunque se declararon indignados. El resto, el 97 %, declar\u00f3 no haber visto las<br \/>\ntransmisiones por haber ocupado ese tiempo en informarse de asuntos interesantes como conseguir camisetas, gorras y de pintar letreros. Tambi\u00e9n se declararon indignados.<\/p>\n<p>Otro componente de la semana fue el aniversario de la partida del \u201cpadre de la democracia\u201d a la morada del Padre. Pensando en los historiadores futuros, los historiadores presentes deber\u00edan poner atenci\u00f3n a c\u00f3mo se rese\u00f1an los hechos pues en una r\u00e1pida revisi\u00f3n de la prensa s\u00f3lo \u201cEl Nacional\u201d del 14 de julio pasado recuerda lo que los reformistas quieren ocultar: su militancia en el Partido Dominicano desde los albores de la d\u00e9cada del 30 y que \u201cDurante la Era de Trujillo se desempe\u00f1\u00f3 como Secretario de la Legaci\u00f3n Dominicana en Madrid (1932-1935), Subsecretario de la Presidencia (1936), Subsecretario de Relaciones Exteriores (1937), Embajador Extraordinario en Colombia y Ecuador (1940-43 y 1943-47 ), Embajador en M\u00e9xico (1947-1949), Secretario de Educaci\u00f3n (1949-1955), y Secretario de Estado de Relaciones Exteriores (1955-57)\u201d. Luego fue vicepresidente entre el 1957 y 1960 y ocupaba en 1960, el cargo de Presidente de la Rep\u00fablica cuando fueron asesinadas las Mirabal. Si esto no es impunidad p\u00f3ngale usted el nombre que quiera, pero p\u00f3ngale nombre. Para interesados en conocer la obra olvidada de Balaguer sirve bien leer el libro de Rafael Chaljub \u201cCuesta arriba\u201d.<\/p>\n<p>Por mi parte puedo asegurar que no existe ning\u00fan pa\u00eds en que a alguien con ese prontuario de servicio y participaci\u00f3n en una dictadura sangrienta se le recuerde sino para condenarlo. De igual manera, sus c\u00f3mplices pol\u00edticos de anta\u00f1o a medida que las democracias han ido fortaleci\u00e9ndose empiezan cuidadosamente a \u201csacarles los pies\u201d. \u00bfPor qu\u00e9 aqu\u00ed no ocurre eso? La respuesta es sencilla y de una actualidad meridiana: porque aqu\u00ed la reina no es todav\u00eda la democracia sino la impunidad.<\/p>\n<p>Pero como no hay semana sin domingo, el 16 de julio los vi pasar y eran muchos, muchas. Desde el punto de vista de un movimiento social los \u201cverdes\u201d siguen el librito sin que los \u201cno verdes\u201d puedan salirse con la suya y hacer que lo alteren. Por otro lado, como era previsible, los pol\u00edticos de los viejos partidos comienzan a aparecer y a intentar incorporar sus \u201creivindicaciones\u201d.<\/p>\n<p>El movimiento verde est\u00e1 blindado y ha demostrado una capacidad que sus adversarios solapados no quieren reconocer: por ah\u00ed no tienen cabida los mensajes xen\u00f3fobos, nada con los paleros de Bal\u00e1, o\u00eddos tapados a los cantos de sirena sugiriendo di\u00e1logo para un nuevo \u201cgacetazo\u201d. No hay c\u00f3mo encontrar a un sucesor del \u201cmediador por excelencia\u201d, mucho menos si el candidato estuvo en la comisi\u00f3n de Punta Catalina. El di\u00e1logo que esos representantes de la vieja pol\u00edtica y de la institucionalidad balaguerista quieren proponer ahora que han visto llenarse las calles est\u00e1 complicado y les va a resultar dif\u00edcil descubrir a alguien que quiera repetir el papel\u00f3n de Pe\u00f1a G\u00f3mez.<\/p>\n<p>Para quienes nos gusta la pol\u00edtica comparada esto se est\u00e1 transformando en un fest\u00edn. En cualquier pa\u00eds con instituciones democr\u00e1ticas funcionando despu\u00e9s de ese rotundo mensaje dominical la noticia del lunes en la ma\u00f1ana hubiese sido la renuncia del procurador. En cambio amanecimos con mensajes tipo Joao pero en versi\u00f3n \u201cpobre\u201d pregunt\u00e1ndose \u201c\u00bfCu\u00e1ntos de los que marcharon estar\u00e1n de acuerdo con el manifiesto?\u201d O la de un entrevistador extraviado condenando como una estupidez el manifiesto pues la l\u00f3gica jur\u00eddica que cree poder utilizar no le permite ver que cuando los problemas \u00e9ticos y pol\u00edticos se tornan ind\u00f3ciles lo m\u00e1s c\u00f3modo es intentar tornarlos legales. Gracias a Dios en la Marcha Verde no mandan los abogados y menos todav\u00eda los jueces, por lo tanto la petici\u00f3n debe ser evaluada desde el punto de vista \u00e9tico, desde el punto de vista pol\u00edtico y sobre todo desde el punto de vista de los factores que incidan positivamente en la movilizaci\u00f3n social. La historia otra vez le dice al entrevistador que no tiene nada mal aquello de los franceses que jubilaron a De Gaulle con la m\u00e1s sabia de las sentencias: \u201cSeamos realistas, pidamos lo imposible\u201d.<\/p>\n<p>Insisto en que los verdes siguen usando el librito correcto y los que los quieren acabar no encuentran todav\u00eda el suyo. Los verdes entendieron perfectamente que la lucha son \u201clas formas de acci\u00f3n conflictivas organizadas y conducidas por un actor colectivo contra un adversario por el control de un campo social. Un movimiento social es el tipo particular de lucha m\u00e1s importante.\u201d (Touraine, 2006). Y saben, como lo sabe todo el mundo, que la conflictividad (que no es sin\u00f3nimo de violencia) ir\u00e1 con toda seguridad aumentando. Eso es observable en la distancia cada vez mayor entre las demandas verdes y las respuestas moradas. Punto verde.<\/p>\n<p>no tienen cabida los mensajes xen\u00f3fobos, nada con los paleros de Bal\u00e1, o\u00eddos tapados a los cantos de sirena sugiriendo di\u00e1logo para un nuevo \u201cgacetazo\u201d. No hay c\u00f3mo encontrar a un sucesor del \u201cmediador por excelencia\u201d, mucho menos si el candidato estuvo en la comisi\u00f3n de Punta Catalina. El di\u00e1logo que esos representantes de la vieja pol\u00edtica y de la institucionalidad balaguerista quieren proponer ahora que han visto llenarse las calles est\u00e1 complicado y les va a resultar dif\u00edcil descubrir a alguien que quiera repetir el papel\u00f3n de Pe\u00f1a G\u00f3mez.<\/p>\n<p>Para quienes nos gusta la pol\u00edtica comparada esto se est\u00e1 transformando en un fest\u00edn. En cualquier pa\u00eds con instituciones democr\u00e1ticas funcionando despu\u00e9s de ese rotundo mensaje dominical la noticia del lunes en la ma\u00f1ana hubiese sido la renuncia del procurador. En cambio amanecimos con mensajes tipo Joao pero en versi\u00f3n \u201cpobre\u201d pregunt\u00e1ndose \u201c\u00bfCu\u00e1ntos de los que marcharon estar\u00e1n de acuerdo con el manifiesto?\u201d O la de un entrevistador extraviado condenando como una estupidez el manifiesto pues la l\u00f3gica jur\u00eddica que cree poder utilizar no le permite ver que cuando los problemas \u00e9ticos y pol\u00edticos se tornan ind\u00f3ciles lo m\u00e1s c\u00f3modo es intentar tornarlos legales. Gracias a Dios en la Marcha Verde no mandan los abogados y menos todav\u00eda los jueces, por lo tanto la petici\u00f3n debe ser evaluada desde el punto de vista \u00e9tico, desde el punto de vista pol\u00edtico y sobre todo desde el punto de vista de los factores que incidan positivamente en la movilizaci\u00f3n social. La historia otra vez le dice al entrevistador que no tiene nada mal aquello de los franceses que jubilaron a De Gaulle con la m\u00e1s sabia de las sentencias: \u201cSeamos realistas, pidamos lo imposible\u201d.<\/p>\n<p>Insisto en que los verdes siguen usando el librito correcto y los que los quieren acabar no encuentran todav\u00eda el suyo. Los verdes entendieron perfectamente que la lucha son \u201clas formas de acci\u00f3n conflictivas organizadas y conducidas por un actor colectivo contra un adversario por el control de un campo social. Un movimiento social es el tipo particular de lucha m\u00e1s importante.\u201d (Touraine, 2006). Y saben, como lo sabe todo el mundo, que la conflictividad (que no es sin\u00f3nimo de violencia) ir\u00e1 con toda seguridad aumentando. Eso es observable en la distancia cada vez mayor entre las demandas verdes y las respuestas moradas. Punto verde.<\/p>\n<p>Se ha ido evidenciando una capacidad organizativa relevante, con evidente apoyo de los partidos pol\u00edticos y que no se vio afectada por la retirada de recursos de do\u00f1a Circe y don de Moya. Esto tambi\u00e9n ha reforzado la identificaci\u00f3n del conflicto y la identificaci\u00f3n del adversario lo que ha quedado en evidencia con el manifiesto. Punto verde.<\/p>\n<p>Ya es indesmentible que el motivo del conflicto es transversal y que afecta a toda la sociedad. Tampoco quedan dudas de que ya la sociedad tiene identificados a los responsables. Punto verde.<\/p>\n<p>Faltan puntos por anotar, claro, pero esto lleva muy buen ritmo. La \u201cguerra de trincheras\u201d gramsciana no ha concluido todav\u00eda, la lucha por la hegemon\u00eda -mediante consentimiento y\/o consenso- est\u00e1 en un momento culminante y a pesar de que el verde provoca ceguera y sordera en los adversarios deben trabajar para que la salida a esta crisis sea una salida bastante verde. Queda claro tambi\u00e9n que una salida verde, \u00e9tica y pol\u00edtica, no admite partidos pol\u00edticos con dirigentes y militantes procesados y\/o por procesar, por m\u00e1s que marchen.<\/p>\n<p>Seguro que otros puntos verdes se anotar\u00e1n en el pr\u00f3ximo manifiesto, pues saben que hay un gancho en el que no se debe caer: la gobernabilidad es responsabilidad del gobierno, no del movimiento verde. Si el gobierno no es capaz de procesar el significado de lo que est\u00e1 ocurriendo en el pa\u00eds, deber\u00eda recurrir a expertos a quienes les importe la democracia y el futuro dominicano. Un r\u00e1pido balance de sus \u201cestrategias\u201d demuestra de manera irrebatible que quienes las dise\u00f1an no saben: no le han pegado a una.<\/p>\n<p>Esas anchas avenidas del domingo no s\u00f3lo fueron un fen\u00f3meno social, moral y pol\u00edtico, fueron tambi\u00e9n un milagro est\u00e9tico de lo tan bellas que se ve\u00edan.<\/p>\n<p style=\"text-align: right;\"><span style=\"color: #ff0000;\">Guillermo Cifuentes<\/span><br \/>\n<span style=\"color: #ff0000;\"><em>Articulista<\/em><\/span><\/p>\n<p>&nbsp;<\/p>\n","protected":false},"excerpt":{"rendered":"<p>\u201cNadie puede desconocer la fuerza interna del pueblo, ni sus valores.\u00a0 Todo el que lo desconozca fracasar\u00e1\u201d Minerva Mirabal Como casi todas las semanas desde que se desat\u00f3 la crisis, surgen temas para el debate imposibles de ignorar, o de posponer. \u00bfQui\u00e9n pudo evitar dar una miradita a los interrogatorios? No me diga que no [&hellip;]<\/p>\n","protected":false},"author":1,"featured_media":0,"comment_status":"open","ping_status":"open","sticky":false,"template":"","format":"standard","meta":{"_bbp_topic_count":0,"_bbp_reply_count":0,"_bbp_total_topic_count":0,"_bbp_total_reply_count":0,"_bbp_voice_count":0,"_bbp_anonymous_reply_count":0,"_bbp_topic_count_hidden":0,"_bbp_reply_count_hidden":0,"_bbp_forum_subforum_count":0,"footnotes":""},"categories":[33],"tags":[],"class_list":{"0":"post-292131","1":"post","2":"type-post","3":"status-publish","4":"format-standard","6":"category-opinion"},"_links":{"self":[{"href":"https:\/\/primermomento.com\/index.php?rest_route=\/wp\/v2\/posts\/292131","targetHints":{"allow":["GET"]}}],"collection":[{"href":"https:\/\/primermomento.com\/index.php?rest_route=\/wp\/v2\/posts"}],"about":[{"href":"https:\/\/primermomento.com\/index.php?rest_route=\/wp\/v2\/types\/post"}],"author":[{"embeddable":true,"href":"https:\/\/primermomento.com\/index.php?rest_route=\/wp\/v2\/users\/1"}],"replies":[{"embeddable":true,"href":"https:\/\/primermomento.com\/index.php?rest_route=%2Fwp%2Fv2%2Fcomments&post=292131"}],"version-history":[{"count":0,"href":"https:\/\/primermomento.com\/index.php?rest_route=\/wp\/v2\/posts\/292131\/revisions"}],"wp:attachment":[{"href":"https:\/\/primermomento.com\/index.php?rest_route=%2Fwp%2Fv2%2Fmedia&parent=292131"}],"wp:term":[{"taxonomy":"category","embeddable":true,"href":"https:\/\/primermomento.com\/index.php?rest_route=%2Fwp%2Fv2%2Fcategories&post=292131"},{"taxonomy":"post_tag","embeddable":true,"href":"https:\/\/primermomento.com\/index.php?rest_route=%2Fwp%2Fv2%2Ftags&post=292131"}],"curies":[{"name":"wp","href":"https:\/\/api.w.org\/{rel}","templated":true}]}}