{"id":292133,"date":"2017-07-19T12:20:12","date_gmt":"2017-07-19T16:20:12","guid":{"rendered":"http:\/\/primermomento.com\/?p=292133"},"modified":"2017-07-19T20:21:40","modified_gmt":"2017-07-20T00:21:40","slug":"plan-para-derogar-obamcare-dejaria-a-32-millones-sin-seguro","status":"publish","type":"post","link":"https:\/\/primermomento.com\/?p=292133","title":{"rendered":"Plan para derogar Obamcare dejar\u00eda a 32 millones sin seguro"},"content":{"rendered":"<div class=\"fullNewsIntrotext\">WASHINGTON, Distrito de Columbia.- El proyecto que podr\u00edan impulsar los republicanos para derogar el Obamacare sin un reemplazo aumentar\u00eda en 32 millones el n\u00famero de norteamericanos carentes de seguro m\u00e9dico para 2026, estim\u00f3 hoy la Oficina de Presupuesto del Congreso (CBO).<\/div>\n<div><\/div>\n<div class=\"fullNewsFulltext\"><img loading=\"lazy\" decoding=\"async\" class=\"size-medium wp-image-283757 alignleft\" src=\"http:\/\/primermomento.com\/wp-content\/uploads\/2016\/11\/obamacare3-300x169.jpg\" alt=\"\" width=\"300\" height=\"169\" srcset=\"https:\/\/primermomento.com\/wp-content\/uploads\/2016\/11\/obamacare3-300x169.jpg 300w, https:\/\/primermomento.com\/wp-content\/uploads\/2016\/11\/obamacare3-478x270.jpg 478w, https:\/\/primermomento.com\/wp-content\/uploads\/2016\/11\/obamacare3-500x281.jpg 500w, https:\/\/primermomento.com\/wp-content\/uploads\/2016\/11\/obamacare3-280x158.jpg 280w, https:\/\/primermomento.com\/wp-content\/uploads\/2016\/11\/obamacare3-118x66.jpg 118w, https:\/\/primermomento.com\/wp-content\/uploads\/2016\/11\/obamacare3-479x269.jpg 479w, https:\/\/primermomento.com\/wp-content\/uploads\/2016\/11\/obamacare3.jpg 624w\" sizes=\"auto, (max-width: 300px) 100vw, 300px\" \/>La entidad no partidista realiz\u00f3 un an\u00e1lisis junto al Comit\u00e9 Conjunto de Tributaci\u00f3n sobre los efectos directos del proyecto Ley de Reconciliaci\u00f3n del Obamacare 2017, que deroga muchas disposiciones de la normativa sanitaria actual.<\/p>\n<p>A partir de ese examen, la CBO previ\u00f3 que esa propuesta incrementar\u00eda en 17 millones la cifra de personas sin cobertura de salud solo en 2018, en comparaci\u00f3n con el n\u00famero estimado bajo la normativa vigente.<\/p>\n<p>Ese n\u00famero se elevar\u00eda a 27 millones en 2020 y llegar\u00eda a 32 millones seis a\u00f1os despu\u00e9s.<\/p>\n<p>Por otra parte, el precio promedio de las primas para las coberturas individuales aumentar\u00eda un 25 por ciento en 2018, un 50 por ciento en 2020, y se duplicar\u00eda en 2026.<\/p>\n<p>De acuerdo con el an\u00e1lisis, bajo la Ley de Reconciliaci\u00f3n del Obamacare alrededor de la mitad de la poblaci\u00f3n del pa\u00eds vivir\u00eda en \u00e1reas sin aseguradoras que participen en mercados no grupales para 2020.<\/p>\n<p>Ello se deber\u00e1 a la presi\u00f3n a la baja sobre la inscripci\u00f3n y la presi\u00f3n al alza sobre las primas, una proporci\u00f3n que se mantendr\u00eda hasta abarcar las tres cuartas partes de la poblaci\u00f3n en 2026.<\/p>\n<p>Desde el punto de vista presupuestario, la puesta en pr\u00e1ctica de esta legislaci\u00f3n reducir\u00eda el d\u00e9ficit en 473 mil millones de d\u00f3lares durante la pr\u00f3xima d\u00e9cada.<\/p>\n<p>Seg\u00fan la cadena NBC News, la ley que se valora para desmontar el Obamacare eliminar\u00eda los impuestos de esa normativa y, a partir de 2020, cortar\u00eda los fondos para la expansi\u00f3n del Medicaid y los subsidios federales dirigidos a comprar planes privados.<\/p>\n<p>Tambi\u00e9n pondr\u00eda fin al mandato individual que penaliza a las personas por no tener un seguro.<\/p>\n<p>En los \u00faltimos d\u00edas fracasaron los intentos republicanos en el Senado para aprobar un proyecto que permita derogar y reemplazar el Obamacare al mismo tiempo.<\/p>\n<p>Por eso, el l\u00edder de la mayor\u00eda en la C\u00e1mara alta, Mitch McConnell, anunci\u00f3 que a principios de la semana pr\u00f3xima votar\u00edan una propuesta destinada solo a revocarlo y a dar un margen de dos a\u00f1os para alcanzar una nueva reforma de salud, pese a que hasta el momento tampoco tiene los votos para avalar esa alternativa.<\/p>\n<p>En un almuerzo este mi\u00e9rcoles, el presidente, Donald Trump, inst\u00f3 a los miembros de su partido a seguir trabajando hasta alcanzar una soluci\u00f3n que permita desmontar y sustituir el Obamacare, algo que pareci\u00f3 contradecir las palabras de McConnell.<\/p>\n<p>Seg\u00fan declar\u00f3 luego el senador, ello solo significa que ahora tienen dos opciones.<\/p>\n<p>&#8216;Creo que todos estuvimos de acuerdo en que es mejor votar para revocar y reemplazar, pero podr\u00edamos tener una votaci\u00f3n sobre cualquiera de los dos caminos&#8217;, se\u00f1al\u00f3.<\/p><\/div>\n<div><\/div>\n<div style=\"text-align: right;\"><span style=\"color: #ff0000;\"><em>PL<\/em><\/span><\/div>\n","protected":false},"excerpt":{"rendered":"<p>WASHINGTON, Distrito de Columbia.- El proyecto que podr\u00edan impulsar los republicanos para derogar el Obamacare sin un reemplazo aumentar\u00eda en 32 millones el n\u00famero de norteamericanos carentes de seguro m\u00e9dico para 2026, estim\u00f3 hoy la Oficina de Presupuesto del Congreso (CBO). La entidad no partidista realiz\u00f3 un an\u00e1lisis junto al Comit\u00e9 Conjunto de Tributaci\u00f3n sobre [&hellip;]<\/p>\n","protected":false},"author":1,"featured_media":0,"comment_status":"open","ping_status":"open","sticky":false,"template":"","format":"standard","meta":{"_bbp_topic_count":0,"_bbp_reply_count":0,"_bbp_total_topic_count":0,"_bbp_total_reply_count":0,"_bbp_voice_count":0,"_bbp_anonymous_reply_count":0,"_bbp_topic_count_hidden":0,"_bbp_reply_count_hidden":0,"_bbp_forum_subforum_count":0,"footnotes":""},"categories":[60,32],"tags":[],"class_list":{"0":"post-292133","1":"post","2":"type-post","3":"status-publish","4":"format-standard","6":"category-titulares-del-dia","7":"category-lo-ultimo"},"_links":{"self":[{"href":"https:\/\/primermomento.com\/index.php?rest_route=\/wp\/v2\/posts\/292133","targetHints":{"allow":["GET"]}}],"collection":[{"href":"https:\/\/primermomento.com\/index.php?rest_route=\/wp\/v2\/posts"}],"about":[{"href":"https:\/\/primermomento.com\/index.php?rest_route=\/wp\/v2\/types\/post"}],"author":[{"embeddable":true,"href":"https:\/\/primermomento.com\/index.php?rest_route=\/wp\/v2\/users\/1"}],"replies":[{"embeddable":true,"href":"https:\/\/primermomento.com\/index.php?rest_route=%2Fwp%2Fv2%2Fcomments&post=292133"}],"version-history":[{"count":0,"href":"https:\/\/primermomento.com\/index.php?rest_route=\/wp\/v2\/posts\/292133\/revisions"}],"wp:attachment":[{"href":"https:\/\/primermomento.com\/index.php?rest_route=%2Fwp%2Fv2%2Fmedia&parent=292133"}],"wp:term":[{"taxonomy":"category","embeddable":true,"href":"https:\/\/primermomento.com\/index.php?rest_route=%2Fwp%2Fv2%2Fcategories&post=292133"},{"taxonomy":"post_tag","embeddable":true,"href":"https:\/\/primermomento.com\/index.php?rest_route=%2Fwp%2Fv2%2Ftags&post=292133"}],"curies":[{"name":"wp","href":"https:\/\/api.w.org\/{rel}","templated":true}]}}