{"id":292139,"date":"2017-07-20T06:01:54","date_gmt":"2017-07-20T10:01:54","guid":{"rendered":"http:\/\/primermomento.com\/?p=292139"},"modified":"2017-07-20T06:01:54","modified_gmt":"2017-07-20T10:01:54","slug":"prm-en-desacuerdo-con-jueces-elegidos-para-tse-y-scj","status":"publish","type":"post","link":"https:\/\/primermomento.com\/?p=292139","title":{"rendered":"PRM en desacuerdo con jueces elegidos para TSE y SCJ"},"content":{"rendered":"<p>SANTO DOMINGO, Rep\u00fablica Dominicana.- El senador Jos\u00e9 Ignacio Paliza y la diputada Josefa Castillo, representantes del PRM en el Consejo Nacional de la Magistratura, se mostraron hoy en desacuerdo con la elecci\u00f3n que realiz\u00f3 ese organismo de los jueces del Tribunal Superior Electoral y las cuatro vacantes en la Suprema Corte de Justicia (SCJ).<\/p>\n<p><img loading=\"lazy\" decoding=\"async\" class=\"size-medium wp-image-292140 alignleft\" src=\"http:\/\/primermomento.com\/wp-content\/uploads\/2017\/07\/jueces-elegidos-300x200.jpg\" alt=\"\" width=\"300\" height=\"200\" srcset=\"https:\/\/primermomento.com\/wp-content\/uploads\/2017\/07\/jueces-elegidos-300x200.jpg 300w, https:\/\/primermomento.com\/wp-content\/uploads\/2017\/07\/jueces-elegidos-73x50.jpg 73w, https:\/\/primermomento.com\/wp-content\/uploads\/2017\/07\/jueces-elegidos-500x333.jpg 500w, https:\/\/primermomento.com\/wp-content\/uploads\/2017\/07\/jueces-elegidos-280x186.jpg 280w, https:\/\/primermomento.com\/wp-content\/uploads\/2017\/07\/jueces-elegidos-60x40.jpg 60w, https:\/\/primermomento.com\/wp-content\/uploads\/2017\/07\/jueces-elegidos-118x79.jpg 118w, https:\/\/primermomento.com\/wp-content\/uploads\/2017\/07\/jueces-elegidos-479x319.jpg 479w, https:\/\/primermomento.com\/wp-content\/uploads\/2017\/07\/jueces-elegidos.jpg 580w\" sizes=\"auto, (max-width: 300px) 100vw, 300px\" \/>Los legisladores afirmaron que no emitieron sus votos por ninguno de los escogidos por el CNM, al tiempo de definir como \u00abfrustrante\u00bb su experiencia como miembros de ese organismo.<\/p>\n<p>\u00abNuestra labor era que \u00edbamos a trabajar por jueces independientes y en ese esfuerzo aun cuando nuestros corazones y tes\u00f3n estuvieron envueltos, no pudimos lograr esa conquista para nuestro pa\u00eds\u00bb, dijo Paliza en declaraciones a medios de comunicaci\u00f3n, momentos despu\u00e9s del anuncio de los elegidos.<\/p>\n<p>El senador por Puerto Plata revel\u00f3 que tanto \u00e9l como Castillo estuvieron a punto de abandonar su participaci\u00f3n en el CNM, pero que continuaron con su labor porque se consideran respetuosos del mandato constitucional.<\/p>\n<p>La diputada Castillo, por su parte, explic\u00f3 que no participaron en la rueda de prensa donde se anunciaron los jueces electos, porque desde el principio trabajaron bajo el mandato de que \u00abla elecci\u00f3n deb\u00eda ser sin reparto y que tampoco los jueces tengan vinculaci\u00f3n partidaria para que fuese m\u00e1s id\u00f3nea y pudiera crear m\u00e1s confianza en el pueblo dominicano\u00bb.<\/p>\n<p>Expuso que la mayor\u00eda de los seleccionados son personas que est\u00e1n vinculadas al Partido de la Liberaci\u00f3n Dominicana (PLD) y apenas pudieron lograr que no repitieran los titulares del TSE.<\/p>\n<p style=\"text-align: right;\"><span style=\"color: #ff0000;\"><em>EFE<\/em><\/span><\/p>\n<p>&nbsp;<\/p>\n","protected":false},"excerpt":{"rendered":"<p>SANTO DOMINGO, Rep\u00fablica Dominicana.- El senador Jos\u00e9 Ignacio Paliza y la diputada Josefa Castillo, representantes del PRM en el Consejo Nacional de la Magistratura, se mostraron hoy en desacuerdo con la elecci\u00f3n que realiz\u00f3 ese organismo de los jueces del Tribunal Superior Electoral y las cuatro vacantes en la Suprema Corte de Justicia (SCJ). Los [&hellip;]<\/p>\n","protected":false},"author":1,"featured_media":0,"comment_status":"open","ping_status":"open","sticky":false,"template":"","format":"standard","meta":{"_bbp_topic_count":0,"_bbp_reply_count":0,"_bbp_total_topic_count":0,"_bbp_total_reply_count":0,"_bbp_voice_count":0,"_bbp_anonymous_reply_count":0,"_bbp_topic_count_hidden":0,"_bbp_reply_count_hidden":0,"_bbp_forum_subforum_count":0,"footnotes":""},"categories":[30,60],"tags":[],"class_list":{"0":"post-292139","1":"post","2":"type-post","3":"status-publish","4":"format-standard","6":"category-actualidad","7":"category-titulares-del-dia"},"_links":{"self":[{"href":"https:\/\/primermomento.com\/index.php?rest_route=\/wp\/v2\/posts\/292139","targetHints":{"allow":["GET"]}}],"collection":[{"href":"https:\/\/primermomento.com\/index.php?rest_route=\/wp\/v2\/posts"}],"about":[{"href":"https:\/\/primermomento.com\/index.php?rest_route=\/wp\/v2\/types\/post"}],"author":[{"embeddable":true,"href":"https:\/\/primermomento.com\/index.php?rest_route=\/wp\/v2\/users\/1"}],"replies":[{"embeddable":true,"href":"https:\/\/primermomento.com\/index.php?rest_route=%2Fwp%2Fv2%2Fcomments&post=292139"}],"version-history":[{"count":0,"href":"https:\/\/primermomento.com\/index.php?rest_route=\/wp\/v2\/posts\/292139\/revisions"}],"wp:attachment":[{"href":"https:\/\/primermomento.com\/index.php?rest_route=%2Fwp%2Fv2%2Fmedia&parent=292139"}],"wp:term":[{"taxonomy":"category","embeddable":true,"href":"https:\/\/primermomento.com\/index.php?rest_route=%2Fwp%2Fv2%2Fcategories&post=292139"},{"taxonomy":"post_tag","embeddable":true,"href":"https:\/\/primermomento.com\/index.php?rest_route=%2Fwp%2Fv2%2Ftags&post=292139"}],"curies":[{"name":"wp","href":"https:\/\/api.w.org\/{rel}","templated":true}]}}