{"id":292145,"date":"2017-07-20T14:44:29","date_gmt":"2017-07-20T18:44:29","guid":{"rendered":"http:\/\/primermomento.com\/?p=292145"},"modified":"2017-07-20T14:48:39","modified_gmt":"2017-07-20T18:48:39","slug":"bani-mujer-acusada-de-secuestro-la-vinculan-con-asesinatos","status":"publish","type":"post","link":"https:\/\/primermomento.com\/?p=292145","title":{"rendered":"BAN\u00cd | Mujer acusada de secuestro; la vinculan con asesinatos"},"content":{"rendered":"<p>BAN\u00cd, Rep\u00fablica Dominicana.- Agentes de la Direcci\u00f3n de Investigaciones Criminales (DICRIM), y la Polic\u00eda Preventiva, arrestaron a una mujer, acusada en participar en el rapto y asesinato de Edinson Adis Mej\u00eda Mej\u00eda (Tint\u00edn), en el Distrito Municipal de Villa Sombrero.<\/p>\n<figure id=\"attachment_292146\" aria-describedby=\"caption-attachment-292146\" style=\"width: 300px\" class=\"wp-caption alignleft\"><img loading=\"lazy\" decoding=\"async\" class=\"size-medium wp-image-292146\" src=\"http:\/\/primermomento.com\/wp-content\/uploads\/2017\/07\/Daniela-Mej\u00eda-Mej\u00eda-300x244.jpg\" alt=\"\" width=\"300\" height=\"244\" srcset=\"https:\/\/primermomento.com\/wp-content\/uploads\/2017\/07\/Daniela-Mej\u00eda-Mej\u00eda-300x244.jpg 300w, https:\/\/primermomento.com\/wp-content\/uploads\/2017\/07\/Daniela-Mej\u00eda-Mej\u00eda-500x407.jpg 500w, https:\/\/primermomento.com\/wp-content\/uploads\/2017\/07\/Daniela-Mej\u00eda-Mej\u00eda-270x220.jpg 270w, https:\/\/primermomento.com\/wp-content\/uploads\/2017\/07\/Daniela-Mej\u00eda-Mej\u00eda-118x96.jpg 118w, https:\/\/primermomento.com\/wp-content\/uploads\/2017\/07\/Daniela-Mej\u00eda-Mej\u00eda-479x390.jpg 479w, https:\/\/primermomento.com\/wp-content\/uploads\/2017\/07\/Daniela-Mej\u00eda-Mej\u00eda.jpg 506w\" sizes=\"auto, (max-width: 300px) 100vw, 300px\" \/><figcaption id=\"caption-attachment-292146\" class=\"wp-caption-text\">Daniela Mej\u00eda Mej\u00eda.<\/figcaption><\/figure>\n<p>Mej\u00eda Mej\u00eda estuvo siete a\u00f1os preso en Estados Unidos, de donde se presume fue repatriado a Rep\u00fablica Dominicana<\/p>\n<p>La sospechosa ha sido identificada como Daniela Mej\u00eda Mej\u00eda, de 18 a\u00f1os, quien fue trasladada a la comandancia policial de la provincia de San Jos\u00e9 de Ocoa, para ser sometida a la justicia.<\/p>\n<p>El despliegue policial que condujo al arresto de la mujer, fue encabezado por el coronel Mari\u00f1ez Lara, luego que un juez emitiera una orden de captura.<\/p>\n<p>Se investiga si tiene v\u00ednculos en la muerte del teniente Johnny Arias Cabrera, de 41 a\u00f1os, y el cabo F\u00e9lix Daniel D\u2019Oleo Paredes, de 25 a\u00f1os, ejecutados la madrugada del domingo 10 de julio frente al cuartel policial de Sabana Larga, provincia San Jos\u00e9 de Ocoa, lugar d\u00f3nde hubo un punto de chequeo.<\/p>\n<p>Edinson Adis Mej\u00eda Mej\u00eda (Tint\u00edn), fue acusado de asesinar a balazos al presunto narcotraficante Reynaldo Romero Pe\u00f1a (Boca de Perro) en el a\u00f1o 2004, en un colmado de Villa Sombrero.<\/p>\n<p>Tint\u00edn, como se le conoc\u00eda popularmente, fue condenado a 10 a\u00f1os de prisi\u00f3n, pero cinco a\u00f1os despu\u00e9s recibi\u00f3 libertad condicional y escap\u00f3 hacia Estados Unidos, de d\u00f3nde habr\u00eda sido deportado.<\/p>\n<p>Mej\u00eda Mej\u00eda resid\u00eda en el sector de Los Cartones en Villa Sombrero, donde llevaba una vida \u201cdiscreta\u201d, seg\u00fan vecinos del lugar.<\/p>\n<p>De acuerdo a testigos, en horas de la noche del domingo, cuatro hombres, fuertemente armados, a bordo de una jeepeta Ford Runner, de color blanco del 2016, secuestraron a Tint\u00edn.<\/p>\n<p>El cuerpo sin vida fue encontrado 12 horas despu\u00e9s en unos matorrales de la comunidad Las Caobas, en la vecina provincia de San Jos\u00e9 de Ocoa, amordazado, torturado y baleado.<\/p>\n<p style=\"text-align: right;\"><span style=\"color: #ff0000;\">Primer<\/span>Momento<\/p>\n<p>&nbsp;<\/p>\n","protected":false},"excerpt":{"rendered":"<p>BAN\u00cd, Rep\u00fablica Dominicana.- Agentes de la Direcci\u00f3n de Investigaciones Criminales (DICRIM), y la Polic\u00eda Preventiva, arrestaron a una mujer, acusada en participar en el rapto y asesinato de Edinson Adis Mej\u00eda Mej\u00eda (Tint\u00edn), en el Distrito Municipal de Villa Sombrero. Mej\u00eda Mej\u00eda estuvo siete a\u00f1os preso en Estados Unidos, de donde se presume fue repatriado [&hellip;]<\/p>\n","protected":false},"author":1,"featured_media":0,"comment_status":"open","ping_status":"open","sticky":false,"template":"","format":"standard","meta":{"_bbp_topic_count":0,"_bbp_reply_count":0,"_bbp_total_topic_count":0,"_bbp_total_reply_count":0,"_bbp_voice_count":0,"_bbp_anonymous_reply_count":0,"_bbp_topic_count_hidden":0,"_bbp_reply_count_hidden":0,"_bbp_forum_subforum_count":0,"footnotes":""},"categories":[60,32],"tags":[],"class_list":{"0":"post-292145","1":"post","2":"type-post","3":"status-publish","4":"format-standard","6":"category-titulares-del-dia","7":"category-lo-ultimo"},"_links":{"self":[{"href":"https:\/\/primermomento.com\/index.php?rest_route=\/wp\/v2\/posts\/292145","targetHints":{"allow":["GET"]}}],"collection":[{"href":"https:\/\/primermomento.com\/index.php?rest_route=\/wp\/v2\/posts"}],"about":[{"href":"https:\/\/primermomento.com\/index.php?rest_route=\/wp\/v2\/types\/post"}],"author":[{"embeddable":true,"href":"https:\/\/primermomento.com\/index.php?rest_route=\/wp\/v2\/users\/1"}],"replies":[{"embeddable":true,"href":"https:\/\/primermomento.com\/index.php?rest_route=%2Fwp%2Fv2%2Fcomments&post=292145"}],"version-history":[{"count":0,"href":"https:\/\/primermomento.com\/index.php?rest_route=\/wp\/v2\/posts\/292145\/revisions"}],"wp:attachment":[{"href":"https:\/\/primermomento.com\/index.php?rest_route=%2Fwp%2Fv2%2Fmedia&parent=292145"}],"wp:term":[{"taxonomy":"category","embeddable":true,"href":"https:\/\/primermomento.com\/index.php?rest_route=%2Fwp%2Fv2%2Fcategories&post=292145"},{"taxonomy":"post_tag","embeddable":true,"href":"https:\/\/primermomento.com\/index.php?rest_route=%2Fwp%2Fv2%2Ftags&post=292145"}],"curies":[{"name":"wp","href":"https:\/\/api.w.org\/{rel}","templated":true}]}}