{"id":292150,"date":"2017-07-20T13:48:47","date_gmt":"2017-07-20T17:48:47","guid":{"rendered":"http:\/\/primermomento.com\/?p=292150"},"modified":"2017-07-20T14:52:16","modified_gmt":"2017-07-20T18:52:16","slug":"bani-ocoa-jueza-aplaza-juicio-contra-supuestos-sicarios","status":"publish","type":"post","link":"https:\/\/primermomento.com\/?p=292150","title":{"rendered":"BAN\u00cd-OCOA | Jueza aplaza juicio contra supuestos sicarios"},"content":{"rendered":"<p>OCOA, San Jos\u00e9 de Ocoa.- La jueza del Juzgado de la Instrucci\u00f3n del Distrito Judicial de San Jos\u00e9 de Ocoa, Mary Jeannette D\u00edaz Castillo, reenvi\u00f3 para el pr\u00f3ximo martes 25 de julio a las 10:00 de la ma\u00f1ana el conocimiento de medida de coerci\u00f3n contra tres hombres acusados de asesinar a dos agentes de la Polic\u00eda y un civil en esta provincia.<\/p>\n<figure id=\"attachment_291898\" aria-describedby=\"caption-attachment-291898\" style=\"width: 300px\" class=\"wp-caption alignleft\"><img loading=\"lazy\" decoding=\"async\" class=\"size-medium wp-image-291898\" src=\"http:\/\/primermomento.com\/wp-content\/uploads\/2017\/07\/Edinson-Ad\u00eds-Mej\u00eda-Mej\u00eda-300x252.jpg\" alt=\"\" width=\"300\" height=\"252\" srcset=\"https:\/\/primermomento.com\/wp-content\/uploads\/2017\/07\/Edinson-Ad\u00eds-Mej\u00eda-Mej\u00eda-300x252.jpg 300w, https:\/\/primermomento.com\/wp-content\/uploads\/2017\/07\/Edinson-Ad\u00eds-Mej\u00eda-Mej\u00eda-262x220.jpg 262w, https:\/\/primermomento.com\/wp-content\/uploads\/2017\/07\/Edinson-Ad\u00eds-Mej\u00eda-Mej\u00eda-118x99.jpg 118w, https:\/\/primermomento.com\/wp-content\/uploads\/2017\/07\/Edinson-Ad\u00eds-Mej\u00eda-Mej\u00eda.jpg 413w\" sizes=\"auto, (max-width: 300px) 100vw, 300px\" \/><figcaption id=\"caption-attachment-291898\" class=\"wp-caption-text\">Edinson Ad\u00eds Mej\u00eda Mej\u00eda. Foto cr\u00e9dito | Fuente externa.<\/figcaption><\/figure>\n<p>D\u00edaz Castillo reenvi\u00f3 el conocimiento porque no exist\u00edan las condiciones y la seguridad para seguir ventilando el caso contra los imputados Nelson Medina Mateo (Carlos), Tony Carlos Ventura Santana y Carlos Leonel <a style=\"font-size:0;\" href=\"http:\/\/comprar-ed.com\">http:\/\/comprar-ed.com<\/a> Ventura.<\/p>\n<p>Dentro de las razones tomada por la magistrada est\u00e1n; el cansancio de los polic\u00edas asignados a la seguridad, en el entorno del juzgado donde se conoce la audiencia no hay luz, adem\u00e1s de la aglomeraci\u00f3n de personas dentro del tribunal, entre otras razones.<\/p>\n<p>Medina Mateo, Ventura Santana y Ventura son acusados de asesinar al segundo teniente de la polic\u00eda Johnny Arias Cabrera, y del cabo F\u00e9lix Daniel D\u2019 Oleo Paredes, as\u00ed como haber participado en el rapto de Edinson Ad\u00eds Mej\u00eda Mej\u00eda (Tint\u00edn) , de 49 a\u00f1os, en la comunidad de Sombrero, en la provincia Peravia, y luego ultimado en San Jos\u00e9 de Ocoa.<\/p>\n<p style=\"text-align: right;\"><span style=\"color: #ff0000;\">Primer<\/span>Momento<\/p>\n<p>&nbsp;<\/p>\n","protected":false},"excerpt":{"rendered":"<p>OCOA, San Jos\u00e9 de Ocoa.- La jueza del Juzgado de la Instrucci\u00f3n del Distrito Judicial de San Jos\u00e9 de Ocoa, Mary Jeannette D\u00edaz Castillo, reenvi\u00f3 para el pr\u00f3ximo martes 25 de julio a las 10:00 de la ma\u00f1ana el conocimiento de medida de coerci\u00f3n contra tres hombres acusados de asesinar a dos agentes de la [&hellip;]<\/p>\n","protected":false},"author":1,"featured_media":0,"comment_status":"open","ping_status":"open","sticky":false,"template":"","format":"standard","meta":{"_bbp_topic_count":0,"_bbp_reply_count":0,"_bbp_total_topic_count":0,"_bbp_total_reply_count":0,"_bbp_voice_count":0,"_bbp_anonymous_reply_count":0,"_bbp_topic_count_hidden":0,"_bbp_reply_count_hidden":0,"_bbp_forum_subforum_count":0,"footnotes":""},"categories":[30,60],"tags":[],"class_list":{"0":"post-292150","1":"post","2":"type-post","3":"status-publish","4":"format-standard","6":"category-actualidad","7":"category-titulares-del-dia"},"_links":{"self":[{"href":"https:\/\/primermomento.com\/index.php?rest_route=\/wp\/v2\/posts\/292150","targetHints":{"allow":["GET"]}}],"collection":[{"href":"https:\/\/primermomento.com\/index.php?rest_route=\/wp\/v2\/posts"}],"about":[{"href":"https:\/\/primermomento.com\/index.php?rest_route=\/wp\/v2\/types\/post"}],"author":[{"embeddable":true,"href":"https:\/\/primermomento.com\/index.php?rest_route=\/wp\/v2\/users\/1"}],"replies":[{"embeddable":true,"href":"https:\/\/primermomento.com\/index.php?rest_route=%2Fwp%2Fv2%2Fcomments&post=292150"}],"version-history":[{"count":0,"href":"https:\/\/primermomento.com\/index.php?rest_route=\/wp\/v2\/posts\/292150\/revisions"}],"wp:attachment":[{"href":"https:\/\/primermomento.com\/index.php?rest_route=%2Fwp%2Fv2%2Fmedia&parent=292150"}],"wp:term":[{"taxonomy":"category","embeddable":true,"href":"https:\/\/primermomento.com\/index.php?rest_route=%2Fwp%2Fv2%2Fcategories&post=292150"},{"taxonomy":"post_tag","embeddable":true,"href":"https:\/\/primermomento.com\/index.php?rest_route=%2Fwp%2Fv2%2Ftags&post=292150"}],"curies":[{"name":"wp","href":"https:\/\/api.w.org\/{rel}","templated":true}]}}