{"id":292156,"date":"2017-07-20T13:06:49","date_gmt":"2017-07-20T17:06:49","guid":{"rendered":"http:\/\/primermomento.com\/?p=292156"},"modified":"2017-07-20T16:10:28","modified_gmt":"2017-07-20T20:10:28","slug":"bani-centro-cultural-perello-ofrecera-operativo-cultural-en-la-monteria","status":"publish","type":"post","link":"https:\/\/primermomento.com\/?p=292156","title":{"rendered":"BAN\u00cd | Centro Cultural Perell\u00f3 ofrecer\u00e1 Operativo Cultural en La Monter\u00eda"},"content":{"rendered":"<p><em>El proyecto \u201cDesde el Centro\u201d se traslada a La Monter\u00eda para continuar con su ruta por la provincia Peravia.<\/em><\/p>\n<p>BAN\u00cd, Rep\u00fablica Dominicana.- El Centro Cultural Perell\u00f3, en consonancia con sus objetivos fundacionales y como modo de motivar la creatividad y el amor por las artes en las comunidades de la provincia Peravia, ofrecer\u00e1 un \u201cOperativo Cultural\u201d en la comunidad de La Monter\u00eda, en una ruta que impactar\u00e1 mensualmente a una secci\u00f3n o distrito municipal de la provincia.<\/p>\n<p><img loading=\"lazy\" decoding=\"async\" class=\"size-medium wp-image-283251 alignright\" src=\"http:\/\/primermomento.com\/wp-content\/uploads\/2016\/11\/IMG_5665-Centro-Cultural-Perell\u00f3-300x225.jpg\" alt=\"\" width=\"300\" height=\"225\" \/>El objetivo de los operativos culturales, componente principal del proyecto de fomento del arte y la cultura \u201cDesde el Centro\u201d, es realizar actividades de animaci\u00f3n cultural y promoci\u00f3n del talento de los j\u00f3venes con formaci\u00f3n art\u00edstica de la provincia Peravia, acercando la comunidad a disfrutar y valorar de estas manifestaciones, as\u00ed afirma la Lcda. Julia Castillo Mej\u00eda, directora de esa instituci\u00f3n cultural.<\/p>\n<p>\u201cDesde el Centro\u201d tiene la particularidad de que se conecta con las ra\u00edces hist\u00f3ricas y culturales de los pueblos que visita, creando una convergencia perfecta entre sus gestores y comunitarios, de un modo ameno y din\u00e1mico para el crecimiento sociocultural de la zona.<\/p>\n<p>La Monter\u00eda es la sede del segundo encuentro de gestores, donde decenas de personas disfrutar\u00e1n de la m\u00fasica t\u00edpica local, presenciar\u00e1n lectura de obras po\u00e9ticas, una pieza teatral y musical, un taller con ni\u00f1os sobre creatividad y la elaboraci\u00f3n de un mural alusivo al medioambiente.<\/p>\n<p>La jornada tendr\u00e1 lugar el jueves 20 de julio de 2017 a partir de las 4:00 p.m. en el Centro Comunal de La Monter\u00eda, abierto y gratuito para toda la comunidad.<\/p>\n<p>&nbsp;<\/p>\n","protected":false},"excerpt":{"rendered":"<p>El proyecto \u201cDesde el Centro\u201d se traslada a La Monter\u00eda para continuar con su ruta por la provincia Peravia. BAN\u00cd, Rep\u00fablica Dominicana.- El Centro Cultural Perell\u00f3, en consonancia con sus objetivos fundacionales y como modo de motivar la creatividad y el amor por las artes en las comunidades de la provincia Peravia, ofrecer\u00e1 un \u201cOperativo [&hellip;]<\/p>\n","protected":false},"author":1,"featured_media":0,"comment_status":"open","ping_status":"open","sticky":false,"template":"","format":"standard","meta":{"_bbp_topic_count":0,"_bbp_reply_count":0,"_bbp_total_topic_count":0,"_bbp_total_reply_count":0,"_bbp_voice_count":0,"_bbp_anonymous_reply_count":0,"_bbp_topic_count_hidden":0,"_bbp_reply_count_hidden":0,"_bbp_forum_subforum_count":0,"footnotes":""},"categories":[60,32],"tags":[],"class_list":{"0":"post-292156","1":"post","2":"type-post","3":"status-publish","4":"format-standard","6":"category-titulares-del-dia","7":"category-lo-ultimo"},"_links":{"self":[{"href":"https:\/\/primermomento.com\/index.php?rest_route=\/wp\/v2\/posts\/292156","targetHints":{"allow":["GET"]}}],"collection":[{"href":"https:\/\/primermomento.com\/index.php?rest_route=\/wp\/v2\/posts"}],"about":[{"href":"https:\/\/primermomento.com\/index.php?rest_route=\/wp\/v2\/types\/post"}],"author":[{"embeddable":true,"href":"https:\/\/primermomento.com\/index.php?rest_route=\/wp\/v2\/users\/1"}],"replies":[{"embeddable":true,"href":"https:\/\/primermomento.com\/index.php?rest_route=%2Fwp%2Fv2%2Fcomments&post=292156"}],"version-history":[{"count":0,"href":"https:\/\/primermomento.com\/index.php?rest_route=\/wp\/v2\/posts\/292156\/revisions"}],"wp:attachment":[{"href":"https:\/\/primermomento.com\/index.php?rest_route=%2Fwp%2Fv2%2Fmedia&parent=292156"}],"wp:term":[{"taxonomy":"category","embeddable":true,"href":"https:\/\/primermomento.com\/index.php?rest_route=%2Fwp%2Fv2%2Fcategories&post=292156"},{"taxonomy":"post_tag","embeddable":true,"href":"https:\/\/primermomento.com\/index.php?rest_route=%2Fwp%2Fv2%2Ftags&post=292156"}],"curies":[{"name":"wp","href":"https:\/\/api.w.org\/{rel}","templated":true}]}}