{"id":292161,"date":"2017-07-20T10:12:58","date_gmt":"2017-07-20T14:12:58","guid":{"rendered":"http:\/\/primermomento.com\/?p=292161"},"modified":"2017-07-20T16:15:05","modified_gmt":"2017-07-20T20:15:05","slug":"hombre-llama-la-policia-en-florida-para-reportar-robo-de-droga","status":"publish","type":"post","link":"https:\/\/primermomento.com\/?p=292161","title":{"rendered":"Hombre llama la polic\u00eda en Florida para reportar robo de droga"},"content":{"rendered":"<div id=\"m_169546803411618419yui_3_16_0_ym19_1_1500545152029_38273\"><span id=\"m_169546803411618419yui_3_16_0_ym19_1_1500545152029_38276\" lang=\"ES-US\">NUEVA YORK, Nueva York.- El ins\u00f3lito caso cometido por el afroamericano David Blackmon, de 32 a\u00f1os, de llamar la polic\u00eda de Florida para reportar el robo de una bolsa de coca\u00edna de su propiedad, ha llamado la atenci\u00f3n sobremanera entre dominicanos residentes en el Alto Manhattan, quienes\u00a0se pasan horas hablando del tema en los diferentes lugares p\u00fablicos.<u><\/u><u><\/u><\/span><\/div>\n<div id=\"m_169546803411618419yui_3_16_0_ym19_1_1500545152029_38278\"><span id=\"m_169546803411618419yui_3_16_0_ym19_1_1500545152029_38279\" lang=\"ES-US\">\u00a0<u><\/u><u><\/u><\/span><\/div>\n<div id=\"m_169546803411618419yui_3_16_0_ym19_1_1500545152029_38281\"><span id=\"m_169546803411618419yui_3_16_0_ym19_1_1500545152029_38282\" lang=\"ES-US\"><img loading=\"lazy\" decoding=\"async\" class=\"size-medium wp-image-292162 alignleft\" src=\"http:\/\/primermomento.com\/wp-content\/uploads\/2017\/07\/Hombre-lama-policia-Florida-300x177.jpg\" alt=\"\" width=\"300\" height=\"177\" srcset=\"https:\/\/primermomento.com\/wp-content\/uploads\/2017\/07\/Hombre-lama-policia-Florida-300x177.jpg 300w, https:\/\/primermomento.com\/wp-content\/uploads\/2017\/07\/Hombre-lama-policia-Florida-110x66.jpg 110w, https:\/\/primermomento.com\/wp-content\/uploads\/2017\/07\/Hombre-lama-policia-Florida-500x295.jpg 500w, https:\/\/primermomento.com\/wp-content\/uploads\/2017\/07\/Hombre-lama-policia-Florida-280x165.jpg 280w, https:\/\/primermomento.com\/wp-content\/uploads\/2017\/07\/Hombre-lama-policia-Florida-638x377.jpg 638w, https:\/\/primermomento.com\/wp-content\/uploads\/2017\/07\/Hombre-lama-policia-Florida-118x70.jpg 118w, https:\/\/primermomento.com\/wp-content\/uploads\/2017\/07\/Hombre-lama-policia-Florida-479x283.jpg 479w, https:\/\/primermomento.com\/wp-content\/uploads\/2017\/07\/Hombre-lama-policia-Florida.jpg 752w\" sizes=\"auto, (max-width: 300px) 100vw, 300px\" \/>Blackmon, de Fort Walton Beach, llam\u00f3 hace dos d\u00edas a la oficina del alguacil del condado de Okaloosa y dijo: \u201calguien entr\u00f3 a mi coche y rob\u00f3 50 d\u00f3lares, tambi\u00e9n un cuarto de onza de coca\u00edna que estaba en la consola central\u201d.<u><\/u><u><\/u><\/span><\/div>\n<div id=\"m_169546803411618419yui_3_16_0_ym19_1_1500545152029_38284\"><span id=\"m_169546803411618419yui_3_16_0_ym19_1_1500545152029_38285\" lang=\"ES-US\">\u00a0<u><\/u><u><\/u><\/span><\/div>\n<div id=\"m_169546803411618419yui_3_16_0_ym19_1_1500545152029_38287\"><span id=\"m_169546803411618419yui_3_16_0_ym19_1_1500545152029_38288\" lang=\"ES-US\">Cuando los uniformados acudieron al lugar, no solo encontr\u00f3 coca\u00edna en el veh\u00edculo, sino tambi\u00e9n un tubo y una droga llamada \u201cpiedra\u201d, y lo arrestaron inmediatamente, dijeron las autoridades.<u><\/u><u><\/u><\/span><\/div>\n<div id=\"m_169546803411618419yui_3_16_0_ym19_1_1500545152029_38290\"><span id=\"m_169546803411618419yui_3_16_0_ym19_1_1500545152029_38291\" lang=\"ES-US\">\u00a0<u><\/u><u><\/u><\/span><\/div>\n<div id=\"m_169546803411618419yui_3_16_0_ym19_1_1500545152029_38293\"><span id=\"m_169546803411618419yui_3_16_0_ym19_1_1500545152029_38294\" lang=\"ES-US\">El hombre ahora enfrenta cargo de posesi\u00f3n de coca\u00edna, resistir el arresto sin violencia y posesi\u00f3n de cargos de parafernalia de drogas, que podr\u00eda costarle varios a\u00f1os de c\u00e1rcel.<\/span><\/div>\n<div><\/div>\n<div style=\"text-align: right;\"><span style=\"color: #ff0000;\">Ram\u00f3n Mercedes<\/span><\/div>\n","protected":false},"excerpt":{"rendered":"<p>NUEVA YORK, Nueva York.- El ins\u00f3lito caso cometido por el afroamericano David Blackmon, de 32 a\u00f1os, de llamar la polic\u00eda de Florida para reportar el robo de una bolsa de coca\u00edna de su propiedad, ha llamado la atenci\u00f3n sobremanera entre dominicanos residentes en el Alto Manhattan, quienes\u00a0se pasan horas hablando del tema en los diferentes [&hellip;]<\/p>\n","protected":false},"author":1,"featured_media":0,"comment_status":"open","ping_status":"open","sticky":false,"template":"","format":"standard","meta":{"_bbp_topic_count":0,"_bbp_reply_count":0,"_bbp_total_topic_count":0,"_bbp_total_reply_count":0,"_bbp_voice_count":0,"_bbp_anonymous_reply_count":0,"_bbp_topic_count_hidden":0,"_bbp_reply_count_hidden":0,"_bbp_forum_subforum_count":0,"footnotes":""},"categories":[60,32],"tags":[],"class_list":{"0":"post-292161","1":"post","2":"type-post","3":"status-publish","4":"format-standard","6":"category-titulares-del-dia","7":"category-lo-ultimo"},"_links":{"self":[{"href":"https:\/\/primermomento.com\/index.php?rest_route=\/wp\/v2\/posts\/292161","targetHints":{"allow":["GET"]}}],"collection":[{"href":"https:\/\/primermomento.com\/index.php?rest_route=\/wp\/v2\/posts"}],"about":[{"href":"https:\/\/primermomento.com\/index.php?rest_route=\/wp\/v2\/types\/post"}],"author":[{"embeddable":true,"href":"https:\/\/primermomento.com\/index.php?rest_route=\/wp\/v2\/users\/1"}],"replies":[{"embeddable":true,"href":"https:\/\/primermomento.com\/index.php?rest_route=%2Fwp%2Fv2%2Fcomments&post=292161"}],"version-history":[{"count":0,"href":"https:\/\/primermomento.com\/index.php?rest_route=\/wp\/v2\/posts\/292161\/revisions"}],"wp:attachment":[{"href":"https:\/\/primermomento.com\/index.php?rest_route=%2Fwp%2Fv2%2Fmedia&parent=292161"}],"wp:term":[{"taxonomy":"category","embeddable":true,"href":"https:\/\/primermomento.com\/index.php?rest_route=%2Fwp%2Fv2%2Fcategories&post=292161"},{"taxonomy":"post_tag","embeddable":true,"href":"https:\/\/primermomento.com\/index.php?rest_route=%2Fwp%2Fv2%2Ftags&post=292161"}],"curies":[{"name":"wp","href":"https:\/\/api.w.org\/{rel}","templated":true}]}}