{"id":292176,"date":"2017-07-21T14:15:43","date_gmt":"2017-07-21T18:15:43","guid":{"rendered":"http:\/\/primermomento.com\/?p=292176"},"modified":"2017-07-21T14:15:43","modified_gmt":"2017-07-21T18:15:43","slug":"renuncia-secretario-de-prensa-de-la-casa-blanca","status":"publish","type":"post","link":"https:\/\/primermomento.com\/?p=292176","title":{"rendered":"Renuncia secretario de prensa de la Casa Blanca"},"content":{"rendered":"<p>WASHINGTON, Distrito de Columbia.- El secretario de prensa de la Casa Blanca, Sean Spicer, anunci\u00f3 su renuncia este viernes, seg\u00fan informaron dos personas con conocimiento sobre esta decisi\u00f3n.<\/p>\n<figure id=\"attachment_292177\" aria-describedby=\"caption-attachment-292177\" style=\"width: 300px\" class=\"wp-caption alignright\"><img loading=\"lazy\" decoding=\"async\" class=\"size-medium wp-image-292177\" src=\"http:\/\/primermomento.com\/wp-content\/uploads\/2017\/07\/Sean-Spicer3-300x169.jpg\" alt=\"\" width=\"300\" height=\"169\" srcset=\"https:\/\/primermomento.com\/wp-content\/uploads\/2017\/07\/Sean-Spicer3-300x169.jpg 300w, https:\/\/primermomento.com\/wp-content\/uploads\/2017\/07\/Sean-Spicer3-768x432.jpg 768w, https:\/\/primermomento.com\/wp-content\/uploads\/2017\/07\/Sean-Spicer3-478x270.jpg 478w, https:\/\/primermomento.com\/wp-content\/uploads\/2017\/07\/Sean-Spicer3-500x281.jpg 500w, https:\/\/primermomento.com\/wp-content\/uploads\/2017\/07\/Sean-Spicer3-280x157.jpg 280w, https:\/\/primermomento.com\/wp-content\/uploads\/2017\/07\/Sean-Spicer3-638x359.jpg 638w, https:\/\/primermomento.com\/wp-content\/uploads\/2017\/07\/Sean-Spicer3-118x66.jpg 118w, https:\/\/primermomento.com\/wp-content\/uploads\/2017\/07\/Sean-Spicer3-479x269.jpg 479w, https:\/\/primermomento.com\/wp-content\/uploads\/2017\/07\/Sean-Spicer3.jpg 1023w\" sizes=\"auto, (max-width: 300px) 100vw, 300px\" \/><figcaption id=\"caption-attachment-292177\" class=\"wp-caption-text\">Secretario de la prensa de la Casa Blanca, Sean Spicer.<\/figcaption><\/figure>\n<p>Una de las personas citadas dijo que Spicer present\u00f3 su renuncia porque no estaba de acuerdo con la designaci\u00f3n del hombre de finanzas neoyorquino, Anthony Scaramucci, como nuevo director de comunicaciones de la Casa Blanca.<\/p>\n<p>Se espera que Scaramucci juegue un papel m\u00e1s visible como uno de los defensores de Trump en televisi\u00f3n. Pero, Spicer y otros funcionarios cuestionaron su nombramiento como director de comunicaciones antes del impulso del presidente Trump para revisar el sistema tributario y otros asuntos pol\u00edticos.<\/p>\n<p>Un funcionario expres\u00f3 que Spicer no estaba de acuerdo con la visi\u00f3n sobre el futuro de las operaciones con la prensa.<\/p>\n<p>Las sesiones de prensa diarias de Spicer se convirtieron en una verdadera atracci\u00f3n televisiva hasta las \u00faltimas semanas, cuando asumi\u00f3 un papel m\u00e1s tras bambalinas. La secretaria de prensa adjunta, Sarah Huckabee Sanders, se hizo cargo en gran medida las reuniones con los medios de comunicaci\u00f3n, convirti\u00e9ndolos en encuentros fuera de c\u00e1maras.<\/p>\n<p>La renuncia de Spicer hab\u00eda estado rondando los pasillos de la Casa Blanca desde hace varias semanas, pero el mismo secretario de prensa dijo la semana pasada \u201cyo estoy aqu\u00ed\u201d al tratar de desmentir los rumores.<\/p>\n<p>Los informantes prefirieron no revelar su identidad por no estar autorizados a revelar informaci\u00f3n al respecto, seg\u00fan inform\u00f3 la agencia de noticias AP.<\/p>\n<p style=\"text-align: right;\"><em><span style=\"color: #ff0000;\">VOANEWS<\/span><\/em><\/p>\n","protected":false},"excerpt":{"rendered":"<p>WASHINGTON, Distrito de Columbia.- El secretario de prensa de la Casa Blanca, Sean Spicer, anunci\u00f3 su renuncia este viernes, seg\u00fan informaron dos personas con conocimiento sobre esta decisi\u00f3n. Una de las personas citadas dijo que Spicer present\u00f3 su renuncia porque no estaba de acuerdo con la designaci\u00f3n del hombre de finanzas neoyorquino, Anthony Scaramucci, como [&hellip;]<\/p>\n","protected":false},"author":1,"featured_media":0,"comment_status":"open","ping_status":"open","sticky":false,"template":"","format":"standard","meta":{"_bbp_topic_count":0,"_bbp_reply_count":0,"_bbp_total_topic_count":0,"_bbp_total_reply_count":0,"_bbp_voice_count":0,"_bbp_anonymous_reply_count":0,"_bbp_topic_count_hidden":0,"_bbp_reply_count_hidden":0,"_bbp_forum_subforum_count":0,"footnotes":""},"categories":[30,60],"tags":[],"class_list":{"0":"post-292176","1":"post","2":"type-post","3":"status-publish","4":"format-standard","6":"category-actualidad","7":"category-titulares-del-dia"},"_links":{"self":[{"href":"https:\/\/primermomento.com\/index.php?rest_route=\/wp\/v2\/posts\/292176","targetHints":{"allow":["GET"]}}],"collection":[{"href":"https:\/\/primermomento.com\/index.php?rest_route=\/wp\/v2\/posts"}],"about":[{"href":"https:\/\/primermomento.com\/index.php?rest_route=\/wp\/v2\/types\/post"}],"author":[{"embeddable":true,"href":"https:\/\/primermomento.com\/index.php?rest_route=\/wp\/v2\/users\/1"}],"replies":[{"embeddable":true,"href":"https:\/\/primermomento.com\/index.php?rest_route=%2Fwp%2Fv2%2Fcomments&post=292176"}],"version-history":[{"count":0,"href":"https:\/\/primermomento.com\/index.php?rest_route=\/wp\/v2\/posts\/292176\/revisions"}],"wp:attachment":[{"href":"https:\/\/primermomento.com\/index.php?rest_route=%2Fwp%2Fv2%2Fmedia&parent=292176"}],"wp:term":[{"taxonomy":"category","embeddable":true,"href":"https:\/\/primermomento.com\/index.php?rest_route=%2Fwp%2Fv2%2Fcategories&post=292176"},{"taxonomy":"post_tag","embeddable":true,"href":"https:\/\/primermomento.com\/index.php?rest_route=%2Fwp%2Fv2%2Ftags&post=292176"}],"curies":[{"name":"wp","href":"https:\/\/api.w.org\/{rel}","templated":true}]}}