{"id":292184,"date":"2017-07-21T09:23:39","date_gmt":"2017-07-21T13:23:39","guid":{"rendered":"http:\/\/primermomento.com\/?p=292184"},"modified":"2017-07-21T14:26:28","modified_gmt":"2017-07-21T18:26:28","slug":"trump-pide-a-varios-grupos-presionar-al-senado-por-ley-sanitaria","status":"publish","type":"post","link":"https:\/\/primermomento.com\/?p=292184","title":{"rendered":"Trump pide a varios grupos presionar al Senado por ley sanitaria"},"content":{"rendered":"<div class=\"fullNewsIntrotext\">WASHINGTON, Distrito de Columbia.- El Gobierno del presidente estadounidense, Donald Trump, pidi\u00f3 a una red de organizaciones de base y contrarias al aborto presionar a los senadores en sus esfuerzos por alcanzar una reforma de salud, indic\u00f3 hoy el portal Politico.com.<\/div>\n<div><\/div>\n<div class=\"fullNewsFulltext\">\n<figure id=\"attachment_291151\" aria-describedby=\"caption-attachment-291151\" style=\"width: 300px\" class=\"wp-caption alignleft\"><img loading=\"lazy\" decoding=\"async\" class=\"size-medium wp-image-291151\" src=\"http:\/\/primermomento.com\/wp-content\/uploads\/2017\/06\/trump-con-guardaespaldas-300x169.jpg\" alt=\"\" width=\"300\" height=\"169\" srcset=\"https:\/\/primermomento.com\/wp-content\/uploads\/2017\/06\/trump-con-guardaespaldas-300x169.jpg 300w, https:\/\/primermomento.com\/wp-content\/uploads\/2017\/06\/trump-con-guardaespaldas-768x432.jpg 768w, https:\/\/primermomento.com\/wp-content\/uploads\/2017\/06\/trump-con-guardaespaldas-478x270.jpg 478w, https:\/\/primermomento.com\/wp-content\/uploads\/2017\/06\/trump-con-guardaespaldas-500x281.jpg 500w, https:\/\/primermomento.com\/wp-content\/uploads\/2017\/06\/trump-con-guardaespaldas-280x157.jpg 280w, https:\/\/primermomento.com\/wp-content\/uploads\/2017\/06\/trump-con-guardaespaldas-638x359.jpg 638w, https:\/\/primermomento.com\/wp-content\/uploads\/2017\/06\/trump-con-guardaespaldas-118x66.jpg 118w, https:\/\/primermomento.com\/wp-content\/uploads\/2017\/06\/trump-con-guardaespaldas-479x269.jpg 479w, https:\/\/primermomento.com\/wp-content\/uploads\/2017\/06\/trump-con-guardaespaldas.jpg 1023w\" sizes=\"auto, (max-width: 300px) 100vw, 300px\" \/><figcaption id=\"caption-attachment-291151\" class=\"wp-caption-text\">El presidente Trump junto a su guardaespaldas Keith Schiller (izquierda) y agentes del Servicio Secreto.<\/figcaption><\/figure>\n<p>Seg\u00fan la publicaci\u00f3n, el equipo de asuntos legislativos del mandatario llam\u00f3 a varios grupos conservadores a atender la votaci\u00f3n sobre el tema que podr\u00eda ocurrir la semana pr\u00f3xima, y a decir que su apoyo a los miembros del Senado en las campa\u00f1as de reelecci\u00f3n depender\u00e1 de si respaldan no la iniciativa sanitaria.<\/p>\n<p>Dos fuentes citadas por el sitio digital sostuvieron que la mansi\u00f3n ejecutiva expres\u00f3 a esas organizaciones su intenci\u00f3n de seguir presionando a los miembros del Congreso incluso si falla la votaci\u00f3n de los d\u00edas venideros.<\/p>\n<p>Al frente de esas conversaciones, precis\u00f3 el medio, est\u00e1 Paul Teller, ex ayudante del senador Ted Cruz, quien trabaja como el enlace principal de los conservadores en la Casa Blanca.<\/p>\n<p>Se espera que varias de esas agrupaciones se re\u00fanan esta tarde con asesores de la presidencia y anuncien qu\u00e9 medidas tomaran sobre el asunto.<\/p>\n<p>Aunque se desconoce la cifra de entidades que estar\u00e1 presenete en el encuentro, los funcionarios consultados dijeron esperar una mezcla de grupos sociales y fiscales de base.<\/p>\n<p>De acuerdo con las fuentes, hay escepticismo acerca de que el proyecto de ley pueda pasar la pr\u00f3xima semana, pero seguir\u00e1n llamando a revocar la normativa actual, conocida como Obamacare.<\/p>\n<p>El presidente desea que algo suceda, est\u00e1 cansado de que no ocurra nada, quiere movimiento, manifest\u00f3 una de ellas.<\/p>\n<p>Seis meses despu\u00e9s de su llegada al poder Trump no ha podido cumplir su promesa de campa\u00f1a de revocar la legislaci\u00f3n sanitaria que entr\u00f3 en vigor durante la administraci\u00f3n previa, pese a que el Partido Republicano tiene mayor\u00eda en las dos c\u00e1maras del Congreso.<\/p>\n<p>En las \u00faltimas semanas han fracasado una y otra vez los intentos del liderazgo de la formaci\u00f3n roja por aprobar sus proyectos para una reforma de salud, y actualmente no parecen estar m\u00e1s cerca de conseguirlo.<\/p><\/div>\n<div><\/div>\n<div style=\"text-align: right;\"><em><span style=\"color: #ff0000;\">PL<\/span><\/em><\/div>\n","protected":false},"excerpt":{"rendered":"<p>WASHINGTON, Distrito de Columbia.- El Gobierno del presidente estadounidense, Donald Trump, pidi\u00f3 a una red de organizaciones de base y contrarias al aborto presionar a los senadores en sus esfuerzos por alcanzar una reforma de salud, indic\u00f3 hoy el portal Politico.com. Seg\u00fan la publicaci\u00f3n, el equipo de asuntos legislativos del mandatario llam\u00f3 a varios grupos [&hellip;]<\/p>\n","protected":false},"author":1,"featured_media":0,"comment_status":"open","ping_status":"open","sticky":false,"template":"","format":"standard","meta":{"_bbp_topic_count":0,"_bbp_reply_count":0,"_bbp_total_topic_count":0,"_bbp_total_reply_count":0,"_bbp_voice_count":0,"_bbp_anonymous_reply_count":0,"_bbp_topic_count_hidden":0,"_bbp_reply_count_hidden":0,"_bbp_forum_subforum_count":0,"footnotes":""},"categories":[60,31],"tags":[],"class_list":{"0":"post-292184","1":"post","2":"type-post","3":"status-publish","4":"format-standard","6":"category-titulares-del-dia","7":"category-estados-unidos"},"_links":{"self":[{"href":"https:\/\/primermomento.com\/index.php?rest_route=\/wp\/v2\/posts\/292184","targetHints":{"allow":["GET"]}}],"collection":[{"href":"https:\/\/primermomento.com\/index.php?rest_route=\/wp\/v2\/posts"}],"about":[{"href":"https:\/\/primermomento.com\/index.php?rest_route=\/wp\/v2\/types\/post"}],"author":[{"embeddable":true,"href":"https:\/\/primermomento.com\/index.php?rest_route=\/wp\/v2\/users\/1"}],"replies":[{"embeddable":true,"href":"https:\/\/primermomento.com\/index.php?rest_route=%2Fwp%2Fv2%2Fcomments&post=292184"}],"version-history":[{"count":0,"href":"https:\/\/primermomento.com\/index.php?rest_route=\/wp\/v2\/posts\/292184\/revisions"}],"wp:attachment":[{"href":"https:\/\/primermomento.com\/index.php?rest_route=%2Fwp%2Fv2%2Fmedia&parent=292184"}],"wp:term":[{"taxonomy":"category","embeddable":true,"href":"https:\/\/primermomento.com\/index.php?rest_route=%2Fwp%2Fv2%2Fcategories&post=292184"},{"taxonomy":"post_tag","embeddable":true,"href":"https:\/\/primermomento.com\/index.php?rest_route=%2Fwp%2Fv2%2Ftags&post=292184"}],"curies":[{"name":"wp","href":"https:\/\/api.w.org\/{rel}","templated":true}]}}