{"id":292209,"date":"2017-07-23T20:06:32","date_gmt":"2017-07-24T00:06:32","guid":{"rendered":"http:\/\/primermomento.com\/?p=292209"},"modified":"2017-07-23T20:06:32","modified_gmt":"2017-07-24T00:06:32","slug":"deja-su-cargo-embajador-ruso-en-eeuu-sergei-kislyak","status":"publish","type":"post","link":"https:\/\/primermomento.com\/?p=292209","title":{"rendered":"Deja su cargo embajador ruso en EEUU Sergei Kislyak"},"content":{"rendered":"<p>WASHINGTON, Distrito de Columbia.- Sergei Kislyak, el pol\u00e9mico embajador ruso en Washington, sali\u00f3 este s\u00e1bado de Estados Unidos al terminar su mandato de nueve a\u00f1os como jefe diplom\u00e1tico de Mosc\u00fa.<\/p>\n<figure id=\"attachment_292210\" aria-describedby=\"caption-attachment-292210\" style=\"width: 300px\" class=\"wp-caption alignleft\"><img loading=\"lazy\" decoding=\"async\" class=\"size-medium wp-image-292210\" src=\"http:\/\/primermomento.com\/wp-content\/uploads\/2017\/07\/Sergei-Kislyak-300x169.jpg\" alt=\"\" width=\"300\" height=\"169\" srcset=\"https:\/\/primermomento.com\/wp-content\/uploads\/2017\/07\/Sergei-Kislyak-300x169.jpg 300w, https:\/\/primermomento.com\/wp-content\/uploads\/2017\/07\/Sergei-Kislyak-768x432.jpg 768w, https:\/\/primermomento.com\/wp-content\/uploads\/2017\/07\/Sergei-Kislyak-478x270.jpg 478w, https:\/\/primermomento.com\/wp-content\/uploads\/2017\/07\/Sergei-Kislyak-500x281.jpg 500w, https:\/\/primermomento.com\/wp-content\/uploads\/2017\/07\/Sergei-Kislyak-280x157.jpg 280w, https:\/\/primermomento.com\/wp-content\/uploads\/2017\/07\/Sergei-Kislyak-638x359.jpg 638w, https:\/\/primermomento.com\/wp-content\/uploads\/2017\/07\/Sergei-Kislyak-118x66.jpg 118w, https:\/\/primermomento.com\/wp-content\/uploads\/2017\/07\/Sergei-Kislyak-479x269.jpg 479w, https:\/\/primermomento.com\/wp-content\/uploads\/2017\/07\/Sergei-Kislyak.jpg 1023w\" sizes=\"auto, (max-width: 300px) 100vw, 300px\" \/><figcaption id=\"caption-attachment-292210\" class=\"wp-caption-text\">Sergei Kislyak.<\/figcaption><\/figure>\n<p>La embajada rusa dijo que las razones de su partida se debieron a una reasignaci\u00f3n programada para el embajador de 66 a\u00f1os.<\/p>\n<div class=\"clear\">\u00a0La agencia de noticias estatal rusa Interfaxinform\u00f3 que Kislyak podr\u00eda convertirse en miembro de la c\u00e1mara alta de Rusia.No se ha anunciado un reemplazo para el cargo que deja Kislyak. La embajada dijo que Denis Goncha, nombrado ministro consejero y jefe adjunto de la misi\u00f3n, estar\u00eda como encargado hasta que se designara un sucesor oficial.<\/p>\n<p>Kislyak se ha visto envuelto en acusaciones de que Rusia interfiri\u00f3 en las elecciones presidenciales estadounidenses de 2016.<\/p>\n<p>Sus numerosas reuniones con el equipo de campa\u00f1a y transici\u00f3n del ahora presidente Donald Trump, son el tema de varias investigaciones del Congreso, del Departamento de Justicia y del FBI.<\/p>\n<p>Kislyak tambi\u00e9n fue embajador de Mosc\u00fa en la OTAN y en B\u00e9lgica, y fue viceministro de Relaciones Exteriores de Rusia entre 2003 y 2008.<\/p>\n<p style=\"text-align: right;\"><em><span style=\"color: #ff0000;\">VOANEWS<\/span><\/em><\/p>\n<\/div>\n<div class=\"wsw__embed\"><\/div>\n","protected":false},"excerpt":{"rendered":"<p>WASHINGTON, Distrito de Columbia.- Sergei Kislyak, el pol\u00e9mico embajador ruso en Washington, sali\u00f3 este s\u00e1bado de Estados Unidos al terminar su mandato de nueve a\u00f1os como jefe diplom\u00e1tico de Mosc\u00fa. La embajada rusa dijo que las razones de su partida se debieron a una reasignaci\u00f3n programada para el embajador de 66 a\u00f1os. \u00a0La agencia de [&hellip;]<\/p>\n","protected":false},"author":1,"featured_media":0,"comment_status":"open","ping_status":"open","sticky":false,"template":"","format":"standard","meta":{"_bbp_topic_count":0,"_bbp_reply_count":0,"_bbp_total_topic_count":0,"_bbp_total_reply_count":0,"_bbp_voice_count":0,"_bbp_anonymous_reply_count":0,"_bbp_topic_count_hidden":0,"_bbp_reply_count_hidden":0,"_bbp_forum_subforum_count":0,"footnotes":""},"categories":[60,32],"tags":[],"class_list":{"0":"post-292209","1":"post","2":"type-post","3":"status-publish","4":"format-standard","6":"category-titulares-del-dia","7":"category-lo-ultimo"},"_links":{"self":[{"href":"https:\/\/primermomento.com\/index.php?rest_route=\/wp\/v2\/posts\/292209","targetHints":{"allow":["GET"]}}],"collection":[{"href":"https:\/\/primermomento.com\/index.php?rest_route=\/wp\/v2\/posts"}],"about":[{"href":"https:\/\/primermomento.com\/index.php?rest_route=\/wp\/v2\/types\/post"}],"author":[{"embeddable":true,"href":"https:\/\/primermomento.com\/index.php?rest_route=\/wp\/v2\/users\/1"}],"replies":[{"embeddable":true,"href":"https:\/\/primermomento.com\/index.php?rest_route=%2Fwp%2Fv2%2Fcomments&post=292209"}],"version-history":[{"count":0,"href":"https:\/\/primermomento.com\/index.php?rest_route=\/wp\/v2\/posts\/292209\/revisions"}],"wp:attachment":[{"href":"https:\/\/primermomento.com\/index.php?rest_route=%2Fwp%2Fv2%2Fmedia&parent=292209"}],"wp:term":[{"taxonomy":"category","embeddable":true,"href":"https:\/\/primermomento.com\/index.php?rest_route=%2Fwp%2Fv2%2Fcategories&post=292209"},{"taxonomy":"post_tag","embeddable":true,"href":"https:\/\/primermomento.com\/index.php?rest_route=%2Fwp%2Fv2%2Ftags&post=292209"}],"curies":[{"name":"wp","href":"https:\/\/api.w.org\/{rel}","templated":true}]}}