{"id":292212,"date":"2017-07-23T20:15:23","date_gmt":"2017-07-24T00:15:23","guid":{"rendered":"http:\/\/primermomento.com\/?p=292212"},"modified":"2017-07-23T20:15:23","modified_gmt":"2017-07-24T00:15:23","slug":"venezolanos-se-preparan-para-una-semana-de-tension","status":"publish","type":"post","link":"https:\/\/primermomento.com\/?p=292212","title":{"rendered":"Venezolanos se preparan para una semana de tensi\u00f3n"},"content":{"rendered":"<p data-reactid=\"38\">CARACAS, Venezuela.- Los venezolanos se preparan para una semana de tensi\u00f3n luego de la jornada de elecciones del plebiscito liderado por la oposici\u00f3n el 16 de julio. El pr\u00f3ximo 30 es el turno del oficialismo en las urnas, buscando la aprobaci\u00f3n de la Constituyente propuesta por el Gobierno de Nicol\u00e1s Maduro.<\/p>\n<figure id=\"attachment_292213\" aria-describedby=\"caption-attachment-292213\" style=\"width: 300px\" class=\"wp-caption alignright\"><img loading=\"lazy\" decoding=\"async\" class=\"size-medium wp-image-292213\" src=\"http:\/\/primermomento.com\/wp-content\/uploads\/2017\/07\/protestas-venezuela-300x169.jpg\" alt=\"\" width=\"300\" height=\"169\" srcset=\"https:\/\/primermomento.com\/wp-content\/uploads\/2017\/07\/protestas-venezuela-300x169.jpg 300w, https:\/\/primermomento.com\/wp-content\/uploads\/2017\/07\/protestas-venezuela-768x432.jpg 768w, https:\/\/primermomento.com\/wp-content\/uploads\/2017\/07\/protestas-venezuela-478x270.jpg 478w, https:\/\/primermomento.com\/wp-content\/uploads\/2017\/07\/protestas-venezuela-500x281.jpg 500w, https:\/\/primermomento.com\/wp-content\/uploads\/2017\/07\/protestas-venezuela-280x157.jpg 280w, https:\/\/primermomento.com\/wp-content\/uploads\/2017\/07\/protestas-venezuela-638x359.jpg 638w, https:\/\/primermomento.com\/wp-content\/uploads\/2017\/07\/protestas-venezuela-118x66.jpg 118w, https:\/\/primermomento.com\/wp-content\/uploads\/2017\/07\/protestas-venezuela-479x269.jpg 479w, https:\/\/primermomento.com\/wp-content\/uploads\/2017\/07\/protestas-venezuela.jpg 1023w\" sizes=\"auto, (max-width: 300px) 100vw, 300px\" \/><figcaption id=\"caption-attachment-292213\" class=\"wp-caption-text\">El domingo 23 de julio, los estudiantes se encontraron en la avenida Francisco de Miranda para pedir por los Derechos Humanos de detenidos y presos pol\u00edticos.<\/figcaption><\/figure>\n<p data-reactid=\"38\">Entre tanto, la oposici\u00f3n venezolana anunci\u00f3 este s\u00e1bado una huelga nacional de dos d\u00edas contra el presidente Nicol\u00e1s Maduro, luego de una jornada de violentos enfrentamientos en Caracas en los que result\u00f3 herido un violinista que se ha convertido en uno de los rostros m\u00e1s conocidos en medio de las protestas.<\/p>\n<p data-reactid=\"38\">El l\u00edder opositor y presidente del legislativo venezolano, Julio Borges, pidi\u00f3 ayuda a la comunidad internacional en una entrevista de la cadena internacional de noticias CNN este domingo.<\/p>\n<p data-reactid=\"38\">\u201cNecesitamos el apoyo de otras democracias para no ser una segunda Cuba. Llamamos a la comunidad internacional, el Vaticano, la Uni\u00f3n Europea, a todo el continente, a quienes han mostrado su apoyo al pueblo de Venezuela en su lucha por la democracia, a seguir presionando al gobierno nacional para que detenga su fraude Constituyente que fue convocado de manera unilateral,\u201d indic\u00f3 Borges.<\/p>\n<p data-reactid=\"38\">Este domingo estudiantes en Venezuela se concentraron en las Calles de Caracas para protestar contra el Gobierno del presidente Nicol\u00e1s Maduro y pedir por los Derechos Humanos de los detenidos y presos pol\u00edticos.<\/p>\n<p data-reactid=\"38\">El anuncio lo hizo el dirigente estudiantil Samuel D\u00edaz, presidente de la Federaci\u00f3n de Centro de Estudiantes de la Universidad Metropolitana de Venezuela, a trav\u00e9s de Instagram.<\/p>\n<p data-reactid=\"38\">Seg\u00fan medios locales, la jornada de protestas se realiza en medio del llamado evento \u00abCamino por la Libertad\u201d, respaldado por el Foro Penal Venezolano, en rechazo a la violaci\u00f3n de Derechos Humanos de los estudiantes detenidos y presos pol\u00edticos. Alfredo Romero, dirigente de la organizaci\u00f3n, confirm\u00f3 la cita en su cuenta de Twitter.<\/p>\n<p data-reactid=\"38\"><strong>Detalles de la nueva huelga<\/strong><\/p>\n<p data-reactid=\"38\">La coalici\u00f3n Mesa de la Unidad Democr\u00e1tica (MUD), que organiz\u00f3 el jueves una huelga de 24 horas que fue apoyada por millones de personas y paraliz\u00f3 grandes sectores de la naci\u00f3n sudamericana, convoc\u00f3 la pr\u00f3xima acci\u00f3n para el mi\u00e9rcoles y el jueves.<\/p>\n<p data-reactid=\"40\">Tambi\u00e9n espera llevar a cabo masivas marchas el lunes y el viernes de la pr\u00f3xima semana, en un esfuerzo por obligar al presidente Maduro a abortar una pol\u00e9mica elecci\u00f3n el 30 de julio de los miembros de una Asamblea Nacional Constituyente con la que planea reescribir la carta magna y sustituir al Parlamento.<\/p>\n<p data-reactid=\"41\">\u00abEste pueblo no se rinde, es valiente, saldr\u00e1 a defender la democracia, la Constituci\u00f3n\u00bb, dijo el legislador opositor Sim\u00f3n Calzadilla en una conferencia de prensa acompa\u00f1ado de otros l\u00edderes de la MUD.<\/p>\n<p data-reactid=\"42\">Las nuevas acciones en el pa\u00eds miembro de la OPEP siguen a m\u00e1s de tres meses de manifestaciones antigubernamentales en medio de las cuales han muerto m\u00e1s de 100 personas y miles m\u00e1s han resultado heridas.<\/p>\n<p data-reactid=\"43\">La oposici\u00f3n acusa a Maduro de convertir a Venezuela en una dictadura y destruir lo que deber\u00eda ser una econom\u00eda pr\u00f3spera. Quiere elecciones libres y el fin de dos d\u00e9cadas de gobierno socialista.<\/p>\n<p data-reactid=\"44\">Maduro, de 54 a\u00f1os, sostiene que sus adversarios son \u00abterroristas\u00bb de derecha que buscan perpetrar un golpe de Estado para derrocarlo, con el apoyo del Gobierno de Estados Unidos y de los medios de comunicaci\u00f3n internacionales.<\/p>\n<p data-reactid=\"45\">Adem\u00e1s de las masivas protestas, la presi\u00f3n extranjera ha estado creciendo en contra de Maduro, incluyendo una amenaza del presidente Donald Trump de aplicar sanciones econ\u00f3micas.<\/p>\n<p data-reactid=\"46\">Pero el gobierno no est\u00e1 mostrando ninguna se\u00f1al de retroceso con la constituyente.<\/p>\n<p data-reactid=\"47\">\u00abEstamos preparados para que el pa\u00eds supere con rapidez (&#8230;) cualquier escenario que se presente\u00bb, dijo Maduro el s\u00e1bado por la noche en el controvertido programa La Hojilla, de la televisi\u00f3n estatal.<\/p>\n<p data-reactid=\"48\">\u00abYo quisiera tener buenas relaciones con Donald Trump, me gustar\u00eda darle la mano y conversar con \u00e9l, y decirle: Estamos en el siglo XXI se\u00f1or Trump. No es el siglo del colonialismo\u00bb, agreg\u00f3.<\/p>\n<p data-reactid=\"48\"><strong>Violinista herido en protestas<\/strong><\/p>\n<p data-reactid=\"50\">El s\u00e1bado, varios miles de personas se reunieron para marchar hacia la sede del m\u00e1ximo tribunal del pa\u00eds en apoyo al nombramiento de 13 magistrados principales y 20 suplentes por parte del Parlamento de mayor\u00eda opositora.<\/p>\n<p data-reactid=\"51\">Pero, como ha ocurrido en casi todas las \u00faltimas manifestaciones, las fuerzas de seguridad bloquearon la marcha y dispararon perdigones y gases lacrim\u00f3genos para dispersarlos, hiriendo a varias personas, entre ellas unos 10 periodistas, denunciaron l\u00edderes pol\u00edticos.<\/p>\n<p data-reactid=\"52\">Wuilly Arteaga, un m\u00fasico conocido por tocar su viol\u00edn frente a la primera l\u00ednea de polic\u00edas antimotines, fue uno de los heridos en los enfrentamientos entre militares que iban en motocicletas y manifestantes que arrojaban piedras.<\/p>\n<p data-reactid=\"53\">Los param\u00e9dicos asistieron a Arteaga en la calle mientras corr\u00eda sangre por su rostro, dijeron testigos a Reuters. La Fiscal\u00eda inform\u00f3 tarde el s\u00e1bado que abri\u00f3 una investigaci\u00f3n.<\/p>\n<p data-reactid=\"54\">\u00abNi perdigones ni metras nos detendr\u00e1n de seguir luchando\u00bb, dijo el m\u00fasico en un video que difundi\u00f3 en su cuenta de Twitter con parte de su rostro vendado y el viol\u00edn en mano. \u00abMa\u00f1ana vuelvo a las calles\u00bb, afirm\u00f3.<\/p>\n<p data-reactid=\"55\">Los partidos opositores y un movimiento autodenominado \u00abResistencia\u00bb, creado en su mayor\u00eda por j\u00f3venes estudiantes, intentan aumentar la presi\u00f3n contra el Gobierno de Maduro.<\/p>\n<p data-reactid=\"56\">En tanto, agentes de inteligencia habr\u00edan detenido la tarde del s\u00e1bado a \u00c1ngel Zerpa, uno de los 13 jueces principales reci\u00e9n designados por el Parlamento opositor, denunci\u00f3 el l\u00edder pol\u00edtico y dos veces candidato presidencial Henrique Capriles.<\/p>\n<p data-reactid=\"58\">\u00abSe orden\u00f3 al Sebin buscar y detener a los reci\u00e9n nombrados magistrados\u00bb, agreg\u00f3 Capriles a trav\u00e9s de su cuenta de Twitter.<\/p>\n<p data-reactid=\"59\">El Ministerio P\u00fablico confirm\u00f3 la noche de s\u00e1bado la detenci\u00f3n y a\u00f1adi\u00f3 que inici\u00f3 una investigaci\u00f3n de la \u00abprivaci\u00f3n ileg\u00edtima de libertad del abogado \u00c1ngel Zerpa\u00bb.<\/p>\n<p data-reactid=\"60\">La oposici\u00f3n amenaza con aumentar las protestas bajo la denominada \u00abhora cero\u00bb como presi\u00f3n para detener la elecci\u00f3n de la Asamblea Nacional Constituyente. Maduro ha dicho que no dar\u00e1 marcha atr\u00e1s a esa iniciativa.<\/p>\n<p>Las autoridades han informado que enviar\u00e1n a la calle a 232.000 soldados para resguardar la consulta que, seg\u00fan el Gobierno, es la \u00fanica manera de pacificar el pa\u00eds.<\/p>\n<p>El presidente venezolano, Nicol\u00e1s Maduro, entreg\u00f3 al poder electoral el decreto de convocatoria a una Asamblea Nacional Constituyente, la cual es considerada por la oposici\u00f3n un \u00abfraude constitucional\u00bb para evadir elecciones.<\/p>\n<p>La Asamblea Constituyente convocada por el presidente Nicol\u00e1s Maduro busca crear \u00abcondiciones\u00bb para los procesos electorales que est\u00e1n en camino en Venezuela, pero la oposici\u00f3n dice en que la intenci\u00f3n del proceso es, por el contrario, dilatar los comicios regionales.<\/p>\n<p style=\"text-align: right;\"><span style=\"color: #ff0000;\"><em>VOANEWS<\/em><\/span><\/p>\n","protected":false},"excerpt":{"rendered":"<p>CARACAS, Venezuela.- Los venezolanos se preparan para una semana de tensi\u00f3n luego de la jornada de elecciones del plebiscito liderado por la oposici\u00f3n el 16 de julio. El pr\u00f3ximo 30 es el turno del oficialismo en las urnas, buscando la aprobaci\u00f3n de la Constituyente propuesta por el Gobierno de Nicol\u00e1s Maduro. Entre tanto, la oposici\u00f3n [&hellip;]<\/p>\n","protected":false},"author":1,"featured_media":0,"comment_status":"open","ping_status":"open","sticky":false,"template":"","format":"standard","meta":{"_bbp_topic_count":0,"_bbp_reply_count":0,"_bbp_total_topic_count":0,"_bbp_total_reply_count":0,"_bbp_voice_count":0,"_bbp_anonymous_reply_count":0,"_bbp_topic_count_hidden":0,"_bbp_reply_count_hidden":0,"_bbp_forum_subforum_count":0,"footnotes":""},"categories":[30,60],"tags":[],"class_list":{"0":"post-292212","1":"post","2":"type-post","3":"status-publish","4":"format-standard","6":"category-actualidad","7":"category-titulares-del-dia"},"_links":{"self":[{"href":"https:\/\/primermomento.com\/index.php?rest_route=\/wp\/v2\/posts\/292212","targetHints":{"allow":["GET"]}}],"collection":[{"href":"https:\/\/primermomento.com\/index.php?rest_route=\/wp\/v2\/posts"}],"about":[{"href":"https:\/\/primermomento.com\/index.php?rest_route=\/wp\/v2\/types\/post"}],"author":[{"embeddable":true,"href":"https:\/\/primermomento.com\/index.php?rest_route=\/wp\/v2\/users\/1"}],"replies":[{"embeddable":true,"href":"https:\/\/primermomento.com\/index.php?rest_route=%2Fwp%2Fv2%2Fcomments&post=292212"}],"version-history":[{"count":0,"href":"https:\/\/primermomento.com\/index.php?rest_route=\/wp\/v2\/posts\/292212\/revisions"}],"wp:attachment":[{"href":"https:\/\/primermomento.com\/index.php?rest_route=%2Fwp%2Fv2%2Fmedia&parent=292212"}],"wp:term":[{"taxonomy":"category","embeddable":true,"href":"https:\/\/primermomento.com\/index.php?rest_route=%2Fwp%2Fv2%2Fcategories&post=292212"},{"taxonomy":"post_tag","embeddable":true,"href":"https:\/\/primermomento.com\/index.php?rest_route=%2Fwp%2Fv2%2Ftags&post=292212"}],"curies":[{"name":"wp","href":"https:\/\/api.w.org\/{rel}","templated":true}]}}