{"id":292227,"date":"2017-07-24T19:52:08","date_gmt":"2017-07-24T23:52:08","guid":{"rendered":"http:\/\/primermomento.com\/?p=292227"},"modified":"2017-07-24T19:52:24","modified_gmt":"2017-07-24T23:52:24","slug":"maduro-pide-a-la-oposicion-dejar-elegir-la-constituyente","status":"publish","type":"post","link":"https:\/\/primermomento.com\/?p=292227","title":{"rendered":"Maduro pide a la oposici\u00f3n dejar elegir la Constituyente"},"content":{"rendered":"<p>CARACAS, Venezuela.- El presidente de Venezuela, Nicol\u00e1s Maduro, exigi\u00f3 el domingo a sus adversarios pol\u00edticos que permitan que los venezolanos se expresen el 30 de julio y elijan en paz a los miembros de una Asamblea Constituyente que estar\u00e1 a cargo de reescribir la carta magna.<\/p>\n<figure id=\"attachment_292228\" aria-describedby=\"caption-attachment-292228\" style=\"width: 300px\" class=\"wp-caption alignleft\"><img loading=\"lazy\" decoding=\"async\" class=\"size-medium wp-image-292228\" src=\"http:\/\/primermomento.com\/wp-content\/uploads\/2017\/07\/maduro-y-constituyente-300x169.jpg\" alt=\"\" width=\"300\" height=\"169\" srcset=\"https:\/\/primermomento.com\/wp-content\/uploads\/2017\/07\/maduro-y-constituyente-300x169.jpg 300w, https:\/\/primermomento.com\/wp-content\/uploads\/2017\/07\/maduro-y-constituyente-768x432.jpg 768w, https:\/\/primermomento.com\/wp-content\/uploads\/2017\/07\/maduro-y-constituyente-478x270.jpg 478w, https:\/\/primermomento.com\/wp-content\/uploads\/2017\/07\/maduro-y-constituyente-500x281.jpg 500w, https:\/\/primermomento.com\/wp-content\/uploads\/2017\/07\/maduro-y-constituyente-280x157.jpg 280w, https:\/\/primermomento.com\/wp-content\/uploads\/2017\/07\/maduro-y-constituyente-638x359.jpg 638w, https:\/\/primermomento.com\/wp-content\/uploads\/2017\/07\/maduro-y-constituyente-118x66.jpg 118w, https:\/\/primermomento.com\/wp-content\/uploads\/2017\/07\/maduro-y-constituyente-479x269.jpg 479w, https:\/\/primermomento.com\/wp-content\/uploads\/2017\/07\/maduro-y-constituyente.jpg 1023w\" sizes=\"auto, (max-width: 300px) 100vw, 300px\" \/><figcaption id=\"caption-attachment-292228\" class=\"wp-caption-text\">La oposici\u00f3n anunci\u00f3 un paro c\u00edvico de 48 horas para el mi\u00e9rcoles y jueves como medida de presi\u00f3n para evitar que el mandatario eche a andar la Asamblea Constituyente.<\/figcaption><\/figure>\n<p>La oposici\u00f3n anunci\u00f3 un paro c\u00edvico de 48 horas para el mi\u00e9rcoles y jueves como medida de presi\u00f3n para evitar que el mandatario eche a andar la Asamblea Constituyente.<\/p>\n<p>El llamado ha sido respaldado por al menos 350 organizaciones sindicales. Para el viernes la oposici\u00f3n tiene previsto realizar una gran movilizaci\u00f3n en Caracas, de la cual a\u00fan no ha revelado detalles, y en caso de que para entonces el gobierno contin\u00fae firme en sus intenciones de celebrar la constituyente, revelar\u00e1n las pr\u00f3ximas acciones a seguir.<\/p>\n<p>\u00abExijo a la oposici\u00f3n que tenga un poquito de honor y que respete el derecho de los venezolanos a votar este 30 de julio sin violencia\u00bb, dijo el mandatario en su programa dominical de radio y televisi\u00f3n \u00abLos domingos con Maduro\u201d.<\/p>\n<p>Dirigi\u00e9ndose al presidente de la Asamblea Nacional, el diputado opositor Julio Borges, Maduro expres\u00f3 que \u00abtenemos grandes diferencias, pero si t\u00fa tienes la jefatura pol\u00edtica de este momento hist\u00f3rico, asume la responsabilidad por alguien. Rectifiquen a tiempo y lleguemos a un acuerdo de paz y convivencia, para que este pa\u00eds se enrumbe\u201d.<\/p>\n<p>El comentario de Maduro se produjo horas despu\u00e9s que el diputado Freddy Guevara, vicepresidente de la Asamblea Nacional y quien habl\u00f3 a nombre de la coalici\u00f3n opositora, dijo que en relaci\u00f3n a la Constituyente el pueblo venezolano \u00abya decidi\u00f3\u201d en una consulta popular el 16 de Julio y \u201cno permitir\u00e1\u00bb que en Venezuela \u00abse instaure un comunismo\u201d.<\/p>\n<p>\u201cEl pueblo de Venezuela tiene que activar la huelga general, todo el pueblo tiene que venirse a Caracas y prepararse para el boicot c\u00edvico electoral si esta dictadura no decide suspender ese proyecto de aniquilaci\u00f3n de la Rep\u00fablica, que es el fraude constituyente\u201d dijo Guevara el domingo en conferencia de prensa desde la sede del parlamento.<\/p>\n<p>Norma Torres, dirigente del sector el\u00e9ctrico del Frente de Trabajadores, inform\u00f3 en declaraciones a los medios que \u201cinicialmente llamamos a dos d\u00edas de huelga, pero todo depender\u00e1 de c\u00f3mo se vaya presentando la situaci\u00f3n porque la intenci\u00f3n es una, que termine este Gobierno de una buena vez y llamen a elecciones.\u201d<\/p>\n<p>La dirigencia opositora tambi\u00e9n pidi\u00f3 que, este lunes los ciudadanos acudan a sus centros de votaci\u00f3n para colocar pancartas con peticiones dirigidas a la Fuerza Armada Nacional (FAN) para que \u201cdefiendan la Constituci\u00f3n\u201d. Durante la tarde rendir\u00e1n homenaje a los \u201cj\u00f3venes que han sacrificado su vida\u201d por la democracia.<\/p>\n<p>Desde el viernes, la FAN se encuentra desplegada custodiando los distintos centros de votaci\u00f3n, en donde est\u00e1 previsto llevar a cabo la elecci\u00f3n de 537 de los 545 miembros de la ANC el pr\u00f3ximo domingo 30 de julio.<\/p>\n<p>El ministro de la defensa, Vladimir Padrino, reaccion\u00f3 el domingo calificando la actividad convocada por la oposici\u00f3n \u201ccomo un acto de provocaci\u00f3n de impredecibles consecuencias\u201d.<\/p>\n<p>\u201cEstos llamamientos irresponsables denotan desequilibrio y un alto nivel de disociaci\u00f3n que raya en apolog\u00eda al delito\u201d escribi\u00f3 Padrino en su cuenta en Twitter.<\/p>\n<p>Maduro manifest\u00f3 que la elecci\u00f3n de los miembros de una Asamblea Constituyente se realizar\u00e1 tal y como est\u00e1 previsto por ser \u00abnecesaria, justa, constitucional\u00bb y pese a que los \u00abgobiernos de la coalici\u00f3n de derecha&#8230; pro imperialistas de la oligarqu\u00eda colombiana, peruana\u00bb, entre otros, \u00aben un solo coro repiten lo que dice el Departamento de Estado de los Estados Unidos\u00bb en contra de la iniciativa.<\/p>\n<p>La oposici\u00f3n no postul\u00f3 candidatos luego de catalogar de inconstitucional el proceso constituyente porque el llamado de Maduro no cont\u00f3 con un referendo previo, como marca la ley.<\/p>\n<p>\u00abYo reconozco a la oposici\u00f3n y s\u00e9 que tiene fuerza pol\u00edtica tambi\u00e9n\u00bb, dijo Maduro al referirse a la reciente consulta contra de su plan de cambiar la constituci\u00f3n de 1999.<\/p>\n<p>El 16 de julio, una coalici\u00f3n de partidos de oposici\u00f3n organiz\u00f3 una consulta popular simb\u00f3lica contra la Constituyente que, seg\u00fan dijo, reuni\u00f3 a m\u00e1s de 7,5 millones de votos, cifra que no pudo confirmarse de manera independiente. Estados Unidos, la Uni\u00f3n Europea, Alemania, Brasil, Canad\u00e1 y M\u00e9xico est\u00e1n entre los pa\u00edses que han pedido el retiro de la propuesta de redactar una nueva carta magna.<\/p>\n<p><cite>Esta nota contiene informaci\u00f3n adicional tomada de cables de AP y Reuters.<\/cite><\/p>\n<p style=\"text-align: right;\"><span style=\"color: #ff0000;\"><em>VOANEWS<\/em><\/span><\/p>\n","protected":false},"excerpt":{"rendered":"<p>CARACAS, Venezuela.- El presidente de Venezuela, Nicol\u00e1s Maduro, exigi\u00f3 el domingo a sus adversarios pol\u00edticos que permitan que los venezolanos se expresen el 30 de julio y elijan en paz a los miembros de una Asamblea Constituyente que estar\u00e1 a cargo de reescribir la carta magna. La oposici\u00f3n anunci\u00f3 un paro c\u00edvico de 48 horas [&hellip;]<\/p>\n","protected":false},"author":1,"featured_media":0,"comment_status":"open","ping_status":"open","sticky":false,"template":"","format":"standard","meta":{"_bbp_topic_count":0,"_bbp_reply_count":0,"_bbp_total_topic_count":0,"_bbp_total_reply_count":0,"_bbp_voice_count":0,"_bbp_anonymous_reply_count":0,"_bbp_topic_count_hidden":0,"_bbp_reply_count_hidden":0,"_bbp_forum_subforum_count":0,"footnotes":""},"categories":[30,60],"tags":[],"class_list":{"0":"post-292227","1":"post","2":"type-post","3":"status-publish","4":"format-standard","6":"category-actualidad","7":"category-titulares-del-dia"},"_links":{"self":[{"href":"https:\/\/primermomento.com\/index.php?rest_route=\/wp\/v2\/posts\/292227","targetHints":{"allow":["GET"]}}],"collection":[{"href":"https:\/\/primermomento.com\/index.php?rest_route=\/wp\/v2\/posts"}],"about":[{"href":"https:\/\/primermomento.com\/index.php?rest_route=\/wp\/v2\/types\/post"}],"author":[{"embeddable":true,"href":"https:\/\/primermomento.com\/index.php?rest_route=\/wp\/v2\/users\/1"}],"replies":[{"embeddable":true,"href":"https:\/\/primermomento.com\/index.php?rest_route=%2Fwp%2Fv2%2Fcomments&post=292227"}],"version-history":[{"count":0,"href":"https:\/\/primermomento.com\/index.php?rest_route=\/wp\/v2\/posts\/292227\/revisions"}],"wp:attachment":[{"href":"https:\/\/primermomento.com\/index.php?rest_route=%2Fwp%2Fv2%2Fmedia&parent=292227"}],"wp:term":[{"taxonomy":"category","embeddable":true,"href":"https:\/\/primermomento.com\/index.php?rest_route=%2Fwp%2Fv2%2Fcategories&post=292227"},{"taxonomy":"post_tag","embeddable":true,"href":"https:\/\/primermomento.com\/index.php?rest_route=%2Fwp%2Fv2%2Ftags&post=292227"}],"curies":[{"name":"wp","href":"https:\/\/api.w.org\/{rel}","templated":true}]}}