{"id":292243,"date":"2017-07-24T17:35:28","date_gmt":"2017-07-24T21:35:28","guid":{"rendered":"http:\/\/primermomento.com\/?p=292243"},"modified":"2017-07-24T20:37:58","modified_gmt":"2017-07-25T00:37:58","slug":"senadora-alcantara-se-opone-a-reconstruccion-de-biblioteca","status":"publish","type":"post","link":"https:\/\/primermomento.com\/?p=292243","title":{"rendered":"Senadora Alc\u00e1ntara se opone a reconstrucci\u00f3n de biblioteca"},"content":{"rendered":"<div id=\"m_-7275702008440737089yui_3_16_0_ym19_1_1500859922881_14613\"><span id=\"m_-7275702008440737089yui_3_16_0_ym19_1_1500859922881_14616\" lang=\"ES-US\">NUEVA YORK, Nueva York.- La senadora estatal dominicana por el Alto Manhattan, Marisol Alc\u00e1ntara, anunci\u00f3 su oposici\u00f3n al proyecto de reconstrucci\u00f3n de la biblioteca del \u00e1rea, la aplicaci\u00f3n de la avenida Seaman y la rezonificaci\u00f3n del sector de Inwood NYC.<u><\/u><u><\/u><\/span><\/div>\n<div id=\"m_-7275702008440737089yui_3_16_0_ym19_1_1500859922881_14618\"><span id=\"m_-7275702008440737089yui_3_16_0_ym19_1_1500859922881_14619\" lang=\"ES-US\">\u00a0<u><\/u><u><\/u><\/span><\/div>\n<div id=\"m_-7275702008440737089yui_3_16_0_ym19_1_1500859922881_14621\">\n<figure id=\"attachment_292072\" aria-describedby=\"caption-attachment-292072\" style=\"width: 300px\" class=\"wp-caption alignleft\"><img loading=\"lazy\" decoding=\"async\" class=\"size-medium wp-image-292072\" src=\"http:\/\/primermomento.com\/wp-content\/uploads\/2017\/07\/Senadora-dominicana-NY-apoya-congresistas-contra-agente-ICE-ante-corte-Queens-300x261.jpg\" alt=\"\" width=\"300\" height=\"261\" srcset=\"https:\/\/primermomento.com\/wp-content\/uploads\/2017\/07\/Senadora-dominicana-NY-apoya-congresistas-contra-agente-ICE-ante-corte-Queens-300x261.jpg 300w, https:\/\/primermomento.com\/wp-content\/uploads\/2017\/07\/Senadora-dominicana-NY-apoya-congresistas-contra-agente-ICE-ante-corte-Queens-253x220.jpg 253w, https:\/\/primermomento.com\/wp-content\/uploads\/2017\/07\/Senadora-dominicana-NY-apoya-congresistas-contra-agente-ICE-ante-corte-Queens-208x180.jpg 208w, https:\/\/primermomento.com\/wp-content\/uploads\/2017\/07\/Senadora-dominicana-NY-apoya-congresistas-contra-agente-ICE-ante-corte-Queens-118x103.jpg 118w, https:\/\/primermomento.com\/wp-content\/uploads\/2017\/07\/Senadora-dominicana-NY-apoya-congresistas-contra-agente-ICE-ante-corte-Queens.jpg 451w\" sizes=\"auto, (max-width: 300px) 100vw, 300px\" \/><figcaption id=\"caption-attachment-292072\" class=\"wp-caption-text\">Marisol Alc\u00e1ntara,<\/figcaption><\/figure>\n<p><span id=\"m_-7275702008440737089yui_3_16_0_ym19_1_1500859922881_14622\" lang=\"ES-US\">Hablando ante cerca de un centenar de residentes del distrito 31 que la apoyaron durante una audiencia p\u00fablica para la aplicaci\u00f3n de ULURP, la funcionaria estatal expres\u00f3, \u00abestoy 100% contra la rezonificaci\u00f3n de Inwood; creo que es imposible venir aqu\u00ed y hablar de la biblioteca, y nadie puede decirme qui\u00e9n va a poseer la tierra, qui\u00e9n va a construirla\u201d.<u><\/u><u><\/u><\/span><\/div>\n<div id=\"m_-7275702008440737089yui_3_16_0_ym19_1_1500859922881_14624\"><span id=\"m_-7275702008440737089yui_3_16_0_ym19_1_1500859922881_14625\" lang=\"ES-US\">\u00a0<u><\/u><u><\/u><\/span><\/div>\n<div id=\"m_-7275702008440737089yui_3_16_0_ym19_1_1500859922881_14627\"><span id=\"m_-7275702008440737089yui_3_16_0_ym19_1_1500859922881_14628\" lang=\"ES-US\">\u00abQueremos saber, \u00bfva a ser propiedad de la ciudad o puede entrar en un banco de tierras?, esas son preguntas sencillas que queremos saber\u00bb, a\u00f1adi\u00f3.<u><\/u><u><\/u><\/span><\/div>\n<div id=\"m_-7275702008440737089yui_3_16_0_ym19_1_1500859922881_14630\"><span id=\"m_-7275702008440737089yui_3_16_0_ym19_1_1500859922881_14631\" lang=\"ES-US\">\u00a0<u><\/u><u><\/u><\/span><\/div>\n<div id=\"m_-7275702008440737089yui_3_16_0_ym19_1_1500859922881_14633\"><span id=\"m_-7275702008440737089yui_3_16_0_ym19_1_1500859922881_14634\" lang=\"ES-US\">La Corporaci\u00f3n de Desarrollo Econ\u00f3mico de la ciudad tambi\u00e9n decidi\u00f3 presentar el \u00faltimo plan de Inwood NYC, lanzado a finales de junio con el apoyo del alcalde Bill de Blasio, el concejal Ydanis Rodr\u00edguez y varios otros funcionarios electos, sin embargo, Alc\u00e1ntara no figura entre ellos.<u><\/u><u><\/u><\/span><\/div>\n<div id=\"m_-7275702008440737089yui_3_16_0_ym19_1_1500859922881_14636\"><span id=\"m_-7275702008440737089yui_3_16_0_ym19_1_1500859922881_14637\" lang=\"ES-US\">\u00a0<u><\/u><u><\/u><\/span><\/div>\n<div id=\"m_-7275702008440737089yui_3_16_0_ym19_1_1500859922881_14639\"><span id=\"m_-7275702008440737089yui_3_16_0_ym19_1_1500859922881_14640\" lang=\"ES-US\">\u00abLas respuestas insatisfactorias de la ciudad sobre c\u00f3mo la vivienda asequible ser\u00e1 impactada despu\u00e9s de la rehabilitaci\u00f3n de Inwood NYC, y los proyectos de la biblioteca fueron empaquetados; es lo que me ha llevado a presentarme en contra de la rezonificaci\u00f3n\u00bb dijo.<u><\/u><u><\/u><\/span><\/div>\n<div id=\"m_-7275702008440737089yui_3_16_0_ym19_1_1500859922881_14642\"><span id=\"m_-7275702008440737089yui_3_16_0_ym19_1_1500859922881_14643\" lang=\"ES-US\">\u00a0<u><\/u><u><\/u><\/span><\/div>\n<div id=\"m_-7275702008440737089yui_3_16_0_ym19_1_1500859922881_14645\"><span id=\"m_-7275702008440737089yui_3_16_0_ym19_1_1500859922881_14646\" lang=\"ES-US\">Record\u00f3 que originalmente apoy\u00f3 esos proyectos, cuando varios funcionarios electos locales anunciaron su apoyo, pero la falta de detalles desde entonces la oblig\u00f3 a rescindir su apoyo.<u><\/u><u><\/u><\/span><\/div>\n<div id=\"m_-7275702008440737089yui_3_16_0_ym19_1_1500859922881_14648\"><span id=\"m_-7275702008440737089yui_3_16_0_ym19_1_1500859922881_14649\" lang=\"ES-US\">\u00a0<u><\/u><u><\/u><\/span><\/div>\n<div id=\"m_-7275702008440737089yui_3_16_0_ym19_1_1500859922881_14651\"><span id=\"m_-7275702008440737089yui_3_16_0_ym19_1_1500859922881_14652\" lang=\"ES-US\">\u00abNos hemos reunido en varias ocasiones con el Departamento de Conservaci\u00f3n y Desarrollo de Viviendas (HPD) y no nos han dicho qui\u00e9n va a poseer la tierra; no nos han dicho cu\u00e1les son los niveles de asequibilidad, y por esto voy a pagar un precio pol\u00edtico, por estar en contra de los proyectos, pero la comunidad es primero para m\u00ed\u00bb, sentenci\u00f3.<u><\/u><u><\/u><\/span><\/div>\n<div id=\"m_-7275702008440737089yui_3_16_0_ym19_1_1500859922881_14654\"><span id=\"m_-7275702008440737089yui_3_16_0_ym19_1_1500859922881_14655\" lang=\"ES-US\">\u00a0<u><\/u><u><\/u><\/span><\/div>\n<div id=\"m_-7275702008440737089yui_3_16_0_ym19_1_1500859922881_14657\"><span id=\"m_-7275702008440737089yui_3_16_0_ym19_1_1500859922881_14658\" lang=\"ES-US\">El HPD de la ciudad dijo que cuando empez\u00f3 a llegar al sitio de la biblioteca de Inwood, \u00abestaba fuera de los l\u00edmites del \u00e1rea de rezonificaci\u00f3n de Inwood\u00bb, pero que el proyecto cambi\u00f3 cuando EDC ampli\u00f3 los l\u00edmites de rezonificaci\u00f3n. El proyecto pasar\u00e1 por la revisi\u00f3n p\u00fablica, como parte de la rezonificaci\u00f3n m\u00e1s amplia.<u><\/u><u><\/u><\/span><\/div>\n<div id=\"m_-7275702008440737089yui_3_16_0_ym19_1_1500859922881_14660\"><span id=\"m_-7275702008440737089yui_3_16_0_ym19_1_1500859922881_14661\" lang=\"ES-US\">\u00a0\u00a0<u><\/u><u><\/u><\/span><\/div>\n<div id=\"m_-7275702008440737089yui_3_16_0_ym19_1_1500859922881_14663\"><span id=\"m_-7275702008440737089yui_3_16_0_ym19_1_1500859922881_14664\" lang=\"ES-US\">Nancy Preston, del grupo comunitario \u201cMoving Forward Unidos\u201d, dijo sobre la posici\u00f3n de Alc\u00e1ntara, que era \u00abagradable tener a alguien hablando a nuestro favor\u00bb, como lo est\u00e1 haciendo ella.<u><\/u><u><\/u><\/span><\/div>\n<div id=\"m_-7275702008440737089yui_3_16_0_ym19_1_1500859922881_14666\"><span id=\"m_-7275702008440737089yui_3_16_0_ym19_1_1500859922881_14667\" lang=\"ES-US\">\u00a0\u00a0<\/span><\/div>\n<div style=\"text-align: right;\"><span style=\"color: #ff0000;\">Ram\u00f3n Mercedes<\/span><\/div>\n","protected":false},"excerpt":{"rendered":"<p>NUEVA YORK, Nueva York.- La senadora estatal dominicana por el Alto Manhattan, Marisol Alc\u00e1ntara, anunci\u00f3 su oposici\u00f3n al proyecto de reconstrucci\u00f3n de la biblioteca del \u00e1rea, la aplicaci\u00f3n de la avenida Seaman y la rezonificaci\u00f3n del sector de Inwood NYC. \u00a0 Hablando ante cerca de un centenar de residentes del distrito 31 que la apoyaron [&hellip;]<\/p>\n","protected":false},"author":1,"featured_media":0,"comment_status":"open","ping_status":"open","sticky":false,"template":"","format":"standard","meta":{"_bbp_topic_count":0,"_bbp_reply_count":0,"_bbp_total_topic_count":0,"_bbp_total_reply_count":0,"_bbp_voice_count":0,"_bbp_anonymous_reply_count":0,"_bbp_topic_count_hidden":0,"_bbp_reply_count_hidden":0,"_bbp_forum_subforum_count":0,"footnotes":""},"categories":[60,31],"tags":[],"class_list":{"0":"post-292243","1":"post","2":"type-post","3":"status-publish","4":"format-standard","6":"category-titulares-del-dia","7":"category-estados-unidos"},"_links":{"self":[{"href":"https:\/\/primermomento.com\/index.php?rest_route=\/wp\/v2\/posts\/292243","targetHints":{"allow":["GET"]}}],"collection":[{"href":"https:\/\/primermomento.com\/index.php?rest_route=\/wp\/v2\/posts"}],"about":[{"href":"https:\/\/primermomento.com\/index.php?rest_route=\/wp\/v2\/types\/post"}],"author":[{"embeddable":true,"href":"https:\/\/primermomento.com\/index.php?rest_route=\/wp\/v2\/users\/1"}],"replies":[{"embeddable":true,"href":"https:\/\/primermomento.com\/index.php?rest_route=%2Fwp%2Fv2%2Fcomments&post=292243"}],"version-history":[{"count":0,"href":"https:\/\/primermomento.com\/index.php?rest_route=\/wp\/v2\/posts\/292243\/revisions"}],"wp:attachment":[{"href":"https:\/\/primermomento.com\/index.php?rest_route=%2Fwp%2Fv2%2Fmedia&parent=292243"}],"wp:term":[{"taxonomy":"category","embeddable":true,"href":"https:\/\/primermomento.com\/index.php?rest_route=%2Fwp%2Fv2%2Fcategories&post=292243"},{"taxonomy":"post_tag","embeddable":true,"href":"https:\/\/primermomento.com\/index.php?rest_route=%2Fwp%2Fv2%2Ftags&post=292243"}],"curies":[{"name":"wp","href":"https:\/\/api.w.org\/{rel}","templated":true}]}}