{"id":292245,"date":"2017-07-24T16:38:07","date_gmt":"2017-07-24T20:38:07","guid":{"rendered":"http:\/\/primermomento.com\/?p=292245"},"modified":"2017-07-24T20:40:30","modified_gmt":"2017-07-25T00:40:30","slug":"desfile-dominicano-manhattan-detalla-programa-actividades-2017","status":"publish","type":"post","link":"https:\/\/primermomento.com\/?p=292245","title":{"rendered":"Desfile Dominicano Manhattan detalla programa actividades 2017"},"content":{"rendered":"<div id=\"m_-7275702008440737089yui_3_16_0_ym19_1_1500859922881_14496\"><span id=\"m_-7275702008440737089yui_3_16_0_ym19_1_1500859922881_14498\" lang=\"ES-US\">NUEVA YORK, Nueva York.- <\/span><span id=\"m_-7275702008440737089yui_3_16_0_ym19_1_1500859922881_14499\" lang=\"ES-US\">La Junta de Directores de \u201cDominican Day Parade Inc\u201d o \u201cDesfile Dominicano de Manhattan\u201d, encabezada por su presidente Mar\u00eda Khoury, detall\u00f3 el programa de actividades a efectuarse el pr\u00f3ximo mes de agosto.<\/span><span id=\"m_-7275702008440737089yui_3_16_0_ym19_1_1500859922881_14500\" lang=\"ES-US\"><u><\/u><u><\/u><\/span><\/div>\n<div id=\"m_-7275702008440737089yui_3_16_0_ym19_1_1500859922881_14502\"><span id=\"m_-7275702008440737089yui_3_16_0_ym19_1_1500859922881_14503\" lang=\"ES-US\">\u00a0<\/span><span id=\"m_-7275702008440737089yui_3_16_0_ym19_1_1500859922881_14504\" lang=\"ES-US\"><u><\/u><u><\/u><\/span><\/div>\n<div id=\"m_-7275702008440737089yui_3_16_0_ym19_1_1500859922881_14506\"><span id=\"m_-7275702008440737089yui_3_16_0_ym19_1_1500859922881_14507\" lang=\"ES-US\"><img loading=\"lazy\" decoding=\"async\" class=\"size-medium wp-image-292246 alignleft\" src=\"http:\/\/primermomento.com\/wp-content\/uploads\/2017\/07\/Desfile-Dominicano-Manhattan-detalla-programa-actividades-2017-300x164.jpg\" alt=\"\" width=\"300\" height=\"164\" srcset=\"https:\/\/primermomento.com\/wp-content\/uploads\/2017\/07\/Desfile-Dominicano-Manhattan-detalla-programa-actividades-2017-300x164.jpg 300w, https:\/\/primermomento.com\/wp-content\/uploads\/2017\/07\/Desfile-Dominicano-Manhattan-detalla-programa-actividades-2017-768x420.jpg 768w, https:\/\/primermomento.com\/wp-content\/uploads\/2017\/07\/Desfile-Dominicano-Manhattan-detalla-programa-actividades-2017-500x273.jpg 500w, https:\/\/primermomento.com\/wp-content\/uploads\/2017\/07\/Desfile-Dominicano-Manhattan-detalla-programa-actividades-2017-280x153.jpg 280w, https:\/\/primermomento.com\/wp-content\/uploads\/2017\/07\/Desfile-Dominicano-Manhattan-detalla-programa-actividades-2017-638x349.jpg 638w, https:\/\/primermomento.com\/wp-content\/uploads\/2017\/07\/Desfile-Dominicano-Manhattan-detalla-programa-actividades-2017-118x64.jpg 118w, https:\/\/primermomento.com\/wp-content\/uploads\/2017\/07\/Desfile-Dominicano-Manhattan-detalla-programa-actividades-2017-479x262.jpg 479w, https:\/\/primermomento.com\/wp-content\/uploads\/2017\/07\/Desfile-Dominicano-Manhattan-detalla-programa-actividades-2017.jpg 950w\" sizes=\"auto, (max-width: 300px) 100vw, 300px\" \/>El d\u00eda tres sostendr\u00e1n un encuentro con la presidente del borough de Manhattan, Galle Brewer, y el d\u00eda 11 ser\u00e1 la \u201cGala Anual\u201d, con la orquesta de La Coco Band, en el exclusivo club de polo \u201cDyker Beach Club\u2019, ubicado en el 1030 de la calle 86 con la s\u00e9ptima avenida, en Brooklyn. Ah\u00ed ser\u00e1 la entrega de 25 becas a j\u00f3venes de or\u00edgenes criollos para estudiar en prestigiosas universidades.<\/span><span id=\"m_-7275702008440737089yui_3_16_0_ym19_1_1500859922881_14508\" lang=\"ES-US\"><u><\/u><u><\/u><\/span><\/div>\n<div id=\"m_-7275702008440737089yui_3_16_0_ym19_1_1500859922881_14510\"><span id=\"m_-7275702008440737089yui_3_16_0_ym19_1_1500859922881_14511\" lang=\"ES-US\">\u00a0<\/span><span id=\"m_-7275702008440737089yui_3_16_0_ym19_1_1500859922881_14512\" lang=\"ES-US\"><u><\/u><u><\/u><\/span><\/div>\n<div id=\"m_-7275702008440737089yui_3_16_0_ym19_1_1500859922881_14514\"><span id=\"m_-7275702008440737089yui_3_16_0_ym19_1_1500859922881_14515\" lang=\"ES-US\">Para el domingo 13 se efectuar\u00e1 el desfile, a ritmo de\u00a0 g\u00fcira, tambora y acorde\u00f3n, por la sexta avenida en Manhattan, al que se espera la asistencia de medio mill\u00f3n de personas, como el a\u00f1o anterior.<\/span><span id=\"m_-7275702008440737089yui_3_16_0_ym19_1_1500859922881_14516\" lang=\"ES-US\"><u><\/u><u><\/u><\/span><\/div>\n<div id=\"m_-7275702008440737089yui_3_16_0_ym19_1_1500859922881_14518\"><span id=\"m_-7275702008440737089yui_3_16_0_ym19_1_1500859922881_14519\" lang=\"ES-US\">\u00a0<\/span><span id=\"m_-7275702008440737089yui_3_16_0_ym19_1_1500859922881_14520\" lang=\"ES-US\"><u><\/u><u><\/u><\/span><\/div>\n<div id=\"m_-7275702008440737089yui_3_16_0_ym19_1_1500859922881_14522\"><span id=\"m_-7275702008440737089yui_3_16_0_ym19_1_1500859922881_14523\" lang=\"ES-US\">Entre los homenajeados de este a\u00f1o figura el congresista Adriano Espaillat como el \u201cGran Mariscal\u201d, que el a\u00f1o pasado fue propuesto por el prominente m\u00e9dico dominicano Rafael Lantigua y rechazado por la Junta.<\/span><span id=\"m_-7275702008440737089yui_3_16_0_ym19_1_1500859922881_14524\" lang=\"ES-US\"><u><\/u><u><\/u><\/span><\/div>\n<div id=\"m_-7275702008440737089yui_3_16_0_ym19_1_1500859922881_14526\"><span id=\"m_-7275702008440737089yui_3_16_0_ym19_1_1500859922881_14527\" lang=\"ES-US\">\u00a0<\/span><span id=\"m_-7275702008440737089yui_3_16_0_ym19_1_1500859922881_14528\" lang=\"ES-US\"><u><\/u><u><\/u><\/span><\/div>\n<div id=\"m_-7275702008440737089yui_3_16_0_ym19_1_1500859922881_14530\"><span id=\"m_-7275702008440737089yui_3_16_0_ym19_1_1500859922881_14531\" lang=\"ES-US\">Asimismo, el inmortal del b\u00e9isbol exaltado al Sal\u00f3n de la Fama, Juan Marichal, ser\u00e1 el \u201cPadrino Internacional\u201d, y Lissette N\u00fa\u00f1ez como \u201cMadrina Internacional\u201d por ser la primera piloto de una aerol\u00ednea comercial.<\/span><span id=\"m_-7275702008440737089yui_3_16_0_ym19_1_1500859922881_14532\" lang=\"ES-US\"><u><\/u><u><\/u><\/span><\/div>\n<div id=\"m_-7275702008440737089yui_3_16_0_ym19_1_1500859922881_14534\"><span id=\"m_-7275702008440737089yui_3_16_0_ym19_1_1500859922881_14535\" lang=\"ES-US\">\u00a0<\/span><span id=\"m_-7275702008440737089yui_3_16_0_ym19_1_1500859922881_14536\" lang=\"ES-US\"><u><\/u><u><\/u><\/span><\/div>\n<div id=\"m_-7275702008440737089yui_3_16_0_ym19_1_1500859922881_14538\"><span id=\"m_-7275702008440737089yui_3_16_0_ym19_1_1500859922881_14539\" lang=\"ES-US\">Tambi\u00e9n a Michelle Jim\u00e9nez, del ballet de Washington, como \u201cMadrina\u201d, y el director del peri\u00f3dico digital \u00c1ngel del Orbe Cruz (Remo) tendr\u00e1 un reconocimiento especial.<\/span><span id=\"m_-7275702008440737089yui_3_16_0_ym19_1_1500859922881_14540\" lang=\"ES-US\"><u><\/u><u><\/u><\/span><\/div>\n<div id=\"m_-7275702008440737089yui_3_16_0_ym19_1_1500859922881_14542\"><span id=\"m_-7275702008440737089yui_3_16_0_ym19_1_1500859922881_14543\" lang=\"ES-US\">\u00a0<\/span><span id=\"m_-7275702008440737089yui_3_16_0_ym19_1_1500859922881_14544\" lang=\"ES-US\"><u><\/u><u><\/u><\/span><\/div>\n<div id=\"m_-7275702008440737089yui_3_16_0_ym19_1_1500859922881_14546\"><span id=\"m_-7275702008440737089yui_3_16_0_ym19_1_1500859922881_14547\" lang=\"ES-US\">L\u00edderes y activistas comunitarios han criticado que Khoury se haya alejado de la comunidad criolla, al no celebrar la rueda de prensa en Washington Heights\u00a0<\/span><span id=\"m_-7275702008440737089yui_3_16_0_ym19_1_1500859922881_14548\" lang=\"ES-US\">como de costumbre,\u00a0sino pr\u00f3ximo a Midtown Manhattan.<\/span><span id=\"m_-7275702008440737089yui_3_16_0_ym19_1_1500859922881_14549\" lang=\"ES-US\"><u><\/u><u><\/u><\/span><\/div>\n<div id=\"m_-7275702008440737089yui_3_16_0_ym19_1_1500859922881_14551\"><span id=\"m_-7275702008440737089yui_3_16_0_ym19_1_1500859922881_14552\" lang=\"ES-US\">\u00a0<\/span><span id=\"m_-7275702008440737089yui_3_16_0_ym19_1_1500859922881_14553\" lang=\"ES-US\"><u><\/u><u><\/u><\/span><\/div>\n<div id=\"m_-7275702008440737089yui_3_16_0_ym19_1_1500859922881_14555\"><span id=\"m_-7275702008440737089yui_3_16_0_ym19_1_1500859922881_14556\" lang=\"ES-US\">Tambi\u00e9n que no se hayan escogido personas verdaderamente de la comunidad que resaltan 24\/7 nuestra identidad, cultura y folklor.\u00a0<u><\/u><u><\/u><\/span><\/div>\n<div id=\"m_-7275702008440737089yui_3_16_0_ym19_1_1500859922881_14558\"><span id=\"m_-7275702008440737089yui_3_16_0_ym19_1_1500859922881_14559\" lang=\"ES-US\"><u><\/u>\u00a0<u><\/u><\/span><\/div>\n<div id=\"m_-7275702008440737089yui_3_16_0_ym19_1_1500859922881_14561\"><span id=\"m_-7275702008440737089yui_3_16_0_ym19_1_1500859922881_14562\" lang=\"ES-US\">Otra cosa es que para llegar al sitio de la gala tendr\u00e1n que hacer una inversi\u00f3n de m\u00e1s de 500 d\u00f3lares, que ser\u00edan US$350 de entrada; y $150 de taxi ida y vuelta desde el Alto Manhattan, ya que la mayor\u00eda no tiene veh\u00edculo.<\/span><span id=\"m_-7275702008440737089yui_3_16_0_ym19_1_1500859922881_14563\" lang=\"ES-US\"><u><\/u><u><\/u><\/span><\/div>\n<div id=\"m_-7275702008440737089yui_3_16_0_ym19_1_1500859922881_14565\"><span id=\"m_-7275702008440737089yui_3_16_0_ym19_1_1500859922881_14566\" lang=\"ES-US\">\u00a0\u00a0<\/span><span id=\"m_-7275702008440737089yui_3_16_0_ym19_1_1500859922881_14567\" lang=\"ES-US\"><u><\/u><u><\/u><\/span><\/div>\n<div id=\"m_-7275702008440737089yui_3_16_0_ym19_1_1500859922881_14569\"><span id=\"m_-7275702008440737089yui_3_16_0_ym19_1_1500859922881_14570\" lang=\"ES-US\">La empresaria manifest\u00f3 que la \u201cJunta de Directores\u201d felicita a los galardonados, porque todos tienen el \u201critmo de nuestra sangre\u201d y nuestra misi\u00f3n es seguir apoyando a lo nuestro para que sigan un camino ejemplar\u201d.<\/span><span id=\"m_-7275702008440737089yui_3_16_0_ym19_1_1500859922881_14571\" lang=\"ES-US\"><u><\/u><u><\/u><\/span><\/div>\n<div id=\"m_-7275702008440737089yui_3_16_0_ym19_1_1500859922881_14573\"><span id=\"m_-7275702008440737089yui_3_16_0_ym19_1_1500859922881_14574\" lang=\"ES-US\">\u00a0<\/span><span id=\"m_-7275702008440737089yui_3_16_0_ym19_1_1500859922881_14575\" lang=\"ES-US\"><u><\/u><u><\/u><\/span><\/div>\n<div id=\"m_-7275702008440737089yui_3_16_0_ym19_1_1500859922881_14577\"><span id=\"m_-7275702008440737089yui_3_16_0_ym19_1_1500859922881_14578\" lang=\"ES-US\">El Desfile es apoyado por varias compa\u00f1\u00edas multimillonarias, entre ellas Coca Cola; Jet Blue y Delta Airlines; Goya; Transport Workers; Acacia Netwoord\/ACDP; New York Presbyteriano; el Consulado Dominicano en NY; y el ministerio de Turismo-RD, entre otras instituciones.<\/span><\/div>\n<div><\/div>\n<div style=\"text-align: right;\"><span style=\"color: #ff0000;\">Ram\u00f3n Mercedes<\/span><\/div>\n","protected":false},"excerpt":{"rendered":"<p>NUEVA YORK, Nueva York.- La Junta de Directores de \u201cDominican Day Parade Inc\u201d o \u201cDesfile Dominicano de Manhattan\u201d, encabezada por su presidente Mar\u00eda Khoury, detall\u00f3 el programa de actividades a efectuarse el pr\u00f3ximo mes de agosto. \u00a0 El d\u00eda tres sostendr\u00e1n un encuentro con la presidente del borough de Manhattan, Galle Brewer, y el d\u00eda [&hellip;]<\/p>\n","protected":false},"author":1,"featured_media":0,"comment_status":"open","ping_status":"open","sticky":false,"template":"","format":"standard","meta":{"_bbp_topic_count":0,"_bbp_reply_count":0,"_bbp_total_topic_count":0,"_bbp_total_reply_count":0,"_bbp_voice_count":0,"_bbp_anonymous_reply_count":0,"_bbp_topic_count_hidden":0,"_bbp_reply_count_hidden":0,"_bbp_forum_subforum_count":0,"footnotes":""},"categories":[60,32],"tags":[],"class_list":{"0":"post-292245","1":"post","2":"type-post","3":"status-publish","4":"format-standard","6":"category-titulares-del-dia","7":"category-lo-ultimo"},"_links":{"self":[{"href":"https:\/\/primermomento.com\/index.php?rest_route=\/wp\/v2\/posts\/292245","targetHints":{"allow":["GET"]}}],"collection":[{"href":"https:\/\/primermomento.com\/index.php?rest_route=\/wp\/v2\/posts"}],"about":[{"href":"https:\/\/primermomento.com\/index.php?rest_route=\/wp\/v2\/types\/post"}],"author":[{"embeddable":true,"href":"https:\/\/primermomento.com\/index.php?rest_route=\/wp\/v2\/users\/1"}],"replies":[{"embeddable":true,"href":"https:\/\/primermomento.com\/index.php?rest_route=%2Fwp%2Fv2%2Fcomments&post=292245"}],"version-history":[{"count":0,"href":"https:\/\/primermomento.com\/index.php?rest_route=\/wp\/v2\/posts\/292245\/revisions"}],"wp:attachment":[{"href":"https:\/\/primermomento.com\/index.php?rest_route=%2Fwp%2Fv2%2Fmedia&parent=292245"}],"wp:term":[{"taxonomy":"category","embeddable":true,"href":"https:\/\/primermomento.com\/index.php?rest_route=%2Fwp%2Fv2%2Fcategories&post=292245"},{"taxonomy":"post_tag","embeddable":true,"href":"https:\/\/primermomento.com\/index.php?rest_route=%2Fwp%2Fv2%2Ftags&post=292245"}],"curies":[{"name":"wp","href":"https:\/\/api.w.org\/{rel}","templated":true}]}}