{"id":292253,"date":"2017-07-25T17:33:53","date_gmt":"2017-07-25T21:33:53","guid":{"rendered":"http:\/\/primermomento.com\/?p=292253"},"modified":"2017-07-25T17:33:53","modified_gmt":"2017-07-25T21:33:53","slug":"republicanos-votan-si-para-iniciar-debate-sobre-obamacare","status":"publish","type":"post","link":"https:\/\/primermomento.com\/?p=292253","title":{"rendered":"Republicanos votan &#8216;s\u00ed&#8217; para iniciar debate sobre Obamacare"},"content":{"rendered":"<p>WASHINGTON, Distrito de Columbia.- Republicanos del Senado de Estados Unidos votaron s\u00ed este martes para iniciar el debate sobre el proyecto de ley que busca eliminar Obamacare, en compa\u00f1\u00eda del senador John McCain, a quien recientemente le fue diagnosticado c\u00e1ncer cerebral.<\/p>\n<figure id=\"attachment_292254\" aria-describedby=\"caption-attachment-292254\" style=\"width: 300px\" class=\"wp-caption alignleft\"><img loading=\"lazy\" decoding=\"async\" class=\"size-medium wp-image-292254\" src=\"http:\/\/primermomento.com\/wp-content\/uploads\/2017\/07\/republicanos-y-obamacare-300x169.jpg\" alt=\"\" width=\"300\" height=\"169\" srcset=\"https:\/\/primermomento.com\/wp-content\/uploads\/2017\/07\/republicanos-y-obamacare-300x169.jpg 300w, https:\/\/primermomento.com\/wp-content\/uploads\/2017\/07\/republicanos-y-obamacare-768x432.jpg 768w, https:\/\/primermomento.com\/wp-content\/uploads\/2017\/07\/republicanos-y-obamacare-478x270.jpg 478w, https:\/\/primermomento.com\/wp-content\/uploads\/2017\/07\/republicanos-y-obamacare-500x281.jpg 500w, https:\/\/primermomento.com\/wp-content\/uploads\/2017\/07\/republicanos-y-obamacare-280x157.jpg 280w, https:\/\/primermomento.com\/wp-content\/uploads\/2017\/07\/republicanos-y-obamacare-638x359.jpg 638w, https:\/\/primermomento.com\/wp-content\/uploads\/2017\/07\/republicanos-y-obamacare-118x66.jpg 118w, https:\/\/primermomento.com\/wp-content\/uploads\/2017\/07\/republicanos-y-obamacare-479x269.jpg 479w, https:\/\/primermomento.com\/wp-content\/uploads\/2017\/07\/republicanos-y-obamacare.jpg 1023w\" sizes=\"auto, (max-width: 300px) 100vw, 300px\" \/><figcaption id=\"caption-attachment-292254\" class=\"wp-caption-text\">Los resultados de 51- 50 es una gran victoria para el presidente Donald Trump y el l\u00edder de la mayor\u00eda en el Senado Mitch McConnell.<\/figcaption><\/figure>\n<p>La sesi\u00f3n inici\u00f3 con protestas a las afueras del capitolio mientras el l\u00edder de la mayor\u00eda en el Senado, Mitch McConnell, daba el discurso de inicio al encuentro con s\u00edntomas de duda sobre el futuro del proyecto.<\/p>\n<p>Mientras que manifestantes fueron evacuados del recinto por la polic\u00eda, McCain recibi\u00f3 aplausos previo a emitir su discurso.<\/p>\n<p>Por su parte, un pu\u00f1ado de personas, as\u00ed como algunos legisladores estadounidenses, entre ellos Bob Men\u00e9ndez, se reunieron frente al Congreso de Estados Unidos, para mostrar su desacuerdo con el voto que le permite a los republicanos continuar discutiendo la posibilidad para revocar el Obamacare.<\/p>\n<p>El senador John McCain, despu\u00e9s de haber sido diagnosticado con c\u00e1ncer cerebral se posision\u00f3 como un voto clave para su partido tras retornar a Washington el martes para votar a favor de iniciar el debate para anular Obamacare.<\/p>\n<p>El presidente Trump tuite\u00f3 el martes al respecto: \u00abQu\u00e9 bien que John McCain regrese a votar. Valiente \u2014H\u00e9roe americano! Gracias, John\u201d.<\/p>\n<p>El senador Rand Paul, republicano por Kentucky, dice que votar\u00e1 por \u00abs\u00ed\u00bb en un proyecto de ley el martes por la tarde despu\u00e9s de recibir la seguridad de parte del l\u00edder de la mayor\u00eda del Senado, Mitch McConnell.<\/p>\n<p>Paul dijo que McConnel inform\u00f3 que votar\u00e1 la anulaci\u00f3n de la ley de cuidado de salud aprobada durante la presidencia de Barack Obama , como \u00e9l ha estado exhortando.<\/p>\n<p>Republicanos moderados buscan dinero adicional para los estados que sean afectados por recortes al Medicaid, el programa de cuidado de salud para los pobres, los incapacitados y pacientes en casas de salud.<\/p>\n<p style=\"text-align: right;\"><span style=\"color: #ff0000;\"><em>VOANEWS<\/em><\/span><\/p>\n","protected":false},"excerpt":{"rendered":"<p>WASHINGTON, Distrito de Columbia.- Republicanos del Senado de Estados Unidos votaron s\u00ed este martes para iniciar el debate sobre el proyecto de ley que busca eliminar Obamacare, en compa\u00f1\u00eda del senador John McCain, a quien recientemente le fue diagnosticado c\u00e1ncer cerebral. La sesi\u00f3n inici\u00f3 con protestas a las afueras del capitolio mientras el l\u00edder de [&hellip;]<\/p>\n","protected":false},"author":1,"featured_media":0,"comment_status":"open","ping_status":"open","sticky":false,"template":"","format":"standard","meta":{"_bbp_topic_count":0,"_bbp_reply_count":0,"_bbp_total_topic_count":0,"_bbp_total_reply_count":0,"_bbp_voice_count":0,"_bbp_anonymous_reply_count":0,"_bbp_topic_count_hidden":0,"_bbp_reply_count_hidden":0,"_bbp_forum_subforum_count":0,"footnotes":""},"categories":[60,32],"tags":[],"class_list":{"0":"post-292253","1":"post","2":"type-post","3":"status-publish","4":"format-standard","6":"category-titulares-del-dia","7":"category-lo-ultimo"},"_links":{"self":[{"href":"https:\/\/primermomento.com\/index.php?rest_route=\/wp\/v2\/posts\/292253","targetHints":{"allow":["GET"]}}],"collection":[{"href":"https:\/\/primermomento.com\/index.php?rest_route=\/wp\/v2\/posts"}],"about":[{"href":"https:\/\/primermomento.com\/index.php?rest_route=\/wp\/v2\/types\/post"}],"author":[{"embeddable":true,"href":"https:\/\/primermomento.com\/index.php?rest_route=\/wp\/v2\/users\/1"}],"replies":[{"embeddable":true,"href":"https:\/\/primermomento.com\/index.php?rest_route=%2Fwp%2Fv2%2Fcomments&post=292253"}],"version-history":[{"count":0,"href":"https:\/\/primermomento.com\/index.php?rest_route=\/wp\/v2\/posts\/292253\/revisions"}],"wp:attachment":[{"href":"https:\/\/primermomento.com\/index.php?rest_route=%2Fwp%2Fv2%2Fmedia&parent=292253"}],"wp:term":[{"taxonomy":"category","embeddable":true,"href":"https:\/\/primermomento.com\/index.php?rest_route=%2Fwp%2Fv2%2Fcategories&post=292253"},{"taxonomy":"post_tag","embeddable":true,"href":"https:\/\/primermomento.com\/index.php?rest_route=%2Fwp%2Fv2%2Ftags&post=292253"}],"curies":[{"name":"wp","href":"https:\/\/api.w.org\/{rel}","templated":true}]}}