{"id":292267,"date":"2017-07-26T08:48:07","date_gmt":"2017-07-26T12:48:07","guid":{"rendered":"http:\/\/primermomento.com\/?p=292267"},"modified":"2017-07-26T20:52:58","modified_gmt":"2017-07-27T00:52:58","slug":"comienza-paro-de-48-horas-convocado-por-la-oposicion-venezolana","status":"publish","type":"post","link":"https:\/\/primermomento.com\/?p=292267","title":{"rendered":"Comenz\u00f3 paro de 48 horas convocado por la oposici\u00f3n venezolana"},"content":{"rendered":"<p>CARACAS, Venezuela.- A las seis de la ma\u00f1ana de este mi\u00e9rcoles se inici\u00f3 el paro general convocado por la oposici\u00f3n venezolana, con la intenci\u00f3n de presionar al presidente Nicol\u00e1s Maduro para que retire su propuesta de Asamblea Nacional Constituyente, ANC, cuya elecci\u00f3n est\u00e1 prevista para este domingo 30 de julio.<\/p>\n<figure id=\"attachment_292268\" aria-describedby=\"caption-attachment-292268\" style=\"width: 300px\" class=\"wp-caption alignleft\"><img loading=\"lazy\" decoding=\"async\" class=\"size-medium wp-image-292268\" src=\"http:\/\/primermomento.com\/wp-content\/uploads\/2017\/07\/avenida-de-venezuela-300x169.jpg\" alt=\"\" width=\"300\" height=\"169\" srcset=\"https:\/\/primermomento.com\/wp-content\/uploads\/2017\/07\/avenida-de-venezuela-300x169.jpg 300w, https:\/\/primermomento.com\/wp-content\/uploads\/2017\/07\/avenida-de-venezuela-768x432.jpg 768w, https:\/\/primermomento.com\/wp-content\/uploads\/2017\/07\/avenida-de-venezuela-478x270.jpg 478w, https:\/\/primermomento.com\/wp-content\/uploads\/2017\/07\/avenida-de-venezuela-500x281.jpg 500w, https:\/\/primermomento.com\/wp-content\/uploads\/2017\/07\/avenida-de-venezuela-280x157.jpg 280w, https:\/\/primermomento.com\/wp-content\/uploads\/2017\/07\/avenida-de-venezuela-638x359.jpg 638w, https:\/\/primermomento.com\/wp-content\/uploads\/2017\/07\/avenida-de-venezuela-118x66.jpg 118w, https:\/\/primermomento.com\/wp-content\/uploads\/2017\/07\/avenida-de-venezuela-479x269.jpg 479w, https:\/\/primermomento.com\/wp-content\/uploads\/2017\/07\/avenida-de-venezuela.jpg 1023w\" sizes=\"auto, (max-width: 300px) 100vw, 300px\" \/><figcaption id=\"caption-attachment-292268\" class=\"wp-caption-text\">Las calles y avenidas de Caracas, Venezuela, lucen vac\u00edas el mi\u00e9rcoles, 26 de julio de 2017, en el inicio de un paro general de 48 horas convocado por la oposici\u00f3n en contra de la Asamblea Nacional Constituyente.<\/figcaption><\/figure>\n<p>Se prev\u00e9 que la huelga general, en la que participan diversos sectores del pa\u00eds, entre ellos m\u00e1s de 500 organizaciones sindicales y otras asociaciones gremiales, culmine el viernes a seis de la ma\u00f1ana.<\/p>\n<p>Freddy Guevara, primer vicepresidente del Parlamento de mayor\u00eda opositora, reiter\u00f3 este martes que \u201csi hay un momento para que la Fuerza Armada Nacional se desmarque de esta locura y obedezca la Constituci\u00f3n es ahora\u201d.<\/p>\n<p>\u201cEs el momento de darlo todo (\u2026) todo el mundo en sus casasa menos que est\u00e9n en la calle trancando su avenida o su calle, el objetivo es la paralizaci\u00f3n de las actividades\u201d dijo Guevara en conferencia de prensa de la Mesa de la Unidad Democr\u00e1tica (MUD), alianza de partidos de oposici\u00f3n.<\/p>\n<p>El parlamentario destac\u00f3 que, aunque el jueves contin\u00faa el paro c\u00edvico, las \u201cbarricadas\u201d deben ser levantadas \u201cese d\u00eda\u201d para permitir el desplazamiento de personas, desde otras ciudades, hasta la capital venezolana, para la movilizaci\u00f3n la \u201cToma de Caracas\u201d, cuyo destino a\u00fan no ha sido anunciado.<\/p>\n<p>\u201cEse d\u00eda (viernes) daremos la instrucci\u00f3n para avanzar con determinaci\u00f3n a un nivel superior de presi\u00f3n para enfrentar el fraude y la dictadura\u201d asever\u00f3 Guevara.<\/p>\n<p>El primer vicepresidente del parlamento desminti\u00f3 rumores que, durante las \u00faltimas horas circularon en las redes sociales, sobre presuntas negociaciones entre el gobierno y la oposici\u00f3n.<\/p>\n<p><strong>Apoyo empresarial<\/strong><\/p>\n<p>La Federaci\u00f3n de C\u00e1maras y Asociaciones de Comercio y Producci\u00f3n de Venezuela (Fedecamaras), que re\u00fane al sector empresarial del pa\u00eds, respald\u00f3 el llamado a huelga realizado por los sindicatos y otras organizaciones civiles.<\/p>\n<p>\u201cDamos libertad plena a nuestros trabajadores y empresarios que decidan sumarse a esta convocatoria c\u00edvica (\u2026) reconocemos y defendemos cualquier mecanismo de protesta ciudadana, siempre y cuando se mantenga apegada a la Constituci\u00f3n y a las leyes\u201d dijo Fedecamaras a trav\u00e9s de un comunicado.<\/p>\n<p>\u201cNo podemos apoyar ning\u00fan proceso constituyente que est\u00e9 de espaldas al pueblo soberano (\u2026) en los t\u00e9rminos en que ha sido planteada la ANC, solo agravar\u00e1 los problemas que hoy mantienen al pa\u00eds en los mayores niveles de pobreza, hambre, desnutrici\u00f3n, desabastecimiento y anarqu\u00eda pol\u00edtica y social\u201d destaca el comunicado de la principal organizaci\u00f3n de gremios empresariales del pa\u00eds.<\/p>\n<p>Venezuela atraviesa una oleada de protestas que iniciaron el pasado 1 de abril, luego de que el Tribunal Supremo de Justicia emitiera una sentencia con la que se atribu\u00eda las facultades del Parlamento.<\/p>\n<p>La situaci\u00f3n empeor\u00f3 cuando el presidente Nicol\u00e1s Maduro convoc\u00f3 a una ANC para cambiar la Constituci\u00f3n, que de acuerdo a la oposici\u00f3n, es un proceso \u201cfraudulento\u201d que viola la Constituci\u00f3n vigente.<\/p>\n<p>Al menos 100 personas han muerto en el contexto de las manifestaciones.<\/p>\n<p style=\"text-align: right;\"><span style=\"color: #ff0000;\"><em>VOANEWS<\/em><\/span><\/p>\n","protected":false},"excerpt":{"rendered":"<p>CARACAS, Venezuela.- A las seis de la ma\u00f1ana de este mi\u00e9rcoles se inici\u00f3 el paro general convocado por la oposici\u00f3n venezolana, con la intenci\u00f3n de presionar al presidente Nicol\u00e1s Maduro para que retire su propuesta de Asamblea Nacional Constituyente, ANC, cuya elecci\u00f3n est\u00e1 prevista para este domingo 30 de julio. Se prev\u00e9 que la huelga [&hellip;]<\/p>\n","protected":false},"author":1,"featured_media":0,"comment_status":"open","ping_status":"open","sticky":false,"template":"","format":"standard","meta":{"_bbp_topic_count":0,"_bbp_reply_count":0,"_bbp_total_topic_count":0,"_bbp_total_reply_count":0,"_bbp_voice_count":0,"_bbp_anonymous_reply_count":0,"_bbp_topic_count_hidden":0,"_bbp_reply_count_hidden":0,"_bbp_forum_subforum_count":0,"footnotes":""},"categories":[60,31],"tags":[],"class_list":{"0":"post-292267","1":"post","2":"type-post","3":"status-publish","4":"format-standard","6":"category-titulares-del-dia","7":"category-estados-unidos"},"_links":{"self":[{"href":"https:\/\/primermomento.com\/index.php?rest_route=\/wp\/v2\/posts\/292267","targetHints":{"allow":["GET"]}}],"collection":[{"href":"https:\/\/primermomento.com\/index.php?rest_route=\/wp\/v2\/posts"}],"about":[{"href":"https:\/\/primermomento.com\/index.php?rest_route=\/wp\/v2\/types\/post"}],"author":[{"embeddable":true,"href":"https:\/\/primermomento.com\/index.php?rest_route=\/wp\/v2\/users\/1"}],"replies":[{"embeddable":true,"href":"https:\/\/primermomento.com\/index.php?rest_route=%2Fwp%2Fv2%2Fcomments&post=292267"}],"version-history":[{"count":0,"href":"https:\/\/primermomento.com\/index.php?rest_route=\/wp\/v2\/posts\/292267\/revisions"}],"wp:attachment":[{"href":"https:\/\/primermomento.com\/index.php?rest_route=%2Fwp%2Fv2%2Fmedia&parent=292267"}],"wp:term":[{"taxonomy":"category","embeddable":true,"href":"https:\/\/primermomento.com\/index.php?rest_route=%2Fwp%2Fv2%2Fcategories&post=292267"},{"taxonomy":"post_tag","embeddable":true,"href":"https:\/\/primermomento.com\/index.php?rest_route=%2Fwp%2Fv2%2Ftags&post=292267"}],"curies":[{"name":"wp","href":"https:\/\/api.w.org\/{rel}","templated":true}]}}