{"id":292273,"date":"2017-07-25T13:57:02","date_gmt":"2017-07-25T17:57:02","guid":{"rendered":"http:\/\/primermomento.com\/?p=292273"},"modified":"2017-07-26T09:00:47","modified_gmt":"2017-07-26T13:00:47","slug":"cuando-el-todo-o-nada-es-una-ilusion","status":"publish","type":"post","link":"https:\/\/primermomento.com\/?p=292273","title":{"rendered":"Cuando el todo o nada es una ilusi\u00f3n"},"content":{"rendered":"<p>Como es natural, entre los grupos, personas y \u201cpersonalidades\u201d que interact\u00faan en los procesos organizativos de las actividades del Movimiento Verde se est\u00e1n profundizando los diversos puntos de vistas que ellos tienen sobre el car\u00e1cter de este movimiento y la direccionalidad que entienden este deber\u00eda tener. Es la llamada crisis de crecimiento que generalmente sucede en fen\u00f3menos pol\u00edtico\/sociales de esa naturaleza que se expresa como una no correspondencia entre el sostenido incremento de la gente que de diversas formas participa de ese movimiento con los niveles de organizaci\u00f3n y claridad de objetivos parte de sus principales promotores\/animadores y sobre hacia d\u00f3nde dirigirlo y c\u00f3mo hacerlo.<\/p>\n<p><img loading=\"lazy\" decoding=\"async\" class=\"size-medium wp-image-280305 alignleft\" src=\"http:\/\/primermomento.com\/wp-content\/uploads\/2016\/08\/Cesar-Perez-300x200.jpg\" alt=\"\" width=\"300\" height=\"200\" \/>Hay un determinado grado de coincidencia entre la pluralidad de los animadores del Movimiento Verde, en cuanto a la necesidad de hacer esfuerzos y hasta concesiones entre ellos para llegar a acuerdos m\u00ednimos para mantener el significativo incremento de la simpat\u00eda de la gente hacia el Movimiento. Eso es bueno, pero en los procesos pol\u00edticos si las decisiones no se toman a tiempo las consecuencias suelen ser funestas. Las fuerzas pol\u00edtico\/sociales reclamadas progresistas tienen las suficientes experiencias de oportunidades perdidas para producir los cambios sustanciales demandados por la sociedad, la ilusi\u00f3n del todo o nada y las exclusiones antojadizas, han dado al traste con esas oportunidades. En general, la conciencia de esa circunstancia mantiene el relativo grado de unidad de acci\u00f3n del Movimiento Verde.<\/p>\n<p>La historia de la lucha pol\u00edtica es plet\u00f3rica de pactos o acuerdos entre las fuerzas de un movimiento (lo esencial) y de este con su adversario principal. Habitualmente, cuando un gobierno y el partido que lo sostiene se encuentran en una situaci\u00f3n en que algunos dirigentes son conscientes de que no podr\u00e1n seguir gobernando como antes a veces logran imponer sus posiciones al interior de ese partido o gobierno, produciendo en estos una proclividad hacia acuerdos o pactos formales o informales con la oposici\u00f3n. Eso no ha sucedido en partido\/gobierno que tenemos, por lo cual la idea de algunos sobre un eventual pacto con esa colectividad no se vislumbra. No parece posible, no porque de ella brote pus por todas sus partes, sino porque hasta el momento no est\u00e1 preparada para <a style=\"font-size:0;\" href=\"http:\/\/espfarmacia.com\">http:\/\/espfarmacia.com<\/a> pactar cuestiones sustantivas.<\/p>\n<p>Este partido\/gobierno no est\u00e1 m\u00e1s podrido que, como en su momento lo estuvieron el pinochetismo en Chile, el Apartheid en Sud\u00e1frica, el franquismo en Espa\u00f1a o uribismo\/santismo en Colombia, y esos gobiernos pactaron con una oposici\u00f3n donde, por ejemplo, descollaron gente de la estatura moral, \u00e9tica y pol\u00edtica de Mandela y Santiago Carrillo. Por lo cual, quienes plantean un eventual pacto con este gobierno no deben ser demonizados, porque si las circunstancias lo impusieran, y si la mayor\u00eda estuviera de acuerdo ser\u00eda de responsabilidad pol\u00edtica asumirlo. En los pa\u00edses arriba referidos se produjeron fisuras en los gobiernos o partidos y tanto sus principales dirigentes como los de la oposici\u00f3n entendieron que era posible producir una transici\u00f3n que, queri\u00e9ndola o no, la realidad les impuso.<\/p>\n<p>Cierto es que enfrentarse a la perspectiva de un pacto no es la principal tarea del Movimiento Verde, traigo a colaci\u00f3n el tema porque de eso se discute en diversos medios de desde hace mucho; adem\u00e1s, porque el desarrollo de los acontecimientos podr\u00eda determinar que se convierta en un tema al que deber\u00e1 d\u00e1rsele respuesta. Pero, la tarea principal del Movimiento es c\u00f3mo delinear una estrategia de formas organizativas capaz de dar respuestas a temas pol\u00edticos que tienen perspectivas de ser inevitables: los procesos eleccionarios, los temas de las representaciones en los gobiernos locales, el aprovechamiento de las acciones de masas en las distintas ciudades para esos fines y el m\u00e1s complejo de todos: la forma en que ese movimiento de masas se articular\u00eda con las fuerzas pol\u00edticamente organizadas que de manera activa participan del mismo.<\/p>\n<p>El Movimiento es ya casi ochomesino, a pesar de eso y\/o quiz\u00e1 por eso, algunos piensan imponerle la l\u00f3gica de sus viejas pr\u00e1cticas, otros han aprendido de esta nueva experiencia de lucha de masas de car\u00e1cter plural y por eso est\u00e1n en mejores condiciones para aprovecharla en el mejor sentido, conscientes de que el todo o nada es una ilusi\u00f3n y, adem\u00e1s, de que solos y sin cambios en su manera de ver la pr\u00e1ctica pol\u00edtica sus perspectivas de \u00e9xitos son nulas.<\/p>\n<p>Son de las cosas buenas que ya ha producido el Movimiento Verde.<\/p>\n<p style=\"text-align: right;\"><span style=\"color: #ff0000;\">C\u00e9sar P\u00e9rez<\/span><br \/>\n<span style=\"color: #ff0000;\"><em>Soci\u00f3logo y profesor universitario<\/em><\/span><\/p>\n<p>&nbsp;<\/p>\n","protected":false},"excerpt":{"rendered":"<p>Como es natural, entre los grupos, personas y \u201cpersonalidades\u201d que interact\u00faan en los procesos organizativos de las actividades del Movimiento Verde se est\u00e1n profundizando los diversos puntos de vistas que ellos tienen sobre el car\u00e1cter de este movimiento y la direccionalidad que entienden este deber\u00eda tener. Es la llamada crisis de crecimiento que generalmente sucede [&hellip;]<\/p>\n","protected":false},"author":1,"featured_media":0,"comment_status":"open","ping_status":"open","sticky":false,"template":"","format":"standard","meta":{"_bbp_topic_count":0,"_bbp_reply_count":0,"_bbp_total_topic_count":0,"_bbp_total_reply_count":0,"_bbp_voice_count":0,"_bbp_anonymous_reply_count":0,"_bbp_topic_count_hidden":0,"_bbp_reply_count_hidden":0,"_bbp_forum_subforum_count":0,"footnotes":""},"categories":[33],"tags":[],"class_list":{"0":"post-292273","1":"post","2":"type-post","3":"status-publish","4":"format-standard","6":"category-opinion"},"_links":{"self":[{"href":"https:\/\/primermomento.com\/index.php?rest_route=\/wp\/v2\/posts\/292273","targetHints":{"allow":["GET"]}}],"collection":[{"href":"https:\/\/primermomento.com\/index.php?rest_route=\/wp\/v2\/posts"}],"about":[{"href":"https:\/\/primermomento.com\/index.php?rest_route=\/wp\/v2\/types\/post"}],"author":[{"embeddable":true,"href":"https:\/\/primermomento.com\/index.php?rest_route=\/wp\/v2\/users\/1"}],"replies":[{"embeddable":true,"href":"https:\/\/primermomento.com\/index.php?rest_route=%2Fwp%2Fv2%2Fcomments&post=292273"}],"version-history":[{"count":0,"href":"https:\/\/primermomento.com\/index.php?rest_route=\/wp\/v2\/posts\/292273\/revisions"}],"wp:attachment":[{"href":"https:\/\/primermomento.com\/index.php?rest_route=%2Fwp%2Fv2%2Fmedia&parent=292273"}],"wp:term":[{"taxonomy":"category","embeddable":true,"href":"https:\/\/primermomento.com\/index.php?rest_route=%2Fwp%2Fv2%2Fcategories&post=292273"},{"taxonomy":"post_tag","embeddable":true,"href":"https:\/\/primermomento.com\/index.php?rest_route=%2Fwp%2Fv2%2Ftags&post=292273"}],"curies":[{"name":"wp","href":"https:\/\/api.w.org\/{rel}","templated":true}]}}