{"id":292284,"date":"2017-07-26T19:36:00","date_gmt":"2017-07-26T23:36:00","guid":{"rendered":"http:\/\/primermomento.com\/?p=292284"},"modified":"2017-07-27T13:52:02","modified_gmt":"2017-07-27T17:52:02","slug":"expresidente-asegura-fernandez-continua-dialogo-en-venezuela","status":"publish","type":"post","link":"https:\/\/primermomento.com\/?p=292284","title":{"rendered":"Expresidente Fern\u00e1ndez asegura \u00abcontin\u00faa\u00bb di\u00e1logo en Venezuela"},"content":{"rendered":"<p>WASHINGTON, Distrito de Columbia.- El expresidente dominicano Leonel Fern\u00e1ndez, que particip\u00f3 como mediador en Venezuela, asegur\u00f3 hoy que el di\u00e1logo entre el Gobierno y la oposici\u00f3n \u00abcontin\u00faa\u00bb, al tiempo que evit\u00f3 pronunciarse sobre la Asamblea Nacional Constituyente.<\/p>\n<figure id=\"attachment_292285\" aria-describedby=\"caption-attachment-292285\" style=\"width: 300px\" class=\"wp-caption alignright\"><img loading=\"lazy\" decoding=\"async\" class=\"size-medium wp-image-292285\" src=\"http:\/\/primermomento.com\/wp-content\/uploads\/2017\/07\/Leonel-Fern\u00e1ndez2-300x200.jpg\" alt=\"\" width=\"300\" height=\"200\" \/><figcaption id=\"caption-attachment-292285\" class=\"wp-caption-text\">Leonel Fern\u00e1ndez.<\/figcaption><\/figure>\n<p>\u00abYo no puedo pronosticar lo que va a ocurrir en Venezuela, pienso que en Latinoam\u00e9rica y en todo el mundo deseamos una soluci\u00f3n democr\u00e1tica, pac\u00edfica y sostenible al conflicto venezolano\u00bb, dijo hoy Fern\u00e1ndez en declaraciones a periodistas en Washington.<\/p>\n<p>As\u00ed se pronunci\u00f3 tras ser preguntado por la Constituyente que impulsa el Gobierno de Nicol\u00e1s Maduro para cambiar la Carta Magna y que elegir\u00e1 a sus miembros el pr\u00f3ximo 30 de julio.<\/p>\n<p>Fern\u00e1ndez acudi\u00f3 hoy a la OEA para presentar el informe de la misi\u00f3n de observaci\u00f3n electoral que lider\u00f3 en Ecuador durante las elecciones generales del 19 de febrero y la segunda vuelta presidencial del 2 de abril.<\/p>\n<p>Preguntado por si sigue realizando labores de mediaci\u00f3n, como el expresidente espa\u00f1ol Jos\u00e9 Luis Rodr\u00edguez Zapatero, Fern\u00e1ndez explic\u00f3 que \u00e9l lo hac\u00eda \u00abcomo parte de la delegaci\u00f3n de Unasur (Uni\u00f3n de Naciones Suramericanas)\u00bb y que esta alianza no participa en estos momentos \u00abdebido a que algunos pa\u00edses han pedido un receso temporal\u00bb.<\/p>\n<p>\u00abEl di\u00e1logo en Venezuela contin\u00faa, nunca se puede dejar de pensar en que los grandes conflictos solamente se resuelven con grandes negociaciones, en la medida en que un conflicto escala, toma mayor dimensi\u00f3n, m\u00e1s necesaria se hace la negociaci\u00f3n y el di\u00e1logo\u00bb, dijo.<\/p>\n<p>\u00abDesde hace 19 meses que me correspondi\u00f3 encabezar la observaci\u00f3n electoral por Unasur, ha habido contactos y encuentros entre distintas fuerzas para tratar de encontrar una soluci\u00f3n pac\u00edfica\u00bb, agreg\u00f3.<\/p>\n<p>Fern\u00e1ndez, Rodr\u00edguez Zapatero y el expresidente paname\u00f1o Mart\u00edn Torrijos actuaron como mediadores entre el Gobierno de Maduro y la alianza de partidos opositores Mesa de la Unidad Democr\u00e1tica (MUD) durante unas conversaciones que se instalaron a fines de 2016.<\/p>\n<p>Esos di\u00e1logos se suspendieron luego de que los opositores acusaran al Gobierno de haber incumplido los acuerdos a los que hab\u00edan llegado, y que inclu\u00edan un calendario electoral, la liberaci\u00f3n de los pol\u00edticos encarcelados, y la apertura de un canal humanitario.<\/p>\n<p>Rodr\u00edguez Zapatero, sin embargo, ha continuado viajando a Caracas para intentar retomar los encuentros.<\/p>\n<p>El expresidente dominicano no se pronunci\u00f3 sobre la declaraci\u00f3n que hoy emitieron en la OEA trece pa\u00edses para exigir a Maduro que suspenda la Constituyente, al considerar que esta iniciativa \u00abimplicar\u00eda el desmantelamiento definitivo de la institucionalidad democr\u00e1tica\u00bb.<\/p>\n<p>El texto lo suscriben Argentina, Brasil, Canad\u00e1, Chile, Colombia, Costa Rica, EE.UU., Guatemala, Honduras, M\u00e9xico, Panam\u00e1, Paraguay y Per\u00fa.<\/p>\n<p>El 30 de julio, los venezolanos est\u00e1n convocados a las urnas para elegir a los m\u00e1s de 500 miembros de una Asamblea Nacional Constituyente que redactar\u00e1n una nueva Constituci\u00f3n y que tendr\u00e1n facultades para reordenar el Estado sin que nadie pueda oponerse.<\/p>\n<p>La oposici\u00f3n venezolana, que se ha negado a participar en la consulta, ha promovido para esta misma semana una serie de actividades que buscar\u00e1n ponerle freno.<\/p>\n<p>Venezuela vive desde abril una oleada de protestas, algunas de las cuales se han tornado violentas y se han saldado con 100 muertos y m\u00e1s de mil detenidos.<\/p>\n<p style=\"text-align: right;\"><span style=\"color: #ff0000;\"><em>EFE<\/em><\/span><\/p>\n<p>&nbsp;<\/p>\n","protected":false},"excerpt":{"rendered":"<p>WASHINGTON, Distrito de Columbia.- El expresidente dominicano Leonel Fern\u00e1ndez, que particip\u00f3 como mediador en Venezuela, asegur\u00f3 hoy que el di\u00e1logo entre el Gobierno y la oposici\u00f3n \u00abcontin\u00faa\u00bb, al tiempo que evit\u00f3 pronunciarse sobre la Asamblea Nacional Constituyente. \u00abYo no puedo pronosticar lo que va a ocurrir en Venezuela, pienso que en Latinoam\u00e9rica y en todo [&hellip;]<\/p>\n","protected":false},"author":1,"featured_media":0,"comment_status":"open","ping_status":"open","sticky":false,"template":"","format":"standard","meta":{"_bbp_topic_count":0,"_bbp_reply_count":0,"_bbp_total_topic_count":0,"_bbp_total_reply_count":0,"_bbp_voice_count":0,"_bbp_anonymous_reply_count":0,"_bbp_topic_count_hidden":0,"_bbp_reply_count_hidden":0,"_bbp_forum_subforum_count":0,"footnotes":""},"categories":[60,31],"tags":[],"class_list":{"0":"post-292284","1":"post","2":"type-post","3":"status-publish","4":"format-standard","6":"category-titulares-del-dia","7":"category-estados-unidos"},"_links":{"self":[{"href":"https:\/\/primermomento.com\/index.php?rest_route=\/wp\/v2\/posts\/292284","targetHints":{"allow":["GET"]}}],"collection":[{"href":"https:\/\/primermomento.com\/index.php?rest_route=\/wp\/v2\/posts"}],"about":[{"href":"https:\/\/primermomento.com\/index.php?rest_route=\/wp\/v2\/types\/post"}],"author":[{"embeddable":true,"href":"https:\/\/primermomento.com\/index.php?rest_route=\/wp\/v2\/users\/1"}],"replies":[{"embeddable":true,"href":"https:\/\/primermomento.com\/index.php?rest_route=%2Fwp%2Fv2%2Fcomments&post=292284"}],"version-history":[{"count":0,"href":"https:\/\/primermomento.com\/index.php?rest_route=\/wp\/v2\/posts\/292284\/revisions"}],"wp:attachment":[{"href":"https:\/\/primermomento.com\/index.php?rest_route=%2Fwp%2Fv2%2Fmedia&parent=292284"}],"wp:term":[{"taxonomy":"category","embeddable":true,"href":"https:\/\/primermomento.com\/index.php?rest_route=%2Fwp%2Fv2%2Fcategories&post=292284"},{"taxonomy":"post_tag","embeddable":true,"href":"https:\/\/primermomento.com\/index.php?rest_route=%2Fwp%2Fv2%2Ftags&post=292284"}],"curies":[{"name":"wp","href":"https:\/\/api.w.org\/{rel}","templated":true}]}}