{"id":292291,"date":"2017-07-26T18:37:20","date_gmt":"2017-07-26T22:37:20","guid":{"rendered":"http:\/\/primermomento.com\/?p=292291"},"modified":"2017-07-27T07:48:17","modified_gmt":"2017-07-27T11:48:17","slug":"13-paises-de-la-oea-exigen-a-maduro-suspender-constituyente","status":"publish","type":"post","link":"https:\/\/primermomento.com\/?p=292291","title":{"rendered":"13 pa\u00edses de la OEA exigen a Maduro suspender Constituyente"},"content":{"rendered":"<p>WASHINGTON, Distrito de Columbia.- El Consejo permanente de la Organizaci\u00f3n de Estados Americanos se reuni\u00f3 este mi\u00e9rcoles expresando su \u00abprofunda preocupaci\u00f3n\u00bb por la crisis en Venezuela, bas\u00e1ndose en el art\u00edculo 20 de la Carta Democr\u00e1tica Interamericana.<\/p>\n<figure id=\"attachment_292292\" aria-describedby=\"caption-attachment-292292\" style=\"width: 300px\" class=\"wp-caption alignleft\"><img loading=\"lazy\" decoding=\"async\" class=\"size-medium wp-image-292292\" src=\"http:\/\/primermomento.com\/wp-content\/uploads\/2017\/07\/diplomaticos-reunidos-oea-300x169.jpg\" alt=\"\" width=\"300\" height=\"169\" srcset=\"https:\/\/primermomento.com\/wp-content\/uploads\/2017\/07\/diplomaticos-reunidos-oea-300x169.jpg 300w, https:\/\/primermomento.com\/wp-content\/uploads\/2017\/07\/diplomaticos-reunidos-oea-768x432.jpg 768w, https:\/\/primermomento.com\/wp-content\/uploads\/2017\/07\/diplomaticos-reunidos-oea-478x270.jpg 478w, https:\/\/primermomento.com\/wp-content\/uploads\/2017\/07\/diplomaticos-reunidos-oea-500x281.jpg 500w, https:\/\/primermomento.com\/wp-content\/uploads\/2017\/07\/diplomaticos-reunidos-oea-280x157.jpg 280w, https:\/\/primermomento.com\/wp-content\/uploads\/2017\/07\/diplomaticos-reunidos-oea-638x359.jpg 638w, https:\/\/primermomento.com\/wp-content\/uploads\/2017\/07\/diplomaticos-reunidos-oea-118x66.jpg 118w, https:\/\/primermomento.com\/wp-content\/uploads\/2017\/07\/diplomaticos-reunidos-oea-479x269.jpg 479w, https:\/\/primermomento.com\/wp-content\/uploads\/2017\/07\/diplomaticos-reunidos-oea.jpg 1023w\" sizes=\"auto, (max-width: 300px) 100vw, 300px\" \/><figcaption id=\"caption-attachment-292292\" class=\"wp-caption-text\">Desde las 11:00 a.m. en el Sal\u00f3n Sim\u00f3n Bol\u00edvar en Washington, se reunieron los diplom\u00e1ticos de la Organizaci\u00f3n de Estados Americanos para tratar la crisis de Venezuela.<\/figcaption><\/figure>\n<p>A trav\u00e9s de un comunicado el organismo le pidi\u00f3 al Gobierno de Maduro, suspender la Constituyente, argumentando :\u00bbque implicar\u00eda el desmantelamiento definitivo de la institucionalidad democr\u00e1tica y ser\u00eda contrario a la voluntad popular expresada en la consulta del 16 de julio\u00bb.<\/p>\n<p>La declaraci\u00f3n la suscribieron los gobiernos de Panam\u00e1, Argentina, Brasil, Canad\u00e1, Chile, Colombia, Costa Rica, EE.UU., Guatemala, Honduras, M\u00e9xico, Paraguay y Per\u00fa.<\/p>\n<p>Previo al encuentro, el Gobierno de Cuba rechaz\u00f3 ser parte de una presunta mediaci\u00f3n para encontrar una salida al conflicto en Venezuela y reiter\u00f3 su apoyo a Maduro, a quien considera un aliado ideol\u00f3gico.<\/p>\n<p>El documento firmado por 13 pa\u00edses de la OEA insiste en la \u00abimportancia de establecer lo antes posible un grupo u otro mecanismo de facilitaci\u00f3n para apoyar un proceso de di\u00e1logo y negociaci\u00f3n entre el Gobierno y la oposici\u00f3n\u00bb.<\/p>\n<p>Los pa\u00edses adem\u00e1s hicieron un llamado urgente al \u00abrespeto absoluto de los derechos humanos y del orden constitucional, incluyendo la separaci\u00f3n de poderes y en este sentido condenamos el ataque a la Asamblea Nacional y otros actos de violencia\u00bb.<\/p>\n<p>M\u00e1s temprano, el Secretario General de la OEA, Luis Almagro, se reuni\u00f3 con el Magistrado Venezolano Alejandro Rebolledo, con el que seg\u00fan inform\u00f3 a trav\u00e9s de su cuenta de Twitter, dialog\u00f3 sobre los desaf\u00edos para recobrar la institucionalidad y Estado de Derecho en Venezuela y de \u00absituaci\u00f3n de magistrados juramentados por la Asamblea de de Venezuela y que ahora est\u00e1n detenidos o pr\u00f3fugos de represi\u00f3n\u00bb.<\/p>\n<p style=\"text-align: right;\"><span style=\"color: #ff0000;\"><em>VOANEWS<\/em><\/span><\/p>\n","protected":false},"excerpt":{"rendered":"<p>WASHINGTON, Distrito de Columbia.- El Consejo permanente de la Organizaci\u00f3n de Estados Americanos se reuni\u00f3 este mi\u00e9rcoles expresando su \u00abprofunda preocupaci\u00f3n\u00bb por la crisis en Venezuela, bas\u00e1ndose en el art\u00edculo 20 de la Carta Democr\u00e1tica Interamericana. A trav\u00e9s de un comunicado el organismo le pidi\u00f3 al Gobierno de Maduro, suspender la Constituyente, argumentando :\u00bbque implicar\u00eda [&hellip;]<\/p>\n","protected":false},"author":1,"featured_media":0,"comment_status":"open","ping_status":"open","sticky":false,"template":"","format":"standard","meta":{"_bbp_topic_count":0,"_bbp_reply_count":0,"_bbp_total_topic_count":0,"_bbp_total_reply_count":0,"_bbp_voice_count":0,"_bbp_anonymous_reply_count":0,"_bbp_topic_count_hidden":0,"_bbp_reply_count_hidden":0,"_bbp_forum_subforum_count":0,"footnotes":""},"categories":[60,31],"tags":[],"class_list":{"0":"post-292291","1":"post","2":"type-post","3":"status-publish","4":"format-standard","6":"category-titulares-del-dia","7":"category-estados-unidos"},"_links":{"self":[{"href":"https:\/\/primermomento.com\/index.php?rest_route=\/wp\/v2\/posts\/292291","targetHints":{"allow":["GET"]}}],"collection":[{"href":"https:\/\/primermomento.com\/index.php?rest_route=\/wp\/v2\/posts"}],"about":[{"href":"https:\/\/primermomento.com\/index.php?rest_route=\/wp\/v2\/types\/post"}],"author":[{"embeddable":true,"href":"https:\/\/primermomento.com\/index.php?rest_route=\/wp\/v2\/users\/1"}],"replies":[{"embeddable":true,"href":"https:\/\/primermomento.com\/index.php?rest_route=%2Fwp%2Fv2%2Fcomments&post=292291"}],"version-history":[{"count":0,"href":"https:\/\/primermomento.com\/index.php?rest_route=\/wp\/v2\/posts\/292291\/revisions"}],"wp:attachment":[{"href":"https:\/\/primermomento.com\/index.php?rest_route=%2Fwp%2Fv2%2Fmedia&parent=292291"}],"wp:term":[{"taxonomy":"category","embeddable":true,"href":"https:\/\/primermomento.com\/index.php?rest_route=%2Fwp%2Fv2%2Fcategories&post=292291"},{"taxonomy":"post_tag","embeddable":true,"href":"https:\/\/primermomento.com\/index.php?rest_route=%2Fwp%2Fv2%2Ftags&post=292291"}],"curies":[{"name":"wp","href":"https:\/\/api.w.org\/{rel}","templated":true}]}}