{"id":292294,"date":"2017-07-26T20:08:36","date_gmt":"2017-07-27T00:08:36","guid":{"rendered":"http:\/\/primermomento.com\/?p=292294"},"modified":"2017-07-26T20:08:36","modified_gmt":"2017-07-27T00:08:36","slug":"bani-demandan-cese-de-extraccion-de-materiales","status":"publish","type":"post","link":"https:\/\/primermomento.com\/?p=292294","title":{"rendered":"BAN\u00cd | Demandan cese de extracci\u00f3n de materiales"},"content":{"rendered":"<p>BAN\u00cd, Rep\u00fablica Dominicana.- Residentes del distrito municipal de Santana, protestaron por el cese de la extracci\u00f3n de materiales de construcci\u00f3n y demandaron terminar con la contaminaci\u00f3n s\u00f3nica causado por el tr\u00e1nsito de veh\u00edculos pesados.<\/p>\n<p><img loading=\"lazy\" decoding=\"async\" class=\"size-medium wp-image-292295 alignright\" src=\"http:\/\/primermomento.com\/wp-content\/uploads\/2017\/07\/grancera-santana-300x153.jpg\" alt=\"\" width=\"300\" height=\"153\" srcset=\"https:\/\/primermomento.com\/wp-content\/uploads\/2017\/07\/grancera-santana-300x153.jpg 300w, https:\/\/primermomento.com\/wp-content\/uploads\/2017\/07\/grancera-santana-768x393.jpg 768w, https:\/\/primermomento.com\/wp-content\/uploads\/2017\/07\/grancera-santana-500x256.jpg 500w, https:\/\/primermomento.com\/wp-content\/uploads\/2017\/07\/grancera-santana-280x143.jpg 280w, https:\/\/primermomento.com\/wp-content\/uploads\/2017\/07\/grancera-santana-638x326.jpg 638w, https:\/\/primermomento.com\/wp-content\/uploads\/2017\/07\/grancera-santana-118x60.jpg 118w, https:\/\/primermomento.com\/wp-content\/uploads\/2017\/07\/grancera-santana-479x245.jpg 479w, https:\/\/primermomento.com\/wp-content\/uploads\/2017\/07\/grancera-santana.jpg 860w\" sizes=\"auto, (max-width: 300px) 100vw, 300px\" \/>Los manifestantes de Santana obstaculizaron la v\u00eda que da acceso a la grancera Cantera del Tr\u00f3pico, y pidieron el asfaltado de la calle que comunica con la empresa explotadora porque la misma genera polvo que podr\u00eda causar enfermedades respiratorias.<\/p>\n<p>La poblaci\u00f3n record\u00f3 un acuerdo que lleg\u00f3 con la compa\u00f1\u00eda, pero esta no ha cumplido con lo pactado.<\/p>\n<p>El alcalde de Santana, Israel Arias, se present\u00f3 al lugar de la protesta y logr\u00f3 restablecer el orden, tras llegar a un entendimiento con los residentes del lugar y representantes de la grancera Cantera del Tr\u00f3pico.<\/p>\n<p style=\"text-align: right;\"><span style=\"color: #ff0000;\">Primer<\/span>Momento<\/p>\n<p>&nbsp;<\/p>\n","protected":false},"excerpt":{"rendered":"<p>BAN\u00cd, Rep\u00fablica Dominicana.- Residentes del distrito municipal de Santana, protestaron por el cese de la extracci\u00f3n de materiales de construcci\u00f3n y demandaron terminar con la contaminaci\u00f3n s\u00f3nica causado por el tr\u00e1nsito de veh\u00edculos pesados. Los manifestantes de Santana obstaculizaron la v\u00eda que da acceso a la grancera Cantera del Tr\u00f3pico, y pidieron el asfaltado de [&hellip;]<\/p>\n","protected":false},"author":1,"featured_media":0,"comment_status":"open","ping_status":"open","sticky":false,"template":"","format":"standard","meta":{"_bbp_topic_count":0,"_bbp_reply_count":0,"_bbp_total_topic_count":0,"_bbp_total_reply_count":0,"_bbp_voice_count":0,"_bbp_anonymous_reply_count":0,"_bbp_topic_count_hidden":0,"_bbp_reply_count_hidden":0,"_bbp_forum_subforum_count":0,"footnotes":""},"categories":[30,60],"tags":[],"class_list":{"0":"post-292294","1":"post","2":"type-post","3":"status-publish","4":"format-standard","6":"category-actualidad","7":"category-titulares-del-dia"},"_links":{"self":[{"href":"https:\/\/primermomento.com\/index.php?rest_route=\/wp\/v2\/posts\/292294","targetHints":{"allow":["GET"]}}],"collection":[{"href":"https:\/\/primermomento.com\/index.php?rest_route=\/wp\/v2\/posts"}],"about":[{"href":"https:\/\/primermomento.com\/index.php?rest_route=\/wp\/v2\/types\/post"}],"author":[{"embeddable":true,"href":"https:\/\/primermomento.com\/index.php?rest_route=\/wp\/v2\/users\/1"}],"replies":[{"embeddable":true,"href":"https:\/\/primermomento.com\/index.php?rest_route=%2Fwp%2Fv2%2Fcomments&post=292294"}],"version-history":[{"count":0,"href":"https:\/\/primermomento.com\/index.php?rest_route=\/wp\/v2\/posts\/292294\/revisions"}],"wp:attachment":[{"href":"https:\/\/primermomento.com\/index.php?rest_route=%2Fwp%2Fv2%2Fmedia&parent=292294"}],"wp:term":[{"taxonomy":"category","embeddable":true,"href":"https:\/\/primermomento.com\/index.php?rest_route=%2Fwp%2Fv2%2Fcategories&post=292294"},{"taxonomy":"post_tag","embeddable":true,"href":"https:\/\/primermomento.com\/index.php?rest_route=%2Fwp%2Fv2%2Ftags&post=292294"}],"curies":[{"name":"wp","href":"https:\/\/api.w.org\/{rel}","templated":true}]}}