{"id":292297,"date":"2017-07-26T20:21:33","date_gmt":"2017-07-27T00:21:33","guid":{"rendered":"http:\/\/primermomento.com\/?p=292297"},"modified":"2017-07-26T20:21:46","modified_gmt":"2017-07-27T00:21:46","slug":"bani-minambiente-reforesta-area-protegida-de-las-dunas","status":"publish","type":"post","link":"https:\/\/primermomento.com\/?p=292297","title":{"rendered":"BAN\u00cd | MinAmbiente reforest\u00f3 \u00e1rea protegida de Las Dunas"},"content":{"rendered":"<p>BAN\u00cd, Rep\u00fablica Dominicana.- La Direcci\u00f3n Provincial del Ministerio de Medio Ambiente y Recursos Naturales implement\u00f3 una jornada de reforestaci\u00f3n en un per\u00edmetro de las Dunas, en ocasi\u00f3n del D\u00eda Internacional de la Defensa del Manglar.<\/p>\n<p><img loading=\"lazy\" decoding=\"async\" class=\"size-medium wp-image-292298 alignright\" src=\"http:\/\/primermomento.com\/wp-content\/uploads\/2017\/07\/reforestan-las-dunas-300x153.jpg\" alt=\"\" width=\"300\" height=\"153\" srcset=\"https:\/\/primermomento.com\/wp-content\/uploads\/2017\/07\/reforestan-las-dunas-300x153.jpg 300w, https:\/\/primermomento.com\/wp-content\/uploads\/2017\/07\/reforestan-las-dunas-768x393.jpg 768w, https:\/\/primermomento.com\/wp-content\/uploads\/2017\/07\/reforestan-las-dunas-500x256.jpg 500w, https:\/\/primermomento.com\/wp-content\/uploads\/2017\/07\/reforestan-las-dunas-280x143.jpg 280w, https:\/\/primermomento.com\/wp-content\/uploads\/2017\/07\/reforestan-las-dunas-638x326.jpg 638w, https:\/\/primermomento.com\/wp-content\/uploads\/2017\/07\/reforestan-las-dunas-118x60.jpg 118w, https:\/\/primermomento.com\/wp-content\/uploads\/2017\/07\/reforestan-las-dunas-479x245.jpg 479w, https:\/\/primermomento.com\/wp-content\/uploads\/2017\/07\/reforestan-las-dunas.jpg 860w\" sizes=\"auto, (max-width: 300px) 100vw, 300px\" \/>Las Dunas, que es zona protegida, ha sido depradada en algunos de sus espacios lo que ha causado da\u00f1os a su flora.<\/p>\n<p>Funcionarios provinciales del citado Ministerio, acompa\u00f1ados de activistas y voluntarios, plantaron varios tipos de manglares.<\/p>\n<p>Al frente del operativo estuvo la directora nacional de rescate de los ecosistemas marinos y costeros del Ministerio de Medio Ambiente y Recursos Naturales, Cristiana de la Rosa.<\/p>\n<p>La oficial ministerial destac\u00f3 la importancia que tiene el ecosistema del manglar, la protecci\u00f3n de la costa, y la zona de anidamiento.<\/p>\n<p>Joaqu\u00edn Bautista, titular de la Direcci\u00f3n Provincial del mencionado Ministerio estuvo presente junto a Samuel Santos, coordinador de reforestaci\u00f3n; Jos\u00e9 Gonz\u00e1lez, coordinador de educaci\u00f3n y \u00c1ngel G\u00f3mez, encargado de \u00e1reas protegidas.<\/p>\n<p style=\"text-align: right;\"><span style=\"color: #ff0000;\">Primer<\/span>Momento<\/p>\n<p>&nbsp;<\/p>\n","protected":false},"excerpt":{"rendered":"<p>BAN\u00cd, Rep\u00fablica Dominicana.- La Direcci\u00f3n Provincial del Ministerio de Medio Ambiente y Recursos Naturales implement\u00f3 una jornada de reforestaci\u00f3n en un per\u00edmetro de las Dunas, en ocasi\u00f3n del D\u00eda Internacional de la Defensa del Manglar. Las Dunas, que es zona protegida, ha sido depradada en algunos de sus espacios lo que ha causado da\u00f1os a [&hellip;]<\/p>\n","protected":false},"author":1,"featured_media":0,"comment_status":"open","ping_status":"open","sticky":false,"template":"","format":"standard","meta":{"_bbp_topic_count":0,"_bbp_reply_count":0,"_bbp_total_topic_count":0,"_bbp_total_reply_count":0,"_bbp_voice_count":0,"_bbp_anonymous_reply_count":0,"_bbp_topic_count_hidden":0,"_bbp_reply_count_hidden":0,"_bbp_forum_subforum_count":0,"footnotes":""},"categories":[30,60],"tags":[],"class_list":{"0":"post-292297","1":"post","2":"type-post","3":"status-publish","4":"format-standard","6":"category-actualidad","7":"category-titulares-del-dia"},"_links":{"self":[{"href":"https:\/\/primermomento.com\/index.php?rest_route=\/wp\/v2\/posts\/292297","targetHints":{"allow":["GET"]}}],"collection":[{"href":"https:\/\/primermomento.com\/index.php?rest_route=\/wp\/v2\/posts"}],"about":[{"href":"https:\/\/primermomento.com\/index.php?rest_route=\/wp\/v2\/types\/post"}],"author":[{"embeddable":true,"href":"https:\/\/primermomento.com\/index.php?rest_route=\/wp\/v2\/users\/1"}],"replies":[{"embeddable":true,"href":"https:\/\/primermomento.com\/index.php?rest_route=%2Fwp%2Fv2%2Fcomments&post=292297"}],"version-history":[{"count":0,"href":"https:\/\/primermomento.com\/index.php?rest_route=\/wp\/v2\/posts\/292297\/revisions"}],"wp:attachment":[{"href":"https:\/\/primermomento.com\/index.php?rest_route=%2Fwp%2Fv2%2Fmedia&parent=292297"}],"wp:term":[{"taxonomy":"category","embeddable":true,"href":"https:\/\/primermomento.com\/index.php?rest_route=%2Fwp%2Fv2%2Fcategories&post=292297"},{"taxonomy":"post_tag","embeddable":true,"href":"https:\/\/primermomento.com\/index.php?rest_route=%2Fwp%2Fv2%2Ftags&post=292297"}],"curies":[{"name":"wp","href":"https:\/\/api.w.org\/{rel}","templated":true}]}}