{"id":292301,"date":"2017-07-26T20:37:23","date_gmt":"2017-07-27T00:37:23","guid":{"rendered":"http:\/\/primermomento.com\/?p=292301"},"modified":"2017-07-26T20:37:23","modified_gmt":"2017-07-27T00:37:23","slug":"bani-crater-enorme-se-traga-comunidad-de-galeon","status":"publish","type":"post","link":"https:\/\/primermomento.com\/?p=292301","title":{"rendered":"BAN\u00cd | Crater enorme se traga comunidad de Gale\u00f3n"},"content":{"rendered":"<p>BAN\u00cd, Rep\u00fablica Dominicana.- Varias empresas de extracci\u00f3n de materiales de construcci\u00f3n, han estado explotando sin control una extensa \u00e1rea de la comunidad de Gale\u00f3n, al oeste del municipio.<\/p>\n<p><img loading=\"lazy\" decoding=\"async\" class=\"size-medium wp-image-292302 alignleft\" src=\"http:\/\/primermomento.com\/wp-content\/uploads\/2017\/07\/granceras-galeon-300x169.jpg\" alt=\"\" width=\"300\" height=\"169\" srcset=\"https:\/\/primermomento.com\/wp-content\/uploads\/2017\/07\/granceras-galeon-300x169.jpg 300w, https:\/\/primermomento.com\/wp-content\/uploads\/2017\/07\/granceras-galeon-280x158.jpg 280w, https:\/\/primermomento.com\/wp-content\/uploads\/2017\/07\/granceras-galeon-118x66.jpg 118w, https:\/\/primermomento.com\/wp-content\/uploads\/2017\/07\/granceras-galeon.jpg 432w\" sizes=\"auto, (max-width: 300px) 100vw, 300px\" \/>Alarmados por el enorme crater o profundo hueco territorial, los habitantes de Gale\u00f3n dicen que est\u00e1n profundamente preocupados por la gran cantidad de m\u00e1quinas y el desplazamiento de veh\u00edculos pesados.<\/p>\n<p>Predios agr\u00edcolas, que estaban sembradas de frutas han permitido en el lugar la extracci\u00f3n de materiales para la construcci\u00f3n.<\/p>\n<p>Se ha denunciado la existencia de granceras cuyas explotaciones han causado grandes da\u00f1os al medio ambiente sin que las autoridades competentes emprendan acciones para detener esa indiscriminada depradaci\u00f3n.<\/p>\n<p style=\"text-align: right;\"><span style=\"color: #ff0000;\">Primer<\/span>Momento<\/p>\n","protected":false},"excerpt":{"rendered":"<p>BAN\u00cd, Rep\u00fablica Dominicana.- Varias empresas de extracci\u00f3n de materiales de construcci\u00f3n, han estado explotando sin control una extensa \u00e1rea de la comunidad de Gale\u00f3n, al oeste del municipio. Alarmados por el enorme crater o profundo hueco territorial, los habitantes de Gale\u00f3n dicen que est\u00e1n profundamente preocupados por la gran cantidad de m\u00e1quinas y el desplazamiento [&hellip;]<\/p>\n","protected":false},"author":1,"featured_media":0,"comment_status":"open","ping_status":"open","sticky":false,"template":"","format":"standard","meta":{"_bbp_topic_count":0,"_bbp_reply_count":0,"_bbp_total_topic_count":0,"_bbp_total_reply_count":0,"_bbp_voice_count":0,"_bbp_anonymous_reply_count":0,"_bbp_topic_count_hidden":0,"_bbp_reply_count_hidden":0,"_bbp_forum_subforum_count":0,"footnotes":""},"categories":[30,60],"tags":[],"class_list":{"0":"post-292301","1":"post","2":"type-post","3":"status-publish","4":"format-standard","6":"category-actualidad","7":"category-titulares-del-dia"},"_links":{"self":[{"href":"https:\/\/primermomento.com\/index.php?rest_route=\/wp\/v2\/posts\/292301","targetHints":{"allow":["GET"]}}],"collection":[{"href":"https:\/\/primermomento.com\/index.php?rest_route=\/wp\/v2\/posts"}],"about":[{"href":"https:\/\/primermomento.com\/index.php?rest_route=\/wp\/v2\/types\/post"}],"author":[{"embeddable":true,"href":"https:\/\/primermomento.com\/index.php?rest_route=\/wp\/v2\/users\/1"}],"replies":[{"embeddable":true,"href":"https:\/\/primermomento.com\/index.php?rest_route=%2Fwp%2Fv2%2Fcomments&post=292301"}],"version-history":[{"count":0,"href":"https:\/\/primermomento.com\/index.php?rest_route=\/wp\/v2\/posts\/292301\/revisions"}],"wp:attachment":[{"href":"https:\/\/primermomento.com\/index.php?rest_route=%2Fwp%2Fv2%2Fmedia&parent=292301"}],"wp:term":[{"taxonomy":"category","embeddable":true,"href":"https:\/\/primermomento.com\/index.php?rest_route=%2Fwp%2Fv2%2Fcategories&post=292301"},{"taxonomy":"post_tag","embeddable":true,"href":"https:\/\/primermomento.com\/index.php?rest_route=%2Fwp%2Fv2%2Ftags&post=292301"}],"curies":[{"name":"wp","href":"https:\/\/api.w.org\/{rel}","templated":true}]}}