{"id":292304,"date":"2017-07-26T20:52:09","date_gmt":"2017-07-27T00:52:09","guid":{"rendered":"http:\/\/primermomento.com\/?p=292304"},"modified":"2017-07-26T20:52:09","modified_gmt":"2017-07-27T00:52:09","slug":"bani-advierten-sobre-uso-y-manejo-de-agua-potable","status":"publish","type":"post","link":"https:\/\/primermomento.com\/?p=292304","title":{"rendered":"BAN\u00cd | Advierten sobre uso y manejo de agua potable"},"content":{"rendered":"<p>BAN\u00cd, Rep\u00fablica Dominicana.- Monse\u00f1or V\u00edctor Massalles Pere, obispo de la Di\u00f3cesis de Ban\u00ed, invit\u00f3 a distintas organizaciones comunitarias para que escucharan acerca del buen uso que debe d\u00e1rsele al agua que es almacenada en la presa de Valdesia y suministrada al acueducto m\u00faltiple de la provincia Peravia.<\/p>\n<p><img loading=\"lazy\" decoding=\"async\" class=\"size-medium wp-image-292305 alignleft\" src=\"http:\/\/primermomento.com\/wp-content\/uploads\/2017\/07\/reunion-agua-300x153.jpg\" alt=\"\" width=\"300\" height=\"153\" srcset=\"https:\/\/primermomento.com\/wp-content\/uploads\/2017\/07\/reunion-agua-300x153.jpg 300w, https:\/\/primermomento.com\/wp-content\/uploads\/2017\/07\/reunion-agua-768x393.jpg 768w, https:\/\/primermomento.com\/wp-content\/uploads\/2017\/07\/reunion-agua-500x256.jpg 500w, https:\/\/primermomento.com\/wp-content\/uploads\/2017\/07\/reunion-agua-280x143.jpg 280w, https:\/\/primermomento.com\/wp-content\/uploads\/2017\/07\/reunion-agua-638x326.jpg 638w, https:\/\/primermomento.com\/wp-content\/uploads\/2017\/07\/reunion-agua-118x60.jpg 118w, https:\/\/primermomento.com\/wp-content\/uploads\/2017\/07\/reunion-agua-479x245.jpg 479w, https:\/\/primermomento.com\/wp-content\/uploads\/2017\/07\/reunion-agua.jpg 860w\" sizes=\"auto, (max-width: 300px) 100vw, 300px\" \/>Los t\u00e9cnicos Gilberto Reynoso y Jos\u00e9 Manuel Armentero R\u00edos, que intervinieron en la reuni\u00f3n, explicaron sobre el buen manejo de agua.<\/p>\n<p>-El agua de la presa de Valdesia se le da un mal uso -dijo Jos\u00e9 Manuel Armentero R\u00edos.<\/p>\n<p>-No debe ser tomada para lavar veh\u00edculos ni para otras cosas que no sean vitales -subray\u00f3 Gilberto Reynoso.<\/p>\n<p>-El agua que abastece a los acueductos es para el consumo humano, no para otras cosas, ajenas a la misi\u00f3n de llevar el preciado l\u00edquido a la poblaci\u00f3n &#8211; precis\u00f3 Reynoso.<\/p>\n<p>-La presencia de los t\u00e9cnicos aportar\u00e1 una nueva visi\u00f3n sobre el uso y manejo del agua potable, para crear planes encaminados a la racionalizaci\u00f3n del preciado l\u00edquido -puntualiz\u00f3 el obispo V\u00edctor Massalles Pere.<\/p>\n<p>Asistieron a la reuni\u00f3n el senador por la provincia, Wilton Guerrero, la diputada Mercedes Rodr\u00edguez, la vicealcaldesa, Virtudes Gonz\u00e1lez, las regidoras Carolina D\u00edaz y Mabel Castillo, el concejal Jos\u00e9 Arismendi Tejada, otros funcionarios y dirigentes comunitarios como Tom\u00e1s Arias y V\u00edctor Rodr\u00edguez, de Fudaco.<\/p>\n<p style=\"text-align: right;\"><span style=\"color: #ff0000;\">Primer<\/span>Momento<\/p>\n<p>&nbsp;<\/p>\n","protected":false},"excerpt":{"rendered":"<p>BAN\u00cd, Rep\u00fablica Dominicana.- Monse\u00f1or V\u00edctor Massalles Pere, obispo de la Di\u00f3cesis de Ban\u00ed, invit\u00f3 a distintas organizaciones comunitarias para que escucharan acerca del buen uso que debe d\u00e1rsele al agua que es almacenada en la presa de Valdesia y suministrada al acueducto m\u00faltiple de la provincia Peravia. Los t\u00e9cnicos Gilberto Reynoso y Jos\u00e9 Manuel Armentero [&hellip;]<\/p>\n","protected":false},"author":1,"featured_media":0,"comment_status":"open","ping_status":"open","sticky":false,"template":"","format":"standard","meta":{"_bbp_topic_count":0,"_bbp_reply_count":0,"_bbp_total_topic_count":0,"_bbp_total_reply_count":0,"_bbp_voice_count":0,"_bbp_anonymous_reply_count":0,"_bbp_topic_count_hidden":0,"_bbp_reply_count_hidden":0,"_bbp_forum_subforum_count":0,"footnotes":""},"categories":[60,32],"tags":[],"class_list":{"0":"post-292304","1":"post","2":"type-post","3":"status-publish","4":"format-standard","6":"category-titulares-del-dia","7":"category-lo-ultimo"},"_links":{"self":[{"href":"https:\/\/primermomento.com\/index.php?rest_route=\/wp\/v2\/posts\/292304","targetHints":{"allow":["GET"]}}],"collection":[{"href":"https:\/\/primermomento.com\/index.php?rest_route=\/wp\/v2\/posts"}],"about":[{"href":"https:\/\/primermomento.com\/index.php?rest_route=\/wp\/v2\/types\/post"}],"author":[{"embeddable":true,"href":"https:\/\/primermomento.com\/index.php?rest_route=\/wp\/v2\/users\/1"}],"replies":[{"embeddable":true,"href":"https:\/\/primermomento.com\/index.php?rest_route=%2Fwp%2Fv2%2Fcomments&post=292304"}],"version-history":[{"count":0,"href":"https:\/\/primermomento.com\/index.php?rest_route=\/wp\/v2\/posts\/292304\/revisions"}],"wp:attachment":[{"href":"https:\/\/primermomento.com\/index.php?rest_route=%2Fwp%2Fv2%2Fmedia&parent=292304"}],"wp:term":[{"taxonomy":"category","embeddable":true,"href":"https:\/\/primermomento.com\/index.php?rest_route=%2Fwp%2Fv2%2Fcategories&post=292304"},{"taxonomy":"post_tag","embeddable":true,"href":"https:\/\/primermomento.com\/index.php?rest_route=%2Fwp%2Fv2%2Ftags&post=292304"}],"curies":[{"name":"wp","href":"https:\/\/api.w.org\/{rel}","templated":true}]}}