{"id":292316,"date":"2017-07-27T07:53:37","date_gmt":"2017-07-27T11:53:37","guid":{"rendered":"http:\/\/primermomento.com\/?p=292316"},"modified":"2017-07-27T07:53:37","modified_gmt":"2017-07-27T11:53:37","slug":"ven-posiciones-encontradas-por-decision-migratoria-en-el-pais","status":"publish","type":"post","link":"https:\/\/primermomento.com\/?p=292316","title":{"rendered":"Ven posiciones encontradas por decisi\u00f3n migratoria en el pa\u00eds"},"content":{"rendered":"<div class=\"fullNewsIntrotext\">SANTO DOMINGO, Rep\u00fablica Dominicana.- Encontradas posiciones prevalecen hoy en torno a la decisi\u00f3n del Consejo Dominicano de Migraci\u00f3n de ampliar por un a\u00f1o la vigencia de los carn\u00e9s expedidos a acogidos al Plan Nacional de Regularizaci\u00f3n de Extranjeros (PNRE).<\/div>\n<div><\/div>\n<div class=\"fullNewsFulltext\"><img loading=\"lazy\" decoding=\"async\" class=\"size-medium wp-image-288525 alignleft\" src=\"http:\/\/primermomento.com\/wp-content\/uploads\/2017\/03\/deportaciones-haitianos-300x200.jpg\" alt=\"\" width=\"300\" height=\"200\" srcset=\"https:\/\/primermomento.com\/wp-content\/uploads\/2017\/03\/deportaciones-haitianos-300x200.jpg 300w, https:\/\/primermomento.com\/wp-content\/uploads\/2017\/03\/deportaciones-haitianos-73x50.jpg 73w, https:\/\/primermomento.com\/wp-content\/uploads\/2017\/03\/deportaciones-haitianos-500x333.jpg 500w, https:\/\/primermomento.com\/wp-content\/uploads\/2017\/03\/deportaciones-haitianos-280x186.jpg 280w, https:\/\/primermomento.com\/wp-content\/uploads\/2017\/03\/deportaciones-haitianos-60x40.jpg 60w, https:\/\/primermomento.com\/wp-content\/uploads\/2017\/03\/deportaciones-haitianos-118x79.jpg 118w, https:\/\/primermomento.com\/wp-content\/uploads\/2017\/03\/deportaciones-haitianos-479x319.jpg 479w, https:\/\/primermomento.com\/wp-content\/uploads\/2017\/03\/deportaciones-haitianos.jpg 580w\" sizes=\"auto, (max-width: 300px) 100vw, 300px\" \/>La medida favorece fundamentalmente a los ilegales haitianos que conforman la inmensa mayor\u00eda de los inmigrantes y que por falta de papeles o de recursos no han podido legalizar su situaci\u00f3n.<\/p>\n<p>El coordinador del Observatorio de Derechos Humanos Para Grupos Vulnerables, Juan Francisco Vargas, salud\u00f3 la pr\u00f3rroga pero aclar\u00f3 que continuar\u00e1n vigilando para que no se violen los derechos de los inmigrantes.<\/p>\n<p>El diputado Radham\u00e9s Camacho, del oficialista Partido de la Liberaci\u00f3n Dominicana (PLD), calific\u00f3 de correcta la medida anunciada por el ministro de Interior y Polic\u00eda, Carlos Amarante Baret, y exhort\u00f3 a Hait\u00ed a documentar a sus emigrados.<\/p>\n<p>Por su parte el opositor Partido Reformista Social Cristiano (PRSC) critic\u00f3 la extensi\u00f3n del plazo porque a su juicio &#8216;evidencia la ausencia de una pol\u00edtica migratoria del gobierno que ve indolente como los haitianos invaden la naci\u00f3n&#8217;.<\/p>\n<p>Tambi\u00e9n el opositor Partido Revolucionario Moderno (PRM) critic\u00f3 la decisi\u00f3n porque har\u00e1 m\u00e1s costoso el PNRE y pidi\u00f3 a las autoridades detener el flujo de haitianos a Rep\u00fablica Dominicana.<\/p>\n<p>El PNRE fue ejecutado por el Gobierno dominicano entre 2014 y 2015 y durante ese per\u00edodo de inscribieron 249 mil 950 personas, principalmente haitianas, de las cuales apenas un tres por ciento ha regularizado su situaci\u00f3n, seg\u00fan cifras oficiales.<\/p>\n<p>El plazo para completar la entrega de los documentos venci\u00f3 la semana pasada, pero la pr\u00f3rroga decidida por el Consejo Nacional de Migraci\u00f3n dar\u00e1 a los inmigrantes la oportunidad de tener un a\u00f1o m\u00e1s para realizar tr\u00e1mites.<\/p>\n<p>La pr\u00f3rroga de la vigencia de los carn\u00e9s expedidos a extranjeros ocurre sectores ultranacionalistas denuncian una supuesta invasi\u00f3n de haitianos, lo que gener\u00f3 repatriaciones de indocumentados en los \u00faltimos d\u00edas.<\/p><\/div>\n<div><\/div>\n<div style=\"text-align: right;\"><span style=\"color: #ff0000;\"><em>PL<\/em><\/span><\/div>\n","protected":false},"excerpt":{"rendered":"<p>SANTO DOMINGO, Rep\u00fablica Dominicana.- Encontradas posiciones prevalecen hoy en torno a la decisi\u00f3n del Consejo Dominicano de Migraci\u00f3n de ampliar por un a\u00f1o la vigencia de los carn\u00e9s expedidos a acogidos al Plan Nacional de Regularizaci\u00f3n de Extranjeros (PNRE). La medida favorece fundamentalmente a los ilegales haitianos que conforman la inmensa mayor\u00eda de los inmigrantes [&hellip;]<\/p>\n","protected":false},"author":1,"featured_media":0,"comment_status":"open","ping_status":"open","sticky":false,"template":"","format":"standard","meta":{"_bbp_topic_count":0,"_bbp_reply_count":0,"_bbp_total_topic_count":0,"_bbp_total_reply_count":0,"_bbp_voice_count":0,"_bbp_anonymous_reply_count":0,"_bbp_topic_count_hidden":0,"_bbp_reply_count_hidden":0,"_bbp_forum_subforum_count":0,"footnotes":""},"categories":[60,32],"tags":[],"class_list":{"0":"post-292316","1":"post","2":"type-post","3":"status-publish","4":"format-standard","6":"category-titulares-del-dia","7":"category-lo-ultimo"},"_links":{"self":[{"href":"https:\/\/primermomento.com\/index.php?rest_route=\/wp\/v2\/posts\/292316","targetHints":{"allow":["GET"]}}],"collection":[{"href":"https:\/\/primermomento.com\/index.php?rest_route=\/wp\/v2\/posts"}],"about":[{"href":"https:\/\/primermomento.com\/index.php?rest_route=\/wp\/v2\/types\/post"}],"author":[{"embeddable":true,"href":"https:\/\/primermomento.com\/index.php?rest_route=\/wp\/v2\/users\/1"}],"replies":[{"embeddable":true,"href":"https:\/\/primermomento.com\/index.php?rest_route=%2Fwp%2Fv2%2Fcomments&post=292316"}],"version-history":[{"count":0,"href":"https:\/\/primermomento.com\/index.php?rest_route=\/wp\/v2\/posts\/292316\/revisions"}],"wp:attachment":[{"href":"https:\/\/primermomento.com\/index.php?rest_route=%2Fwp%2Fv2%2Fmedia&parent=292316"}],"wp:term":[{"taxonomy":"category","embeddable":true,"href":"https:\/\/primermomento.com\/index.php?rest_route=%2Fwp%2Fv2%2Fcategories&post=292316"},{"taxonomy":"post_tag","embeddable":true,"href":"https:\/\/primermomento.com\/index.php?rest_route=%2Fwp%2Fv2%2Ftags&post=292316"}],"curies":[{"name":"wp","href":"https:\/\/api.w.org\/{rel}","templated":true}]}}