{"id":292318,"date":"2017-07-27T07:58:37","date_gmt":"2017-07-27T11:58:37","guid":{"rendered":"http:\/\/primermomento.com\/?p=292318"},"modified":"2017-07-27T07:58:37","modified_gmt":"2017-07-27T11:58:37","slug":"encierran-por-un-ano-a-narcos-por-cargamento-de-cocaina","status":"publish","type":"post","link":"https:\/\/primermomento.com\/?p=292318","title":{"rendered":"Encierran por un a\u00f1o a narcos por cargamento de coca\u00edna"},"content":{"rendered":"<div class=\"fullNewsIntrotext\">SANTO DOMINGO, Rep\u00fablica Dominicana.- El Juzgado de Atenci\u00f3n Permanente de la provincia Santo Domingo dict\u00f3 un a\u00f1o de prisi\u00f3n preventiva a cuatro sujetos sorprendidos in fraganti con m\u00e1s de una tonelada de coca\u00edna.<\/div>\n<div><\/div>\n<div class=\"fullNewsFulltext\">\n<figure id=\"attachment_277110\" aria-describedby=\"caption-attachment-277110\" style=\"width: 300px\" class=\"wp-caption alignleft\"><img loading=\"lazy\" decoding=\"async\" class=\"size-medium wp-image-277110\" src=\"http:\/\/primermomento.com\/wp-content\/uploads\/2016\/06\/ocupan-droga-dominicana-300x200.jpg\" alt=\"\" width=\"300\" height=\"200\" srcset=\"https:\/\/primermomento.com\/wp-content\/uploads\/2016\/06\/ocupan-droga-dominicana-300x200.jpg 300w, https:\/\/primermomento.com\/wp-content\/uploads\/2016\/06\/ocupan-droga-dominicana-73x50.jpg 73w, https:\/\/primermomento.com\/wp-content\/uploads\/2016\/06\/ocupan-droga-dominicana-500x333.jpg 500w, https:\/\/primermomento.com\/wp-content\/uploads\/2016\/06\/ocupan-droga-dominicana-280x187.jpg 280w, https:\/\/primermomento.com\/wp-content\/uploads\/2016\/06\/ocupan-droga-dominicana-60x40.jpg 60w, https:\/\/primermomento.com\/wp-content\/uploads\/2016\/06\/ocupan-droga-dominicana-638x425.jpg 638w, https:\/\/primermomento.com\/wp-content\/uploads\/2016\/06\/ocupan-droga-dominicana-118x79.jpg 118w, https:\/\/primermomento.com\/wp-content\/uploads\/2016\/06\/ocupan-droga-dominicana-479x319.jpg 479w, https:\/\/primermomento.com\/wp-content\/uploads\/2016\/06\/ocupan-droga-dominicana.jpg 662w\" sizes=\"auto, (max-width: 300px) 100vw, 300px\" \/><figcaption id=\"caption-attachment-277110\" class=\"wp-caption-text\">Dar\u00edo Medrano, portavoz del DNCD, explica sobre la acci\u00f3n policial de decomiso de droga.<\/figcaption><\/figure>\n<p>La medida de coerci\u00f3n fue impuesta a Miguel \u00c1ngel Morla Castro, John Kelly Castillo, H\u00e9ctor Edwin De Le\u00f3n Richardson y Radham\u00e9s S\u00e1nchez S\u00e1nchez, a quienes el s\u00e1bado \u00faltimo se les ocup\u00f3, en flagrante delito, un total de mil 10 paquetes de un kilo de la droga en Boca Chica.<\/p>\n<p>Los acusados van a juicio de fondo por formar parte de una red de narcotr\u00e1fico nacional e internacional que recib\u00eda cargamentos procedentes de Colombia y Venezuela, destinados al mercado de la droga en Estados Unidos y Europa, trascendi\u00f3.<\/p>\n<p>Para ello utilizaban lanchas r\u00e1pidas tipo pesqueras que introduc\u00edan al pa\u00eds por las costas de la regi\u00f3n este, seg\u00fan arroj\u00f3 la investigaci\u00f3n preliminar.<\/p>\n<p>Los procesados fueron interceptados con el estupefaciente por agentes de la Direcci\u00f3n Nacional de Control de Drogas (DNCD).<\/p>\n<p>El tribunal orden\u00f3 que los imputados cumplan la medida de coerci\u00f3n en la Penitenciar\u00eda Nacional de La Victoria en lo que se prepara el juicio definitivo.<\/p><\/div>\n<div><\/div>\n<div style=\"text-align: right;\"><span style=\"color: #ff0000;\"><em>PL<\/em><\/span><\/div>\n","protected":false},"excerpt":{"rendered":"<p>SANTO DOMINGO, Rep\u00fablica Dominicana.- El Juzgado de Atenci\u00f3n Permanente de la provincia Santo Domingo dict\u00f3 un a\u00f1o de prisi\u00f3n preventiva a cuatro sujetos sorprendidos in fraganti con m\u00e1s de una tonelada de coca\u00edna. La medida de coerci\u00f3n fue impuesta a Miguel \u00c1ngel Morla Castro, John Kelly Castillo, H\u00e9ctor Edwin De Le\u00f3n Richardson y Radham\u00e9s S\u00e1nchez [&hellip;]<\/p>\n","protected":false},"author":1,"featured_media":0,"comment_status":"open","ping_status":"open","sticky":false,"template":"","format":"standard","meta":{"_bbp_topic_count":0,"_bbp_reply_count":0,"_bbp_total_topic_count":0,"_bbp_total_reply_count":0,"_bbp_voice_count":0,"_bbp_anonymous_reply_count":0,"_bbp_topic_count_hidden":0,"_bbp_reply_count_hidden":0,"_bbp_forum_subforum_count":0,"footnotes":""},"categories":[30,60],"tags":[],"class_list":{"0":"post-292318","1":"post","2":"type-post","3":"status-publish","4":"format-standard","6":"category-actualidad","7":"category-titulares-del-dia"},"_links":{"self":[{"href":"https:\/\/primermomento.com\/index.php?rest_route=\/wp\/v2\/posts\/292318","targetHints":{"allow":["GET"]}}],"collection":[{"href":"https:\/\/primermomento.com\/index.php?rest_route=\/wp\/v2\/posts"}],"about":[{"href":"https:\/\/primermomento.com\/index.php?rest_route=\/wp\/v2\/types\/post"}],"author":[{"embeddable":true,"href":"https:\/\/primermomento.com\/index.php?rest_route=\/wp\/v2\/users\/1"}],"replies":[{"embeddable":true,"href":"https:\/\/primermomento.com\/index.php?rest_route=%2Fwp%2Fv2%2Fcomments&post=292318"}],"version-history":[{"count":0,"href":"https:\/\/primermomento.com\/index.php?rest_route=\/wp\/v2\/posts\/292318\/revisions"}],"wp:attachment":[{"href":"https:\/\/primermomento.com\/index.php?rest_route=%2Fwp%2Fv2%2Fmedia&parent=292318"}],"wp:term":[{"taxonomy":"category","embeddable":true,"href":"https:\/\/primermomento.com\/index.php?rest_route=%2Fwp%2Fv2%2Fcategories&post=292318"},{"taxonomy":"post_tag","embeddable":true,"href":"https:\/\/primermomento.com\/index.php?rest_route=%2Fwp%2Fv2%2Ftags&post=292318"}],"curies":[{"name":"wp","href":"https:\/\/api.w.org\/{rel}","templated":true}]}}