{"id":292323,"date":"2017-07-26T08:04:57","date_gmt":"2017-07-26T12:04:57","guid":{"rendered":"http:\/\/primermomento.com\/?p=292323"},"modified":"2017-07-27T08:07:57","modified_gmt":"2017-07-27T12:07:57","slug":"hay-interes-en-odebrecht-finanzas-publicas-y-desorden-institucional","status":"publish","type":"post","link":"https:\/\/primermomento.com\/?p=292323","title":{"rendered":"Hay inter\u00e9s en Odebrecht: Finanzas P\u00fablicas y Desorden Institucional\u201d"},"content":{"rendered":"<div id=\"m_7995459054250538566yui_3_16_0_ym19_1_1501120325615_21537\"><span id=\"m_7995459054250538566yui_3_16_0_ym19_1_1501120325615_21540\" lang=\"ES-US\">NUEVA YORK, Nueva York.- Dominicanos residentes en esta ciudad se muestran interesados por la charla \u201cOdebrecht: Finanzas P\u00fablicas y Desorden Institucional\u201d que dictar\u00e1\u00a0 el economista, experto presupuestario y asesor del \u201cMovimiento Verde\u201d, Jos\u00e9 Rijo Presbot, este viernes en Manhattan.<u><\/u><u><\/u><\/span><\/div>\n<div id=\"m_7995459054250538566yui_3_16_0_ym19_1_1501120325615_21542\"><span id=\"m_7995459054250538566yui_3_16_0_ym19_1_1501120325615_21543\" lang=\"ES-US\">\u00a0<u><\/u><u><\/u><\/span><\/div>\n<div id=\"m_7995459054250538566yui_3_16_0_ym19_1_1501120325615_21545\">\n<figure id=\"attachment_292324\" aria-describedby=\"caption-attachment-292324\" style=\"width: 290px\" class=\"wp-caption alignright\"><img loading=\"lazy\" decoding=\"async\" class=\"size-medium wp-image-292324\" src=\"http:\/\/primermomento.com\/wp-content\/uploads\/2017\/07\/Dominicanos-NY-se-interesan-por-charla-Odebrecht-290x300.jpg\" alt=\"\" width=\"290\" height=\"300\" srcset=\"https:\/\/primermomento.com\/wp-content\/uploads\/2017\/07\/Dominicanos-NY-se-interesan-por-charla-Odebrecht-290x300.jpg 290w, https:\/\/primermomento.com\/wp-content\/uploads\/2017\/07\/Dominicanos-NY-se-interesan-por-charla-Odebrecht-212x220.jpg 212w, https:\/\/primermomento.com\/wp-content\/uploads\/2017\/07\/Dominicanos-NY-se-interesan-por-charla-Odebrecht-118x122.jpg 118w, https:\/\/primermomento.com\/wp-content\/uploads\/2017\/07\/Dominicanos-NY-se-interesan-por-charla-Odebrecht-30x30.jpg 30w, https:\/\/primermomento.com\/wp-content\/uploads\/2017\/07\/Dominicanos-NY-se-interesan-por-charla-Odebrecht.jpg 449w\" sizes=\"auto, (max-width: 290px) 100vw, 290px\" \/><figcaption id=\"caption-attachment-292324\" class=\"wp-caption-text\">Radham\u00e9s Garc\u00eda.<\/figcaption><\/figure>\n<p><span id=\"m_7995459054250538566yui_3_16_0_ym19_1_1501120325615_21546\" lang=\"ES-US\">El ingeniero Radham\u00e9s Garc\u00eda, uno de los principales portavoces de \u201cMarcha Verde\u201d en NY, dijo que la misma se ofrecer\u00e1 gratuitamente a las 7:00 de la noche en la Facultad de Leyes de la Universidad de Fordhan, ubicada en\u00a0 el 150 W de la calle 62, entre las avenidas \u00c1msterdan y Colombus.<u><\/u><u><\/u><\/span><\/div>\n<div id=\"m_7995459054250538566yui_3_16_0_ym19_1_1501120325615_21548\"><span id=\"m_7995459054250538566yui_3_16_0_ym19_1_1501120325615_21549\" lang=\"ES-US\">\u00a0<u><\/u><u><\/u><\/span><\/div>\n<div id=\"m_7995459054250538566yui_3_16_0_ym19_1_1501120325615_21551\"><span id=\"m_7995459054250538566yui_3_16_0_ym19_1_1501120325615_21552\" lang=\"ES-US\">Las \u00faltimas declaraciones p\u00fablicas de Rijo Presbot, en el sentido de que\u00a0<\/span><span id=\"m_7995459054250538566yui_3_16_0_ym19_1_1501120325615_21553\" lang=\"ES-US\">la deuda externa del pa\u00eds ha crecido de forma indetenible durante el gobierno de Danilo Medina y que solo en intereses tendr\u00e1 que pagar este a\u00f1o 114 mil millones de pesos, que representa el 22% del Presupuesto, y advirtiendo a la vez que la deuda seguir\u00e1 creciendo y podr\u00eda terminar este a\u00f1o por encima del 52%, ha tra\u00eddo debates entre la comunidad criolla en la urbe.<\/span><span id=\"m_7995459054250538566yui_3_16_0_ym19_1_1501120325615_21554\" lang=\"ES-US\"><u><\/u><u><\/u><\/span><\/div>\n<div id=\"m_7995459054250538566yui_3_16_0_ym19_1_1501120325615_21556\"><span id=\"m_7995459054250538566yui_3_16_0_ym19_1_1501120325615_21557\" lang=\"ES-US\">Precis\u00f3 que \u201cesto no incluye las deudas del sector p\u00fablico financiero, representado por el Banco Central, con tenedores de certificados, que andan por los 470 mil millones de pesos, a\u00f1adi\u00f3.<\/span><span id=\"m_7995459054250538566yui_3_16_0_ym19_1_1501120325615_21558\" lang=\"ES-US\"><u><\/u><u><\/u><\/span><\/div>\n<div id=\"m_7995459054250538566yui_3_16_0_ym19_1_1501120325615_21560\"><span id=\"m_7995459054250538566yui_3_16_0_ym19_1_1501120325615_21561\" lang=\"ES-US\">Expresa que ante la situaci\u00f3n el gobierno est\u00e1 tratando de crear las condiciones para incrementar los impuestos.<\/span><\/div>\n<div><\/div>\n<div style=\"text-align: right;\"><span style=\"color: #ff0000;\">Ram\u00f3n Mercedes<\/span><\/div>\n","protected":false},"excerpt":{"rendered":"<p>NUEVA YORK, Nueva York.- Dominicanos residentes en esta ciudad se muestran interesados por la charla \u201cOdebrecht: Finanzas P\u00fablicas y Desorden Institucional\u201d que dictar\u00e1\u00a0 el economista, experto presupuestario y asesor del \u201cMovimiento Verde\u201d, Jos\u00e9 Rijo Presbot, este viernes en Manhattan. \u00a0 El ingeniero Radham\u00e9s Garc\u00eda, uno de los principales portavoces de \u201cMarcha Verde\u201d en NY, dijo [&hellip;]<\/p>\n","protected":false},"author":1,"featured_media":0,"comment_status":"open","ping_status":"open","sticky":false,"template":"","format":"standard","meta":{"_bbp_topic_count":0,"_bbp_reply_count":0,"_bbp_total_topic_count":0,"_bbp_total_reply_count":0,"_bbp_voice_count":0,"_bbp_anonymous_reply_count":0,"_bbp_topic_count_hidden":0,"_bbp_reply_count_hidden":0,"_bbp_forum_subforum_count":0,"footnotes":""},"categories":[35,60],"tags":[],"class_list":{"0":"post-292323","1":"post","2":"type-post","3":"status-publish","4":"format-standard","6":"category-economia","7":"category-titulares-del-dia"},"_links":{"self":[{"href":"https:\/\/primermomento.com\/index.php?rest_route=\/wp\/v2\/posts\/292323","targetHints":{"allow":["GET"]}}],"collection":[{"href":"https:\/\/primermomento.com\/index.php?rest_route=\/wp\/v2\/posts"}],"about":[{"href":"https:\/\/primermomento.com\/index.php?rest_route=\/wp\/v2\/types\/post"}],"author":[{"embeddable":true,"href":"https:\/\/primermomento.com\/index.php?rest_route=\/wp\/v2\/users\/1"}],"replies":[{"embeddable":true,"href":"https:\/\/primermomento.com\/index.php?rest_route=%2Fwp%2Fv2%2Fcomments&post=292323"}],"version-history":[{"count":0,"href":"https:\/\/primermomento.com\/index.php?rest_route=\/wp\/v2\/posts\/292323\/revisions"}],"wp:attachment":[{"href":"https:\/\/primermomento.com\/index.php?rest_route=%2Fwp%2Fv2%2Fmedia&parent=292323"}],"wp:term":[{"taxonomy":"category","embeddable":true,"href":"https:\/\/primermomento.com\/index.php?rest_route=%2Fwp%2Fv2%2Fcategories&post=292323"},{"taxonomy":"post_tag","embeddable":true,"href":"https:\/\/primermomento.com\/index.php?rest_route=%2Fwp%2Fv2%2Ftags&post=292323"}],"curies":[{"name":"wp","href":"https:\/\/api.w.org\/{rel}","templated":true}]}}