{"id":292332,"date":"2017-07-27T08:20:25","date_gmt":"2017-07-27T12:20:25","guid":{"rendered":"http:\/\/primermomento.com\/?p=292332"},"modified":"2017-07-27T08:20:59","modified_gmt":"2017-07-27T12:20:59","slug":"inmigracion-arresto-a-mas-de-100-entre-ellos-dominicanos","status":"publish","type":"post","link":"https:\/\/primermomento.com\/?p=292332","title":{"rendered":"Inmigraci\u00f3n arrest\u00f3 a m\u00e1s de 100 entre ellos dominicanos"},"content":{"rendered":"<div id=\"m_8190248430782770385yui_3_16_0_ym19_1_1501126187531_13348\"><span id=\"m_8190248430782770385yui_3_16_0_ym19_1_1501126187531_13351\" lang=\"ES-US\">NUEVA YORK, Nueva York.- El Servicio de Inmigracion y Control de Aduanas arrest\u00f3 en los \u00faltimos d\u00edas a 114 inmigrantes entre Manhattan y Queens, siendo 15 de ellos dominicanos\u00a0 y el resto pertenece a 35 pa\u00edses.<u><\/u><u><\/u><\/span><\/div>\n<div id=\"m_8190248430782770385yui_3_16_0_ym19_1_1501126187531_13353\"><span id=\"m_8190248430782770385yui_3_16_0_ym19_1_1501126187531_13354\" lang=\"ES-US\"><u><\/u>\u00a0<u><\/u><\/span><\/div>\n<div id=\"m_8190248430782770385yui_3_16_0_ym19_1_1501126187531_13356\"><span id=\"m_8190248430782770385yui_3_16_0_ym19_1_1501126187531_13357\" lang=\"ES-US\"><img loading=\"lazy\" decoding=\"async\" class=\"size-medium wp-image-287441 alignright\" src=\"http:\/\/primermomento.com\/wp-content\/uploads\/2017\/02\/inmigracion-operativos-300x145.jpg\" alt=\"\" width=\"300\" height=\"145\" srcset=\"https:\/\/primermomento.com\/wp-content\/uploads\/2017\/02\/inmigracion-operativos-300x145.jpg 300w, https:\/\/primermomento.com\/wp-content\/uploads\/2017\/02\/inmigracion-operativos-500x241.jpg 500w, https:\/\/primermomento.com\/wp-content\/uploads\/2017\/02\/inmigracion-operativos-280x135.jpg 280w, https:\/\/primermomento.com\/wp-content\/uploads\/2017\/02\/inmigracion-operativos-118x57.jpg 118w, https:\/\/primermomento.com\/wp-content\/uploads\/2017\/02\/inmigracion-operativos-479x231.jpg 479w, https:\/\/primermomento.com\/wp-content\/uploads\/2017\/02\/inmigracion-operativos.jpg 524w\" sizes=\"auto, (max-width: 300px) 100vw, 300px\" \/>El ICE realiz\u00f3 los arrestos en una operaci\u00f3n de 11 d\u00edas que concluy\u00f3 el pasado s\u00e1bado. F<\/span><span id=\"m_8190248430782770385yui_3_16_0_ym19_1_1501126187531_13358\" lang=\"ES-US\">ue similar al realizado en junio pasado en Nueva Jersey donde arrestaron 113 inmigrantes.<\/span><span id=\"m_8190248430782770385yui_3_16_0_ym19_1_1501126187531_13359\" lang=\"ES-US\"><u><\/u><u><\/u><\/span><\/div>\n<div id=\"m_8190248430782770385yui_3_16_0_ym19_1_1501126187531_13361\"><span id=\"m_8190248430782770385yui_3_16_0_ym19_1_1501126187531_13362\" lang=\"ES-US\"><u><\/u>\u00a0<u><\/u><\/span><\/div>\n<div id=\"m_8190248430782770385yui_3_16_0_ym19_1_1501126187531_13364\"><span id=\"m_8190248430782770385yui_3_16_0_ym19_1_1501126187531_13365\" lang=\"ES-US\">11 de los apresados ahora tendr\u00e1n que comparecer ante el fiscal federal por haber entrado nuevamente a territorio estadounidense, luego de ser deportados, un delito que puede conducir hasta 20 a\u00f1os de prisi\u00f3n, informa el ICE.<u><\/u><u><\/u><\/span><\/div>\n<div><\/div>\n<div id=\"m_8190248430782770385yui_3_16_0_ym19_1_1501126187531_13367\"><span id=\"m_8190248430782770385yui_3_16_0_ym19_1_1501126187531_13368\" lang=\"ES-US\">Seg\u00fan el ICE, las detenciones fueron contra individuos con antecedentes criminales. 82 de ellos tienen historial criminal con condenas anteriores por agresiones sexuales, ofensas por drogas y fraude, y 15 de ellos tienen cargos criminales pendientes y 37 \u00f3rdenes finales de deportaci\u00f3n.<u><\/u><u><\/u><\/span><\/div>\n<div><\/div>\n<div id=\"m_8190248430782770385yui_3_16_0_ym19_1_1501126187531_13370\"><span id=\"m_8190248430782770385yui_3_16_0_ym19_1_1501126187531_13371\" lang=\"ES-US\">Entre los detenidos tambi\u00e9n figuran 21 de M\u00e9xico, 16 de Ecuador, seis de El Salvador, cinco de Guatemala, cuatro de Honduras, tres de Colombia y uno de Costa Rica, entre otros.<\/span><\/div>\n<div><\/div>\n<div style=\"text-align: right;\"><span style=\"color: #ff0000;\">Ram\u00f3n Mercedes<\/span><\/div>\n","protected":false},"excerpt":{"rendered":"<p>NUEVA YORK, Nueva York.- El Servicio de Inmigracion y Control de Aduanas arrest\u00f3 en los \u00faltimos d\u00edas a 114 inmigrantes entre Manhattan y Queens, siendo 15 de ellos dominicanos\u00a0 y el resto pertenece a 35 pa\u00edses. \u00a0 El ICE realiz\u00f3 los arrestos en una operaci\u00f3n de 11 d\u00edas que concluy\u00f3 el pasado s\u00e1bado. Fue similar [&hellip;]<\/p>\n","protected":false},"author":1,"featured_media":0,"comment_status":"open","ping_status":"open","sticky":false,"template":"","format":"standard","meta":{"_bbp_topic_count":0,"_bbp_reply_count":0,"_bbp_total_topic_count":0,"_bbp_total_reply_count":0,"_bbp_voice_count":0,"_bbp_anonymous_reply_count":0,"_bbp_topic_count_hidden":0,"_bbp_reply_count_hidden":0,"_bbp_forum_subforum_count":0,"footnotes":""},"categories":[60,32],"tags":[],"class_list":{"0":"post-292332","1":"post","2":"type-post","3":"status-publish","4":"format-standard","6":"category-titulares-del-dia","7":"category-lo-ultimo"},"_links":{"self":[{"href":"https:\/\/primermomento.com\/index.php?rest_route=\/wp\/v2\/posts\/292332","targetHints":{"allow":["GET"]}}],"collection":[{"href":"https:\/\/primermomento.com\/index.php?rest_route=\/wp\/v2\/posts"}],"about":[{"href":"https:\/\/primermomento.com\/index.php?rest_route=\/wp\/v2\/types\/post"}],"author":[{"embeddable":true,"href":"https:\/\/primermomento.com\/index.php?rest_route=\/wp\/v2\/users\/1"}],"replies":[{"embeddable":true,"href":"https:\/\/primermomento.com\/index.php?rest_route=%2Fwp%2Fv2%2Fcomments&post=292332"}],"version-history":[{"count":0,"href":"https:\/\/primermomento.com\/index.php?rest_route=\/wp\/v2\/posts\/292332\/revisions"}],"wp:attachment":[{"href":"https:\/\/primermomento.com\/index.php?rest_route=%2Fwp%2Fv2%2Fmedia&parent=292332"}],"wp:term":[{"taxonomy":"category","embeddable":true,"href":"https:\/\/primermomento.com\/index.php?rest_route=%2Fwp%2Fv2%2Fcategories&post=292332"},{"taxonomy":"post_tag","embeddable":true,"href":"https:\/\/primermomento.com\/index.php?rest_route=%2Fwp%2Fv2%2Ftags&post=292332"}],"curies":[{"name":"wp","href":"https:\/\/api.w.org\/{rel}","templated":true}]}}